{"id":19376,"date":"2023-04-28T12:48:02","date_gmt":"2023-04-28T15:48:02","guid":{"rendered":"https:\/\/grandepremio.com\/es\/2023\/04\/28\/formula-1-verstappen-clasificacion-baku-segundo\/"},"modified":"2023-04-28T12:53:11","modified_gmt":"2023-04-28T15:53:11","slug":"formula-1-verstappen-clasificacion-baku-segundo","status":"publish","type":"post","link":"https:\/\/grandepremio.com\/es\/f1\/formula-1-verstappen-clasificacion-baku-segundo\/","title":{"rendered":"Verstappen lamenta su estrategia que lo clasific\u00f3  segundo en Bak\u00fa: &#8220;Probamos algo diferente&#8221;"},"content":{"rendered":"\n<p class=\"wp-block-paragraph\"><strong>Max Verstappen<\/strong> se qued\u00f3 a las puertas de la pole position en <strong>Bak\u00fa<\/strong> el viernes. El neerland\u00e9s de <strong>Red Bull<\/strong> <a href=\"https:\/\/grandepremio.com\/es\/\/f1\/charles-leclerc-pole-azerbaiyan-formula-1\/\">se qued\u00f3 a 0s188 de <strong>Charles Leclerc<\/strong><\/a> de Ferrari, pero saldr\u00e1 desde la segunda posici\u00f3n en la cuarta prueba de la temporada 2023 de <strong>F\u00f3rmula 1<\/strong>.<\/p>\n\n\n\n<p class=\"wp-block-paragraph\"><strong>\u00a1Conoce el canal de Grande Pr\u00eamio en Espa\u00f1ol en\u00a0<a href=\"https:\/\/www.youtube.com\/channel\/UCDxWojGVUi9gWYhrY0pGbIQ\" target=\"_blank\" rel=\"noreferrer noopener\">YouTube<\/a>!<br>\u00a1Sigue a\u00a0Grande Pr\u00eamio en Espa\u00f1ol\u00a0en\u00a0<a href=\"https:\/\/twitter.com\/grandepremioES\" target=\"_blank\" rel=\"noreferrer noopener\">Twitter\u00a0<\/a>y en\u00a0<a href=\"https:\/\/www.instagram.com\/grandepremioes\/\" target=\"_blank\" rel=\"noreferrer noopener\">Instagram<\/a>!<\/strong><\/p>\n\n\n\n<p class=\"wp-block-paragraph\"><strong>Verstappen y Leclerc estuvieron cerca de repetir el empate en tiempos por vuelta<\/strong> con un crono de 1min40s455 al igual que <a href=\"https:\/\/grandepremio.com\/es\/\/f1\/jaques-villeneuve-gana-titulo-michael-schumacher-jerez\/\">Jacques Villeneuve, Heinz-Harald Frentzen y Michael Schumacher en el famoso <strong>GP de Jerez de 1997<\/strong><\/a>. <\/p>\n\n\n\n<p class=\"wp-block-paragraph\">La sesi\u00f3n fue bastante larga, con varios incidentes, y <strong>Verstappen lament\u00f3 su actuaci\u00f3n a pesar de haber realizado una gran sesi\u00f3n de entrenamientos<\/strong>. &#8220;Siempre es dif\u00edcil aqu\u00ed, pero creo que lo que pes\u00f3 al final fue en nuestra segunda salida, cuando intentamos algo diferente, pero no fue suficiente&#8221;.<\/p>\n\n\n\n<figure class=\"wp-block-image size-large\"><img decoding=\"async\" src=\"https:\/\/www.grandepremio.com\/br\/wp-content\/uploads\/2023\/04\/redbull-maxverstappen-01-4-1024x683.jpg\" alt=\"\" class=\"wp-image-675825\"\/><figcaption class=\"wp-element-caption\">Max Verstappen se qued\u00f3 a 0s188 de la pole position de Leclerc en Bak\u00fa (Foto: Red Bull Content Pool)<\/figcaption><\/figure>\n\n\n\n<p class=\"wp-block-paragraph\">Para Verstappen el objetivo era hacer una gran vuelta, pero no fue suficiente para batir a Leclerc. &#8220;Siempre quieres salir delante pero en la Q3, el piloto est\u00e1 al l\u00edmite y hacerlo todo perfecto no es nada f\u00e1cil. Pero en general, no est\u00e1 mal&#8221;, se defendi\u00f3.<\/p>\n\n\n\n<p class=\"wp-block-paragraph\">L\u00edder de la temporada con 69 puntos, <strong>Verstappen sabe que su RB19 es especial<\/strong>, y est\u00e1 dispuesto a ajustar cuentas con su desajuste en clasificaci\u00f3n. &#8220;Somos segundos, tenemos un auto muy bueno y tendremos que adelantar a un solo coche. <strong>Estoy deseando ver qu\u00e9 podemos hacer y qu\u00e9 mejorar para ma\u00f1ana<\/strong>&#8220;, a\u00f1adi\u00f3 Verstappen.<\/p>\n\n\n\n<p class=\"wp-block-paragraph\">La acci\u00f3n continuar\u00e1 este s\u00e1bado con las actividades en torno a la carrera sprint.\u00a0<strong>Grande Pr\u00eamio en Espa\u00f1ol<\/strong>\u00a0sigue\u00a0<strong>EN VIVO Y EN TIEMPO REAL<\/strong>\u00a0todas las actividades del Mundial de\u00a0<a href=\"https:\/\/grandepremio.com\/es\/\/f1\/\" target=\"_blank\" rel=\"noreferrer noopener\"><\/a><a href=\"https:\/\/grandepremio.com\/es\/\/f1\/\" target=\"_blank\" rel=\"noreferrer noopener\"><\/a><a href=\"https:\/\/grandepremio.com\/es\/\/f1\/\" target=\"_blank\" rel=\"noreferrer noopener\"><\/a><a href=\"https:\/\/grandepremio.com\/es\/\/f1\/\" target=\"_blank\" rel=\"noreferrer noopener\"><\/a><a href=\"https:\/\/grandepremio.com\/es\/\/f1\/\" target=\"_blank\" rel=\"noreferrer noopener\">F\u00f3rmula 1<\/a>.<\/p>\n","protected":false},"excerpt":{"rendered":"<p>El bicampe\u00f3n del mundo de F1 se qued\u00f3 a s\u00f3lo 0s188 del poleman Charles Leclerc. Lament\u00f3 su error en la segunda salida que le quit\u00f3 la posibilidad de quedarse con la pole en Azerbaiy\u00e1n.<\/p>\n","protected":false},"author":0,"featured_media":1000675843,"comment_status":"closed","ping_status":"closed","sticky":false,"template":"","format":"standard","meta":{"42wp_featured_image_caption":"","42wp_featured_image_credits":"","42wp_featured_video":"","42wp_featured_image_hidden":false,"42wp_authors_list":[],"footnotes":""},"categories":[5],"tags":[1385,1393,3458,181,179,1386,1488,2237,249,4224,206,3610,415,1511,290,3540,1914],"42wp_author":[14235],"class_list":["post-19376","post","type-post","status-publish","format-standard","has-post-thumbnail","hentry","category-f1","tag-azerbaiyan","tag-baku","tag-bicampeonato-verstappen","tag-f1","tag-formula-1","tag-gp-de-azerbaiyan","tag-grande-premio","tag-grandepremio","tag-max-verstappen","tag-rb19","tag-red-bull","tag-red-bull-campeon","tag-red-bull-racing","tag-red-bull-formula-1","tag-verstappen","tag-verstappen-bicampeon","tag-verstappen-campeon","42wp_author-barbara-mincioni"],"_links":{"self":[{"href":"https:\/\/grandepremio.com\/es\/wp-json\/wp\/v2\/posts\/19376","targetHints":{"allow":["GET"]}}],"collection":[{"href":"https:\/\/grandepremio.com\/es\/wp-json\/wp\/v2\/posts"}],"about":[{"href":"https:\/\/grandepremio.com\/es\/wp-json\/wp\/v2\/types\/post"}],"replies":[{"embeddable":true,"href":"https:\/\/grandepremio.com\/es\/wp-json\/wp\/v2\/comments?post=19376"}],"version-history":[{"count":0,"href":"https:\/\/grandepremio.com\/es\/wp-json\/wp\/v2\/posts\/19376\/revisions"}],"wp:featuredmedia":[{"embeddable":true,"href":"https:\/\/grandepremio.com\/es\/wp-json\/wp\/v2\/media\/1000675843"}],"wp:attachment":[{"href":"https:\/\/grandepremio.com\/es\/wp-json\/wp\/v2\/media?parent=19376"}],"wp:term":[{"taxonomy":"category","embeddable":true,"href":"https:\/\/grandepremio.com\/es\/wp-json\/wp\/v2\/categories?post=19376"},{"taxonomy":"post_tag","embeddable":true,"href":"https:\/\/grandepremio.com\/es\/wp-json\/wp\/v2\/tags?post=19376"},{"taxonomy":"42wp_author","embeddable":true,"href":"https:\/\/grandepremio.com\/es\/wp-json\/wp\/v2\/42wp_author?post=19376"}],"curies":[{"name":"wp","href":"https:\/\/api.w.org\/{rel}","templated":true}]}}