{"id":19393,"date":"2023-04-26T17:01:39","date_gmt":"2023-04-26T20:01:39","guid":{"rendered":"https:\/\/grandepremio.com\/es\/2023\/04\/26\/formula-1-alpine-suelo-azerbaiyan\/"},"modified":"2023-04-26T17:16:27","modified_gmt":"2023-04-26T20:16:27","slug":"formula-1-alpine-suelo-azerbaiyan","status":"publish","type":"post","link":"https:\/\/grandepremio.com\/es\/f1\/formula-1-alpine-suelo-azerbaiyan\/","title":{"rendered":"Alpine confirma nuevo suelo para Bak\u00fa y anticipa novedades para Miami e \u00cdmola"},"content":{"rendered":"\n<p class=\"wp-block-paragraph\"><strong>Alpine<\/strong> ha confirmado que introducir\u00e1 actualizaciones en el <strong>A523<\/strong> en la pr\u00f3xima cita de la <strong>F\u00f3rmula 1<\/strong>, el <strong>GP de Azerbaiy\u00e1n<\/strong> de este fin de semana. Seg\u00fan el Director t\u00e9cnico <strong>Matt Harman<\/strong>, la primera preocupaci\u00f3n de la escuder\u00eda era <strong>asegurarse de que <a href=\"https:\/\/grandepremio.com\/es\/\/f1\/alpine-admite-contrarreloj-listos-coches-baku\/\">el plan de desarrollo no se viera afectado<\/a> por el doble accidente entre Pierre Gasly y Esteban Ocon<\/strong> en el <strong>GP de Australia<\/strong>. Sin embargo el director cree que el problema se ha controlado con \u00e9xito.<\/p>\n\n\n\n<p class=\"wp-block-paragraph\"><strong><strong>\u00a1Conoce el canal de Grande Pr\u00eamio en Espa\u00f1ol en\u00a0<a href=\"https:\/\/www.youtube.com\/channel\/UCDxWojGVUi9gWYhrY0pGbIQ\" target=\"_blank\" rel=\"noreferrer noopener\">YouTube<\/a>!<br>\u00a1Sigue a\u00a0Grande Pr\u00eamio en Espa\u00f1ol\u00a0en\u00a0<a href=\"https:\/\/twitter.com\/grandepremioES\" target=\"_blank\" rel=\"noreferrer noopener\">Twitter\u00a0<\/a>y en\u00a0<a href=\"https:\/\/www.instagram.com\/grandepremioes\/\" target=\"_blank\" rel=\"noreferrer noopener\">Instagram<\/a>!<\/strong><\/strong><\/p>\n\n\n\n<p class=\"wp-block-paragraph\">&#8220;Est\u00e1 claro que sufrimos algunos da\u00f1os tras el <a href=\"https:\/\/grandepremio.com\/es\/\/f1\/alpine-evita-culpables-doble-abandono-australia-caos-total\/\">desafortunado incidente de Australia<\/a>&#8220;, explic\u00f3 Harman. &#8220;<strong>Tuvimos que gestionar las consecuencias con cuidado<\/strong>, pero nos recompusimos r\u00e1pidamente y reaccionamos muy bien en este par\u00f3n para recuperarnos&#8221;, asegur\u00f3.<\/p>\n\n\n\n<figure class=\"wp-block-image aligncenter size-full is-resized\"><img loading=\"lazy\" decoding=\"async\" src=\"https:\/\/www.grandepremio.com\/br\/wp-content\/uploads\/2023\/04\/GAS-1.jpg\" alt=\"\" class=\"wp-image-668894\" width=\"828\" height=\"533\"\/><figcaption class=\"wp-element-caption\">El accidente entre ambos Alpine preocup\u00f3 al equipo en t\u00e9rminos de desarrollo (Foto: Reprodu\u00e7\u00e3o\/F1TV)<\/figcaption><\/figure>\n\n\n\n<p class=\"wp-block-paragraph\">Despu\u00e9s de asegurar que el accidente no afectar\u00eda la temporada del equipo, Alpine destac\u00f3 que tendr\u00e1 un <strong>nuevo suelo en su coche en la pr\u00f3xima prueba<\/strong> en Bak\u00fa, antes de nuevas actualizaciones tambi\u00e9n en <strong>Miami<\/strong> e <strong>\u00cdmola<\/strong>. Adem\u00e1s el director asegur\u00f3 que el ritmo de actualizaciones seguir\u00e1 siendo intenso durante todo el a\u00f1o.<\/p>\n\n\n\n<p class=\"wp-block-paragraph\">&#8220;Llevaremos un nuevo <em>floorpan<\/em> a Bak\u00fa, entre otros elementos aerodin\u00e1micos y mec\u00e1nicos&#8221;, anunci\u00f3. &#8220;Luego <strong>tendremos un nuevo avance de desarrollo en la pr\u00f3xima carrera en Miami<\/strong> y despu\u00e9s <strong>una vez m\u00e1s en \u00cdmola<\/strong>. Este avance constante continuar\u00e1 durante toda la temporada, con <strong>nuevas actualizaciones programadas en la mayor\u00eda de los eventos<\/strong>&#8220;, destac\u00f3.<\/p>\n\n\n\n<p class=\"wp-block-paragraph\">Seg\u00fan Harman, las pr\u00f3ximas actualizaciones del coche franc\u00e9s <strong>aportar\u00e1n una ganancia de velocidad significativa<\/strong>, aunque por debajo de lo que se ha especulado. Por otro lado el desarrollo constante es la \u00fanica forma de lograr la evoluci\u00f3n que pretende Alpine.<\/p>\n\n\n\n<figure class=\"wp-block-image size-large\"><img decoding=\"async\" src=\"https:\/\/www.grandepremio.com\/br\/wp-content\/uploads\/2023\/04\/alpine-pierregasly-03-1024x684.jpg\" alt=\"\" class=\"wp-image-668720\"\/><figcaption class=\"wp-element-caption\">Gasly tinha ritmo forte e andava em quinto, mas acidente no fim destruiu sua corrida (Foto: Alpine)<\/figcaption><\/figure>\n\n\n\n<p class=\"wp-block-paragraph\">&#8220;A corto plazo <strong>lo que tenemos para Bak\u00fa, Miami e \u00cdmola es un paso adelante razonable aunque no sea tan significativo<\/strong> y es importante que mantengamos este nivel de desarrollo agresivo si queremos seguir avanzando en nuestras expectativas de rendimiento&#8221;, continu\u00f3.<\/p>\n\n\n\n<p class=\"wp-block-paragraph\">&#8220;<strong>Hay que dar cr\u00e9dito al trabajo entre bastidores en las dos f\u00e1bricas, en Viry y Enstone <\/strong>que han cumplido los objetivos de desarrollo y est\u00e1n encontrando mejoras para hacer el coche m\u00e1s r\u00e1pido&#8221;, finaliz\u00f3.<\/p>\n\n\n\n<p class=\"wp-block-paragraph\"><strong>Alpine<\/strong> suma ocho puntos tras las tres primeras carreras del a\u00f1o y se sit\u00faan sextos en el <strong>Mundial de Constructores<\/strong>. Ocon y Gasly tienen cuatro puntos cada uno en el Campeonato de Pilotos, 12\u00ba y 14\u00ba respectivamente.<\/p>\n\n\n\n<p class=\"wp-block-paragraph\">El\u00a0<strong>GP de Azerbaiy\u00e1n<\/strong>\u00a0de\u00a0<strong>F\u00f3rmula 1<\/strong>\u00a0se celebrar\u00e1 el fin de semana del 28 al 30 de abril.\u00a0<strong>GRANDE PR\u00caMIO en Espa\u00f1ol<\/strong>\u00a0sigue toda la actividad <strong>EN DIRECTO<\/strong> y en <strong>TIEMPO REAL<\/strong>.\u00a0<\/p>\n","protected":false},"excerpt":{"rendered":"<p>El director t\u00e9cnico de Alpine, Matt Harman, confirm\u00f3 que el equipo tendr\u00e1 un nuevo suelo en el GP de Azerbaiy\u00e1n. Adem\u00e1s han anunciado novedades para las dos pr\u00f3ximas carreras, en Miami y Emilia Roma\u00f1a.<\/p>\n","protected":false},"author":0,"featured_media":1000668744,"comment_status":"closed","ping_status":"closed","sticky":false,"template":"","format":"standard","meta":{"42wp_featured_image_caption":"","42wp_featured_image_credits":"","42wp_featured_video":"","42wp_featured_image_hidden":false,"42wp_authors_list":[],"footnotes":""},"categories":[5],"tags":[678,5691,679,1385,362,181,179,685,5164,1386,1488,2237,583,5701,427,3523],"42wp_author":[14235],"class_list":["post-19393","post","type-post","status-publish","format-standard","has-post-thumbnail","hentry","category-f1","tag-alpine","tag-alpine-a523","tag-alpine-f1","tag-azerbaiyan","tag-esteban-ocon","tag-f1","tag-formula-1","tag-gasly","tag-gasly-x-ocon","tag-gp-de-azerbaiyan","tag-grande-premio","tag-grandepremio","tag-ocon","tag-ocon-gasly","tag-pierre-gasly","tag-pierre-gasly-y-esteban-ocon","42wp_author-barbara-mincioni"],"_links":{"self":[{"href":"https:\/\/grandepremio.com\/es\/wp-json\/wp\/v2\/posts\/19393","targetHints":{"allow":["GET"]}}],"collection":[{"href":"https:\/\/grandepremio.com\/es\/wp-json\/wp\/v2\/posts"}],"about":[{"href":"https:\/\/grandepremio.com\/es\/wp-json\/wp\/v2\/types\/post"}],"replies":[{"embeddable":true,"href":"https:\/\/grandepremio.com\/es\/wp-json\/wp\/v2\/comments?post=19393"}],"version-history":[{"count":0,"href":"https:\/\/grandepremio.com\/es\/wp-json\/wp\/v2\/posts\/19393\/revisions"}],"wp:featuredmedia":[{"embeddable":true,"href":"https:\/\/grandepremio.com\/es\/wp-json\/wp\/v2\/media\/1000668744"}],"wp:attachment":[{"href":"https:\/\/grandepremio.com\/es\/wp-json\/wp\/v2\/media?parent=19393"}],"wp:term":[{"taxonomy":"category","embeddable":true,"href":"https:\/\/grandepremio.com\/es\/wp-json\/wp\/v2\/categories?post=19393"},{"taxonomy":"post_tag","embeddable":true,"href":"https:\/\/grandepremio.com\/es\/wp-json\/wp\/v2\/tags?post=19393"},{"taxonomy":"42wp_author","embeddable":true,"href":"https:\/\/grandepremio.com\/es\/wp-json\/wp\/v2\/42wp_author?post=19393"}],"curies":[{"name":"wp","href":"https:\/\/api.w.org\/{rel}","templated":true}]}}