{"id":19398,"date":"2023-04-26T10:39:56","date_gmt":"2023-04-26T13:39:56","guid":{"rendered":"https:\/\/grandepremio.com\/es\/2023\/04\/26\/motogp-cancelacion-gp-kazajistan-2023\/"},"modified":"2023-04-26T10:39:59","modified_gmt":"2023-04-26T13:39:59","slug":"motogp-cancelacion-gp-kazajistan-2023","status":"publish","type":"post","link":"https:\/\/grandepremio.com\/es\/motogp\/motogp-cancelacion-gp-kazajistan-2023\/","title":{"rendered":"MotoGP cita &#8220;homologaci\u00f3n y desaf\u00edos operacionales&#8221; para cancelar GP de Kazajist\u00e1n"},"content":{"rendered":"\n<p class=\"wp-block-paragraph\">El calendario de MotoGP sufri\u00f3 una baja. La<strong> FIM (Federaci\u00f3n Internacional de Motociclismo)<\/strong>, la<strong> IRTA (International Racing Teams Association) y<\/strong> <strong>Dorna<\/strong>, promotor del campeonato, anunciaron este mi\u00e9rcoles la cancelaci\u00f3n del GP de Kazaijst\u00e1n.<\/p>\n\n\n\n<p class=\"wp-block-paragraph\">Estaba previsto que la carrera en Sokol se estrenara este a\u00f1o, programada para el fin de semana del 9 de julio, pero el circuito segu\u00eda dependiendo de la homologaci\u00f3n de la FIM. En el comunicado, adem\u00e1s de la aprobaci\u00f3n de la pista por el organismo competente, la organizaci\u00f3n del Mundial admite &#8220;desaf\u00edos log\u00edsticos&#8221;.<\/p>\n\n\n\n<p class=\"wp-block-paragraph\"><strong><strong>\u00a1Conoce el canal de Grande Pr\u00eamio en Espa\u00f1ol en\u00a0<a href=\"https:\/\/www.youtube.com\/channel\/UCDxWojGVUi9gWYhrY0pGbIQ\" target=\"_blank\" rel=\"noreferrer noopener\">YouTube<\/a>!<br>\u00a1Sigue a\u00a0Grande Pr\u00eamio en Espa\u00f1ol\u00a0en\u00a0<a href=\"https:\/\/twitter.com\/grandepremioES\" target=\"_blank\" rel=\"noreferrer noopener\">Twitter\u00a0<\/a>y en\u00a0<a href=\"https:\/\/www.instagram.com\/grandepremioes\/\" target=\"_blank\" rel=\"noreferrer noopener\">Instagram<\/a>!<\/strong><\/strong><\/p>\n\n\n\n<figure class=\"wp-block-image size-large\"><img decoding=\"async\" src=\"https:\/\/www.grandepremio.com\/br\/wp-content\/uploads\/2022\/09\/Sokol-Cazaquistao-1024x576.jpg\" alt=\"\" class=\"wp-image-618047\"\/><figcaption class=\"wp-element-caption\">MotoGP mostr\u00f3 intenciones de correr en Kazajist\u00e1n en 2024  (Foto: Divulgaci\u00f3n\/MotoGP)<\/figcaption><\/figure>\n\n\n\n<p class=\"wp-block-paragraph\">&#8220;La FIM, IRTA y Dorna Sports pueden confirmar la cancelaci\u00f3n del GP de Kazajist\u00e1n 2023. Los trabajos en curso para la homologaci\u00f3n del circuito, junto con los actuales desaf\u00edos operativos globales, han forzado la cancelaci\u00f3n del evento de 2023&#8221;, expresa el comunicado. &#8220;MotoGP est\u00e1 deseando visitar el Circuito Internacional de Sokol en 2024 para dar la bienvenida a una nueva regi\u00f3n en el calendario. El evento no ser\u00e1 sustituido en 2023&#8221;, a\u00f1adi\u00f3 la misiva.<\/p>\n\n\n\n<p class=\"wp-block-paragraph\">Aparte de la baja de la carrera kazaja, tambi\u00e9n hay una amenazada en el calendario. El trazado de Buddh tambi\u00e9n depende de la homologaci\u00f3n para el GP de la India. Sin embargo, el proceso se enfrenta a dificultades tras el cambio de propietario del aut\u00f3dromo.<\/p>\n\n\n\n<p class=\"wp-block-paragraph\"><strong>MotoGP &#8211; Calendario 2023 <\/strong><\/p>\n\n\n\n<figure class=\"wp-block-table\"><table><tbody><tr><td><strong>FECHA<\/strong><\/td><td><strong>PRUEBA<\/strong><\/td><td><strong>CIRCUITO<\/strong><\/td><\/tr><tr><td><strong>26\/3<\/strong><\/td><td>GP DE PORTUGAL<\/td><td>PORTIM\u00c3O<\/td><\/tr><tr><td><strong>2\/4<\/strong><\/td><td>GP DE ARGENTINA<\/td><td>TERMAS DE R\u00cdO HONDO<\/td><\/tr><tr><td><strong>16\/4<\/strong><\/td><td>GP DE LAS AM\u00c9RICAS<\/td><td>CIRCUITO DE LAS AM\u00c9RICAS<\/td><\/tr><tr><td><strong>30\/4<\/strong><\/td><td>GP DE ESPA\u00d1A<\/td><td>JEREZ DE LA FRONTERA<\/td><\/tr><tr><td><strong>14\/5<\/strong><\/td><td>GP DE FRANCIA<\/td><td>LE MANS<\/td><\/tr><tr><td><strong>11\/6<\/strong><\/td><td>GP DE ITALIA<\/td><td>MUGELLO<\/td><\/tr><tr><td><strong>18\/6<\/strong><\/td><td>GP DE ALEMANIA<\/td><td>SACHSENRING<\/td><\/tr><tr><td><strong>25\/6<\/strong><\/td><td>GP DE HOLANDA<\/td><td>ASSEN<\/td><\/tr><tr><td><strong>6\/8<\/strong><\/td><td>GP DE GRAN BRETA\u00d1A<\/td><td>SILVERSTONE<\/td><\/tr><tr><td><strong>20\/8<\/strong><\/td><td>GP DE AUSTRIA<\/td><td>RED BULL RING<\/td><\/tr><tr><td><strong>3\/9<\/strong><\/td><td>GP DE CATALUNYA<\/td><td>BARCELONA<\/td><\/tr><tr><td><strong>10\/9<\/strong><\/td><td>GP DE SAN MARINO Y DE RIVIERA DE RIMINI<\/td><td>MISANO<\/td><\/tr><tr><td><strong>24\/9<\/strong><\/td><td>GP DE INDIA\u00b9<\/td><td>BUDDH<\/td><\/tr><tr><td><strong>1\/10<\/strong><\/td><td>GP DE JAP\u00d3N<\/td><td>MOTEGI<\/td><\/tr><tr><td><strong>15\/10<\/strong><\/td><td>GP DE INDONESIA<\/td><td>MANDALIKA<\/td><\/tr><tr><td><strong>22\/10<\/strong><\/td><td>GP DE AUSTRALIA<\/td><td>PHILLIP ISLAND<\/td><\/tr><tr><td><strong>29\/10<\/strong><\/td><td>GP DE TAILANDIA<\/td><td>CHANG<\/td><\/tr><tr><td><strong>12\/11<\/strong><\/td><td>GP DE MAL\u00c1SIA<\/td><td>SEPANG<\/td><\/tr><tr><td><strong>19\/11<\/strong><\/td><td>GP DE QATAR\u00b2<\/td><td>LUSAIL<\/td><\/tr><tr><td><strong>26\/11<\/strong><\/td><td>GP DE COMUNIDAD VALENCIANA<\/td><td>RICARDO TORMO<\/td><\/tr><\/tbody><\/table><\/figure>\n\n\n\n<p class=\"wp-block-paragraph\">\u00b9 Pendiente de homologaci\u00f3n de FIM<br>\u00b2 Prueba nocturna<\/p>\n","protected":false},"excerpt":{"rendered":"<p>FIM, IRTA y Dorna anunciaron este mi\u00e9rcoles la cancelaci\u00f3n del GP de Kazajist\u00e1n de MotoGP, que estaba programado para el 9 de julio. La previsi\u00f3n es que la carrera se dispute en 2024.  <\/p>\n","protected":false},"author":0,"featured_media":1010147398,"comment_status":"closed","ping_status":"closed","sticky":false,"template":"","format":"standard","meta":{"42wp_featured_image_caption":"","42wp_featured_image_credits":"","42wp_featured_video":"","42wp_featured_image_hidden":false,"42wp_authors_list":[],"footnotes":""},"categories":[8],"tags":[1678,1448,3429,1293,2657],"42wp_author":[14223],"class_list":["post-19398","post","type-post","status-publish","format-standard","has-post-thumbnail","hentry","category-motogp","tag-dorna","tag-fim","tag-gp-de-kazajistan","tag-motogp","tag-motogp-2023","42wp_author-esteban-nieto"],"_links":{"self":[{"href":"https:\/\/grandepremio.com\/es\/wp-json\/wp\/v2\/posts\/19398","targetHints":{"allow":["GET"]}}],"collection":[{"href":"https:\/\/grandepremio.com\/es\/wp-json\/wp\/v2\/posts"}],"about":[{"href":"https:\/\/grandepremio.com\/es\/wp-json\/wp\/v2\/types\/post"}],"replies":[{"embeddable":true,"href":"https:\/\/grandepremio.com\/es\/wp-json\/wp\/v2\/comments?post=19398"}],"version-history":[{"count":0,"href":"https:\/\/grandepremio.com\/es\/wp-json\/wp\/v2\/posts\/19398\/revisions"}],"wp:featuredmedia":[{"embeddable":true,"href":"https:\/\/grandepremio.com\/es\/wp-json\/wp\/v2\/media\/1010147398"}],"wp:attachment":[{"href":"https:\/\/grandepremio.com\/es\/wp-json\/wp\/v2\/media?parent=19398"}],"wp:term":[{"taxonomy":"category","embeddable":true,"href":"https:\/\/grandepremio.com\/es\/wp-json\/wp\/v2\/categories?post=19398"},{"taxonomy":"post_tag","embeddable":true,"href":"https:\/\/grandepremio.com\/es\/wp-json\/wp\/v2\/tags?post=19398"},{"taxonomy":"42wp_author","embeddable":true,"href":"https:\/\/grandepremio.com\/es\/wp-json\/wp\/v2\/42wp_author?post=19398"}],"curies":[{"name":"wp","href":"https:\/\/api.w.org\/{rel}","templated":true}]}}