{"id":19413,"date":"2023-04-24T14:08:20","date_gmt":"2023-04-24T17:08:20","guid":{"rendered":"https:\/\/grandepremio.com\/es\/2023\/04\/24\/formula-1-albon-williams-incierto\/"},"modified":"2023-04-24T14:19:39","modified_gmt":"2023-04-24T17:19:39","slug":"formula-1-albon-williams-incierto","status":"publish","type":"post","link":"https:\/\/grandepremio.com\/es\/f1\/formula-1-albon-williams-incierto\/","title":{"rendered":"Albon destaca progreso de Williams en un &#8220;inicio incierto&#8221; tras del cambio de mando"},"content":{"rendered":"\n<p class=\"wp-block-paragraph\">A pesar de aparecer en el fondo de la clasificaci\u00f3n despu\u00e9s de las tres primeras carreras de <strong>F\u00f3rmula 1<\/strong>, <strong>Williams<\/strong> est\u00e1 lejos de tener el peor coche de la parrilla. Y el progreso visto principalmente en la primera carrera muestra que el equipo<strong> logr\u00f3 superar bien el momento de incertidumbre <\/strong>despu\u00e9s de <a href=\"https:\/\/grandepremio.com\/es\/\/f1\/williams-anuncia-marcha-jost-capito-jefe-equipo\/\">la salida de <strong>Jost Capito<\/strong><\/a><strong> <\/strong>y la <a href=\"https:\/\/grandepremio.com\/es\/\/f1\/williams-james-vowles-mercedes\/\">llegada de <strong>James Vowles<\/strong><\/a> al mando del equipo de Grove.<\/p>\n\n\n\n<p class=\"wp-block-paragraph\"><strong><strong>\u00a1Conoce el canal de Grande Pr\u00eamio en Espa\u00f1ol en\u00a0<\/strong><a href=\"https:\/\/www.youtube.com\/channel\/UCDxWojGVUi9gWYhrY0pGbIQ\" target=\"_blank\" rel=\"noreferrer noopener\"><strong>YouTube<\/strong><\/a><strong>!<\/strong><br><strong>\u00a1Sigue a Grande Pr\u00eamio en Espa\u00f1ol en\u00a0<\/strong><a href=\"https:\/\/twitter.com\/grandepremioES\" target=\"_blank\" rel=\"noreferrer noopener\"><strong>Twitter\u00a0<\/strong><\/a><strong>y en\u00a0<\/strong><a href=\"https:\/\/www.instagram.com\/grandepremioes\/\" target=\"_blank\" rel=\"noreferrer noopener\"><strong>Instagram<\/strong><\/a><strong>!<\/strong><\/strong><\/p>\n\n\n\n<p class=\"wp-block-paragraph\">La evaluaci\u00f3n fue hecha por <strong>Alexander Albon<\/strong>, responsable del \u00fanico punto de Williams hasta el momento. El anglo-tailand\u00e9s, sin embargo, cruz\u00f3 la l\u00ednea de meta en d\u00e9cimo lugar en el circuito de Sakhir sin ninguna estrategia descabellada y <a href=\"https:\/\/grandepremio.com\/es\/\/f1\/formula-1-albon-celebra-williams-clasificacion-australia\/\">podr\u00eda haber peleado por m\u00e1s en Australia<\/a> si no hubiera chocado.<\/p>\n\n\n\n<p class=\"wp-block-paragraph\">El piloto habl\u00f3 con la prensa sobre el <strong>inicio m\u00e1s s\u00f3lido del equipo ingl\u00e9s en comparaci\u00f3n con el a\u00f1o pasado<\/strong> y fue cuestionado si el resultado lo sorprendi\u00f3, principalmente debido al reciente <a href=\"https:\/\/grandepremio.com\/es\/\/f1\/damon-hill-compara-jefe-williams-ross-brawn\/\">cambio estructural<\/a>. Adem\u00e1s de Capito, <strong>Williams<\/strong> tambi\u00e9n perdi\u00f3 al director t\u00e9cnico <strong>Fran\u00e7ois-Xavier Demaison<\/strong>, cargo que a\u00fan no ha sido ocupado.<\/p>\n\n\n\n<figure class=\"wp-block-image size-full is-resized\"><img loading=\"lazy\" decoding=\"async\" src=\"https:\/\/www.grandepremio.com\/br\/wp-content\/uploads\/2021\/03\/Ev9X1SPWYAEphvU.jpg\" alt=\"JOST CAPITO; WILLIAMS; F\u00d3RMULA 1; F1 2021;\" class=\"wp-image-454353\" width=\"839\" height=\"563\"\/><figcaption class=\"wp-element-caption\">Jost Capito dej\u00f3 Williams y fue sustitu\u00eddo por James Vowles (Foto: Williams)<\/figcaption><\/figure>\n\n\n\n<p class=\"wp-block-paragraph\">&#8220;Es dif\u00edcil saber, para ser honesto&#8221;, comenz\u00f3 Albon. &#8220;<strong>Creo que hicimos buenos progresos durante el invierno, as\u00ed que no hay manera de ocultarlo.<\/strong> Realmente pudimos solucionar algunos puntos d\u00e9biles en nuestro coche. Creo que el a\u00f1o pasado el coche fue bastante limitado. Sab\u00edamos que si arregl\u00e1bamos eso, dar\u00edamos pasos adelante, y lo hicimos&#8221;, agreg\u00f3.<\/p>\n\n\n\n<p class=\"wp-block-paragraph\">&#8220;Por supuesto que, cuando algunas personas se van, trae un poco de incertidumbre, y realmente no sabes d\u00f3nde estar\u00e1s al comienzo del a\u00f1o&#8221;, complet\u00f3 Alex. El piloto #23 fue m\u00e1s espec\u00edfico sobre el <strong>progreso del FW45 <\/strong>en comparaci\u00f3n con su predecesor y destac\u00f3 principalmente la mejora en las curvas, pero todav\u00eda no es nada extraordinario.<\/p>\n\n\n\n<figure class=\"wp-block-embed is-type-video is-provider-youtube wp-block-embed-youtube wp-embed-aspect-16-9 wp-has-aspect-ratio\"><div class=\"wp-block-embed__wrapper\">\n<iframe loading=\"lazy\" title=\"FERRARI  ARRANCA MAL Y AHORA EN M\u00c1S SOLO QUEDA ESPERAR\" width=\"500\" height=\"281\" src=\"https:\/\/www.youtube.com\/embed\/zXDs7mLKjg8?feature=oembed\" frameborder=\"0\" allow=\"accelerometer; autoplay; clipboard-write; encrypted-media; gyroscope; picture-in-picture; web-share\" referrerpolicy=\"strict-origin-when-cross-origin\" allowfullscreen><\/iframe>\n<\/div><\/figure>\n\n\n\n<p class=\"wp-block-paragraph\">&#8220;<strong>El coche parece diferente<\/strong> pero no es tan revolucionario en equilibrio&#8221;, evalu\u00f3. &#8220;Fue evidente cuando fui a Jeddah y al comparar el coche del a\u00f1o pasado con este, <strong>mi velocidad en las curvas ya estaba bastante por encima,<\/strong> y es solo una de esas cosas en las que parece que tengo un coche mejor&#8221;.<\/p>\n\n\n\n<p class=\"wp-block-paragraph\">&#8220;Tambi\u00e9n creo que es el hecho de que algunas escuder\u00edas han sufrido un poco m\u00e1s con el reglamento. <strong>Seguimos mejorando<\/strong> y por supuesto que este cambio nos quit\u00f3 un poco de downforce, <strong>pero creo que lo recuperamos r\u00e1pidamente<\/strong>&#8220;, concluy\u00f3 Albon.<\/p>\n","protected":false},"excerpt":{"rendered":"<p>Williams ha atravesado algunos cambios importantes, como la salida de Jost Capito y la llegada de James Vowles al mando. Alexander Albon admiti\u00f3 que el equipo no escap\u00f3 de un inicio rodeado de incertidumbres en la temporada 2023.<\/p>\n","protected":false},"author":0,"featured_media":1010147073,"comment_status":"closed","ping_status":"closed","sticky":false,"template":"","format":"standard","meta":{"42wp_featured_image_caption":"","42wp_featured_image_credits":"","42wp_featured_video":"","42wp_featured_image_hidden":false,"42wp_authors_list":[],"footnotes":""},"categories":[5],"tags":[288,262,293,181,1676,1799,1222,6885,6884,204,5506,1224],"42wp_author":[14235],"class_list":["post-19413","post","type-post","status-publish","format-standard","has-post-thumbnail","hentry","category-f1","tag-albon","tag-alex-albon","tag-alexander-albon","tag-f1","tag-f1-2023","tag-james-vowles","tag-jost-capito","tag-nuevo-director-en-williams","tag-reestructuracion-en-williams","tag-williams","tag-williams-fw45","tag-williams-racing","42wp_author-barbara-mincioni"],"_links":{"self":[{"href":"https:\/\/grandepremio.com\/es\/wp-json\/wp\/v2\/posts\/19413","targetHints":{"allow":["GET"]}}],"collection":[{"href":"https:\/\/grandepremio.com\/es\/wp-json\/wp\/v2\/posts"}],"about":[{"href":"https:\/\/grandepremio.com\/es\/wp-json\/wp\/v2\/types\/post"}],"replies":[{"embeddable":true,"href":"https:\/\/grandepremio.com\/es\/wp-json\/wp\/v2\/comments?post=19413"}],"version-history":[{"count":0,"href":"https:\/\/grandepremio.com\/es\/wp-json\/wp\/v2\/posts\/19413\/revisions"}],"wp:featuredmedia":[{"embeddable":true,"href":"https:\/\/grandepremio.com\/es\/wp-json\/wp\/v2\/media\/1010147073"}],"wp:attachment":[{"href":"https:\/\/grandepremio.com\/es\/wp-json\/wp\/v2\/media?parent=19413"}],"wp:term":[{"taxonomy":"category","embeddable":true,"href":"https:\/\/grandepremio.com\/es\/wp-json\/wp\/v2\/categories?post=19413"},{"taxonomy":"post_tag","embeddable":true,"href":"https:\/\/grandepremio.com\/es\/wp-json\/wp\/v2\/tags?post=19413"},{"taxonomy":"42wp_author","embeddable":true,"href":"https:\/\/grandepremio.com\/es\/wp-json\/wp\/v2\/42wp_author?post=19413"}],"curies":[{"name":"wp","href":"https:\/\/api.w.org\/{rel}","templated":true}]}}