{"id":19421,"date":"2023-04-23T17:06:49","date_gmt":"2023-04-23T20:06:49","guid":{"rendered":"https:\/\/grandepremio.com\/es\/2023\/04\/23\/rally-evans-vence-croacia-wrc\/"},"modified":"2023-04-23T17:09:00","modified_gmt":"2023-04-23T20:09:00","slug":"rally-evans-vence-croacia-wrc","status":"publish","type":"post","link":"https:\/\/grandepremio.com\/es\/rally\/rally-evans-vence-croacia-wrc\/","title":{"rendered":"Evans gana Rally de Croacia y hace tambalear el campeonato de WRC; Ogier finaliza quinto"},"content":{"rendered":"\n<p class=\"wp-block-paragraph\"><strong>Elfyn Evans<\/strong> gan\u00f3 el <strong>Rally de Croacia<\/strong> y revolucion\u00f3 la lucha por el t\u00edtulo del <strong>WRC<\/strong> 2023. Este domingo, el gal\u00e9s confirm\u00f3 el <a href=\"https:\/\/grandepremio.com\/es\/\/rally\/evans-neuville-lidera-rally-croacia\/\">liderazgo que hered\u00f3 <strong>despu\u00e9s del abandono de Thierry Neuville<\/strong><\/a> el s\u00e1bado y, por lo tanto, <strong>gan\u00f3 la cuarta prueba del a\u00f1o<\/strong>.<\/p>\n\n\n\n<p class=\"wp-block-paragraph\"><strong><strong>\u00a1Conoce el canal de Grande Pr\u00eamio en Espa\u00f1ol en\u00a0<\/strong><a href=\"https:\/\/www.youtube.com\/channel\/UCDxWojGVUi9gWYhrY0pGbIQ\" target=\"_blank\" rel=\"noreferrer noopener\"><strong>YouTube<\/strong><\/a><strong>!<\/strong><br><strong>\u00a1Sigue a Grande Pr\u00eamio en Espa\u00f1ol en\u00a0<\/strong><a href=\"https:\/\/twitter.com\/grandepremioES\" target=\"_blank\" rel=\"noreferrer noopener\"><strong>Twitter\u00a0<\/strong><\/a><strong>y en\u00a0<\/strong><a href=\"https:\/\/www.instagram.com\/grandepremioes\/\" target=\"_blank\" rel=\"noreferrer noopener\"><strong>Instagram<\/strong><\/a><strong>!<\/strong><\/strong><\/p>\n\n\n\n<p class=\"wp-block-paragraph\">A pesar de haber sido dos veces subcampe\u00f3n del WRC, <strong>Evans solo logr\u00f3 su sexta victoria en rallys de su carrera<\/strong>. Sin embargo, el piloto de Toyota no pens\u00f3 mucho en celebraciones. Es que <strong>todav\u00eda est\u00e1 muy afectado por la muerte de <a href=\"https:\/\/grandepremio.com\/es\/\/rally\/hyundai-decoracion-irlanda-craig-breen\/\">Craig Breen<\/a><\/strong>, compa\u00f1ero y amigo personal, <a href=\"https:\/\/grandepremio.com\/es\/\/rally\/wrc-craig-breen-muere-croacia-tests\/\">quien tuvo un accidente<\/a> la semana pasada durante la preparaci\u00f3n en Croacia.<\/p>\n\n\n\n<p class=\"wp-block-paragraph\">&#8220;Sentimientos encontrados ahora que volvemos a la realidad despu\u00e9s de centrarnos completamente en el fin de semana de competici\u00f3n. Muy dif\u00edcil saber qu\u00e9 es lo correcto, que decir ahora. Fue una semana dura para todos. Todos los del WRC deben estar orgullosos por lo que hicimos juntos, por la memoria de Craig. La competici\u00f3n se desarroll\u00f3 como siempre, seguramente eso es lo que a \u00e9l le gustar\u00eda&#8221;, declar\u00f3 el ganador de la etapa a la revista brit\u00e1nica <em>Autosport<\/em>.<\/p>\n\n\n\n<figure class=\"wp-block-image size-large\"><img decoding=\"async\" src=\"https:\/\/www.grandepremio.com\/br\/wp-content\/uploads\/2023\/04\/Elfyn-Evans-2-1024x683.jpg\" alt=\"\" class=\"wp-image-674508\"\/><figcaption class=\"wp-element-caption\">Elfyn Evans se suma a la disputa por el campeonato de WRC (Foto: Toyota)<\/figcaption><\/figure>\n\n\n\n<p class=\"wp-block-paragraph\"><strong>Ott T\u00e4nak <\/strong>puso a <strong>Ford <\/strong>en segundo lugar en el rally croata y fue <strong>otro que volvi\u00f3 a la lucha por el t\u00edtulo<\/strong>. El finland\u00e9s <strong>Esapekka Lappi<\/strong>, de <strong>Hyundai<\/strong>, tuvo el primer buen resultado del a\u00f1o y qued\u00f3 en tercera posici\u00f3n.<\/p>\n\n\n\n<p class=\"wp-block-paragraph\">El actual campe\u00f3n mundial de rally, <strong>Kalle Rovanper\u00e4<\/strong>, qued\u00f3 en cuarta posici\u00f3n, con <strong>S\u00e9bastien Ogier<\/strong>, la mayor leyenda de la categor\u00eda y actual l\u00edder del campeonato, apareciendo <strong>en quinto lugar<\/strong>. <strong>Takamoto Katsuta<\/strong>, <strong>Pierre-Louis Loubet<\/strong>, <strong>Yohan Rossel<\/strong>, <strong>Nikolay Gryazin<\/strong> y <strong>Oliver Solberg<\/strong> completaron el grupo de los diez primeros en el <strong>Rally de Croacia<\/strong>.<\/p>\n\n\n\n<p class=\"wp-block-paragraph\">En el campeonato, Ogier y Evans ahora tienen 69 puntos juntos, 1 m\u00e1s que Rovanper\u00e4. T\u00e4nak lleg\u00f3 a los 65, mientras que Neuville obtuvo 58 puntos gracias a los puntos extra del Power Stage.<\/p>\n\n\n\n<p class=\"wp-block-paragraph\">La pr\u00f3xima etapa del <strong>WRC<\/strong> es el <strong>Rally de Portugal,<\/strong> que se llevar\u00e1 a cabo del <strong>11 al 14 de mayo.<\/strong><\/p>\n","protected":false},"excerpt":{"rendered":"<p>Elfyn Evans confirm\u00f3 el liderato que hered\u00f3 el s\u00e1bado, gan\u00f3 el Rally de Croacia y se envalenton\u00f3 totalmente en la carrera por el t\u00edtulo del WRC 2023. Todav\u00eda l\u00edder, S\u00e9bastien Ogier fue quinto en la etapa.<\/p>\n","protected":false},"author":0,"featured_media":1000674509,"comment_status":"closed","ping_status":"closed","sticky":false,"template":"","format":"standard","meta":{"42wp_featured_image_caption":"","42wp_featured_image_credits":"","42wp_featured_video":"","42wp_featured_image_hidden":false,"42wp_authors_list":[],"footnotes":""},"categories":[9],"tags":[1688,2573,1541,1226,5175],"42wp_author":[14235],"class_list":["post-19421","post","type-post","status-publish","format-standard","has-post-thumbnail","hentry","category-rally","tag-elfyn-evans","tag-rally-de-croacia","tag-thierry-neuville","tag-wrc","tag-wrc-2023","42wp_author-barbara-mincioni"],"_links":{"self":[{"href":"https:\/\/grandepremio.com\/es\/wp-json\/wp\/v2\/posts\/19421","targetHints":{"allow":["GET"]}}],"collection":[{"href":"https:\/\/grandepremio.com\/es\/wp-json\/wp\/v2\/posts"}],"about":[{"href":"https:\/\/grandepremio.com\/es\/wp-json\/wp\/v2\/types\/post"}],"replies":[{"embeddable":true,"href":"https:\/\/grandepremio.com\/es\/wp-json\/wp\/v2\/comments?post=19421"}],"version-history":[{"count":0,"href":"https:\/\/grandepremio.com\/es\/wp-json\/wp\/v2\/posts\/19421\/revisions"}],"wp:featuredmedia":[{"embeddable":true,"href":"https:\/\/grandepremio.com\/es\/wp-json\/wp\/v2\/media\/1000674509"}],"wp:attachment":[{"href":"https:\/\/grandepremio.com\/es\/wp-json\/wp\/v2\/media?parent=19421"}],"wp:term":[{"taxonomy":"category","embeddable":true,"href":"https:\/\/grandepremio.com\/es\/wp-json\/wp\/v2\/categories?post=19421"},{"taxonomy":"post_tag","embeddable":true,"href":"https:\/\/grandepremio.com\/es\/wp-json\/wp\/v2\/tags?post=19421"},{"taxonomy":"42wp_author","embeddable":true,"href":"https:\/\/grandepremio.com\/es\/wp-json\/wp\/v2\/42wp_author?post=19421"}],"curies":[{"name":"wp","href":"https:\/\/api.w.org\/{rel}","templated":true}]}}