{"id":19436,"date":"2023-04-22T08:12:21","date_gmt":"2023-04-22T11:12:21","guid":{"rendered":"https:\/\/grandepremio.com\/es\/2023\/04\/22\/andretti-regreso-pride-car-romain-grosjean-indy-500-2023\/"},"modified":"2023-04-22T08:28:28","modified_gmt":"2023-04-22T11:28:28","slug":"andretti-regreso-pride-car-romain-grosjean-indy-500-2023","status":"publish","type":"post","link":"https:\/\/grandepremio.com\/es\/indy\/andretti-regreso-pride-car-romain-grosjean-indy-500-2023\/","title":{"rendered":"Andretti revela el regreso del &#8216;Pride Car&#8217; de Grosjean para la Indy 500 de 2023"},"content":{"rendered":"\n<p class=\"wp-block-paragraph\">El &#8220;<strong>Coche del Orgullo<\/strong>&#8221; vuelve para las <strong>500 Millas de Indian\u00e1polis de 2023<\/strong>. <strong>Andretti <\/strong>revel\u00f3 el jueves que la librea del coche de <strong>Romain Grosjean<\/strong> en la <a href=\"https:\/\/grandepremio.com\/es\/\/indy\/\" target=\"_blank\" rel=\"noreferrer noopener\">Indy 500<\/a> ser\u00e1 la misma que el a\u00f1o pasado, con los colores de la bandera <strong>LGBTQIA+<\/strong> en el lateral, en un mensaje de apoyo a la diversidad y contra los prejuicios en colaboraci\u00f3n con DHL, patrocinador del equipo.<\/p>\n\n\n\n<p class=\"wp-block-paragraph\">&#8220;\u00a1El #DeliveredWithPride vuelve para el &#8216;Mayor espect\u00e1culo del automovilismo&#8217; con<strong> Romain Grosjean<\/strong>! Estamos orgullosos de unirnos a DHL como aliados continuos de la comunidad LGBTQIA+ y abrazar la inclusi\u00f3n para todos&#8221;, escribi\u00f3 el equipo en el anuncio.<\/p>\n\n\n\n<figure class=\"wp-block-embed aligncenter is-type-rich is-provider-twitter wp-block-embed-twitter\"><div class=\"wp-block-embed__wrapper\">\n<blockquote class=\"twitter-tweet\" data-width=\"500\" data-dnt=\"true\"><p lang=\"en\" dir=\"ltr\"><a href=\"https:\/\/x.com\/hashtag\/DeliveredWithPride?src=hash&amp;ref_src=twsrc%5Etfw\">#DeliveredWithPride<\/a> returns for the \u2018Greatest Spectacle in Racing\u2019 with <a href=\"https:\/\/x.com\/RGrosjean?ref_src=twsrc%5Etfw\">@RGrosjean<\/a>! We are proud to join <a href=\"https:\/\/x.com\/DHLUS?ref_src=twsrc%5Etfw\">@DHLUS<\/a> as continued allies of the LGBTQ+ community and embrace inclusivity for all. \ud83c\udff3\ufe0f\u200d\ud83c\udf08<br> <a href=\"https:\/\/x.com\/hashtag\/AllAndretti?src=hash&amp;ref_src=twsrc%5Etfw\">#AllAndretti<\/a> \/\/ <a href=\"https:\/\/x.com\/hashtag\/Indy500?src=hash&amp;ref_src=twsrc%5Etfw\">#Indy500<\/a> <a href=\"https:\/\/t.co\/JUG57WyiE1\">pic.twitter.com\/JUG57WyiE1<\/a><\/p>&mdash; Andretti INDYCAR &amp; INDY NXT (@AndrettiIndy) <a href=\"https:\/\/x.com\/AndrettiIndy\/status\/1649036565325180931?ref_src=twsrc%5Etfw\">April 20, 2023<\/a><\/blockquote><script async src=\"https:\/\/platform.x.com\/widgets.js\" charset=\"utf-8\"><\/script>\n<\/div><\/figure>\n\n\n\n<p class=\"wp-block-paragraph\">La decisi\u00f3n de <strong>Andretti <\/strong>de llevar el mensaje a la <strong>Indy 500 <\/strong>tuvo en cuenta la visibilidad del evento. Con ello, el equipo podr\u00e1 trabajar en otras iniciativas de marketing relacionadas con el tema, como la venta de camisetas alusivas al movimiento y r\u00e9plicas del coche en miniatura, para recaudar fondos que se destinar\u00e1n a instituciones de apoyo a la comunidad <strong>LGBTQIA+<\/strong> en <strong>Estados Unidos.<\/strong><\/p>\n\n\n\n<p class=\"wp-block-paragraph\"><strong><strong>\u00a1Conoce el canal de Grande Pr\u00eamio en Espa\u00f1ol en\u00a0<a href=\"https:\/\/www.youtube.com\/channel\/UCDxWojGVUi9gWYhrY0pGbIQ\" target=\"_blank\" rel=\"noreferrer noopener\">YouTube<\/a>!<br>\u00a1Sigue a\u00a0Grande Pr\u00eamio en Espa\u00f1ol\u00a0en\u00a0<a href=\"https:\/\/twitter.com\/grandepremioES\" target=\"_blank\" rel=\"noreferrer noopener\">Twitter\u00a0<\/a>y en\u00a0<a href=\"https:\/\/www.instagram.com\/grandepremioes\/\" target=\"_blank\" rel=\"noreferrer noopener\">Instagram<\/a>!<\/strong><\/strong><\/p>\n\n\n\n<figure class=\"wp-block-image aligncenter size-large is-resized\"><img loading=\"lazy\" decoding=\"async\" src=\"https:\/\/www.grandepremio.com\/br\/wp-content\/uploads\/2022\/04\/Website_Featured_Image_-_News_Story__11_.png\" alt=\"\" width=\"783\" height=\"423\"\/><figcaption class=\"wp-element-caption\">Coche #28 presentado por Andretti el a\u00f1o pasado. La pintura ser\u00e1 la misma en 2023 en apoyo a la comunidad LGBTQIA+ (Foto: Andretti)<\/figcaption><\/figure>\n\n\n\n<p class=\"wp-block-paragraph\"><strong>Grosjean <\/strong>ya mostr\u00f3 la pintura del &#8216;Pride Car&#8217; del #28 en el circuito oval el jueves, en las pruebas de veteranos y en los ensayos colectivos para la ronda. En la primera actividad del d\u00eda, el piloto franc\u00e9s fue 25\u00ba, mientras que en la \u00faltima fue 21\u00ba. Tambi\u00e9n estaba previsto que el coche saliera a la pista el viernes, pero la prueba se cancel\u00f3 debido a la lluvia ca\u00edda en el<strong> Indianapolis Motor Speedway.<\/strong><\/p>\n\n\n\n<p class=\"wp-block-paragraph\">La 107\u00aa edici\u00f3n de las <strong>500 Millas de Indian\u00e1polis<\/strong> est\u00e1 prevista para el 28 de mayo. Antes, hay programadas dos carreras de la Indy: el <strong>GP de Alabama<\/strong>, en el circuito de Barber, el 30 de abril; y el <strong>GP de Indian\u00e1polis 1<\/strong>, en el circuito mixto, el 13 de mayo.<\/p>\n","protected":false},"excerpt":{"rendered":"<p>La decoraci\u00f3n del coche de Romain Grosjean en las 500 Millas de Indian\u00e1polis de 2023 lucir\u00e1 los colores de la bandera LGBTQIA+, como el a\u00f1o pasado<\/p>\n","protected":false},"author":0,"featured_media":1000673784,"comment_status":"closed","ping_status":"closed","sticky":false,"template":"","format":"standard","meta":{"42wp_featured_image_caption":"","42wp_featured_image_credits":"","42wp_featured_video":"","42wp_featured_image_hidden":false,"42wp_authors_list":[],"footnotes":""},"categories":[7],"tags":[598,597,6834,1606,2236,3438,2237,925,2805,619,310,2549,1865,6817,207],"42wp_author":[14233],"class_list":["post-19436","post","type-post","status-publish","format-standard","has-post-thumbnail","hentry","category-indy","tag-500-millas-de-indianapolis","tag-andretti","tag-coche-del-orgullo","tag-estados-unidos","tag-grande-premio-2","tag-grande-premio-en-espanol","tag-grandepremio","tag-indy","tag-indy-2023","tag-indy-500","tag-indycar","tag-indycar-2023","tag-lgbtqia","tag-pride-car","tag-romain-grosjean","42wp_author-eric-calduch"],"_links":{"self":[{"href":"https:\/\/grandepremio.com\/es\/wp-json\/wp\/v2\/posts\/19436","targetHints":{"allow":["GET"]}}],"collection":[{"href":"https:\/\/grandepremio.com\/es\/wp-json\/wp\/v2\/posts"}],"about":[{"href":"https:\/\/grandepremio.com\/es\/wp-json\/wp\/v2\/types\/post"}],"replies":[{"embeddable":true,"href":"https:\/\/grandepremio.com\/es\/wp-json\/wp\/v2\/comments?post=19436"}],"version-history":[{"count":0,"href":"https:\/\/grandepremio.com\/es\/wp-json\/wp\/v2\/posts\/19436\/revisions"}],"wp:featuredmedia":[{"embeddable":true,"href":"https:\/\/grandepremio.com\/es\/wp-json\/wp\/v2\/media\/1000673784"}],"wp:attachment":[{"href":"https:\/\/grandepremio.com\/es\/wp-json\/wp\/v2\/media?parent=19436"}],"wp:term":[{"taxonomy":"category","embeddable":true,"href":"https:\/\/grandepremio.com\/es\/wp-json\/wp\/v2\/categories?post=19436"},{"taxonomy":"post_tag","embeddable":true,"href":"https:\/\/grandepremio.com\/es\/wp-json\/wp\/v2\/tags?post=19436"},{"taxonomy":"42wp_author","embeddable":true,"href":"https:\/\/grandepremio.com\/es\/wp-json\/wp\/v2\/42wp_author?post=19436"}],"curies":[{"name":"wp","href":"https:\/\/api.w.org\/{rel}","templated":true}]}}