{"id":19441,"date":"2023-04-21T14:24:44","date_gmt":"2023-04-21T17:24:44","guid":{"rendered":"https:\/\/grandepremio.com\/es\/2023\/04\/21\/lewis-hamilton-manifestaciones-politicas-formula-1\/"},"modified":"2023-04-23T12:58:24","modified_gmt":"2023-04-23T15:58:24","slug":"lewis-hamilton-manifestaciones-politicas-formula-1","status":"publish","type":"post","link":"https:\/\/grandepremio.com\/es\/f1\/lewis-hamilton-manifestaciones-politicas-formula-1\/","title":{"rendered":"Hamilton advierte que continuar\u00e1 con las manifestaciones pol\u00edticas en la F1"},"content":{"rendered":"\n<p class=\"wp-block-paragraph\">Recientemente <strong>Lewis Hamilton<\/strong> record\u00f3 su victoria en <strong>Qatar<\/strong> <strong>2021,<\/strong> en donde no s\u00f3lo subi\u00f3 al pelda\u00f1o m\u00e1s alto del podio, sino que tambi\u00e9n llev\u00f3 un casco con <strong>la bandera LGBTIQ+ para apoyar a la comunidad<\/strong> en un pa\u00eds en donde ser homosexual se considera delito. \u00c9ste flashback le sirvi\u00f3 al heptacampe\u00f3n <strong>para reafirmar su compromiso con las causas de las minor\u00edas y expresar su apoyo<\/strong> en las carreras.<\/p>\n\n\n\n<figure class=\"wp-block-embed is-type-video is-provider-youtube wp-block-embed-youtube wp-embed-aspect-16-9 wp-has-aspect-ratio\"><div class=\"wp-block-embed__wrapper\">\n<iframe loading=\"lazy\" title=\"\u00a1HAMILTON ADVIERTE QUE CONTINUAR\u00c1 CON LAS MANIFESTACIONES POL\u00cdTICAS EN LA F1!\" width=\"500\" height=\"281\" src=\"https:\/\/www.youtube.com\/embed\/GPJALeizUEw?feature=oembed\" frameborder=\"0\" allow=\"accelerometer; autoplay; clipboard-write; encrypted-media; gyroscope; picture-in-picture; web-share\" referrerpolicy=\"strict-origin-when-cross-origin\" allowfullscreen><\/iframe>\n<\/div><\/figure>\n\n\n\n<p class=\"wp-block-paragraph\">Aunque la<strong> FIA<\/strong>, espec\u00edficamente por el lado <strong><a href=\"https:\/\/grandepremio.com\/es\/\/f1\/censura-fia-lewis-hamilton-debera-ser-valiente\/\">Mohammed Ben Sulayem<\/a>,<\/strong> pongan trabas a las manifestaciones, <a href=\"https:\/\/grandepremio.com\/es\/\/f1\/formula-1-qatar-lgbt-hamilton-protesta\/\"><strong>Hamilton asegur\u00f3 que ir\u00eda hasta el final<\/strong> incluso poniendo su vida en peligro<\/a>. La<strong> F1<\/strong> sin duda es un deporte que atraviesa a la sociedad y es dif\u00edcil mantenerse ajeno a ciertos contextos. <\/p>\n\n\n\n<p class=\"wp-block-paragraph\">En este video junto a <strong>Barchu Mincioni <\/strong>analizamos los <strong>motivos por los cuales el piloto ingl\u00e9s ha empezado su activismo tan presente y qu\u00e9 pilotos lo han apoyado<\/strong> aunque no hayan logrado mucha notoriedad.<\/p>\n\n\n\n<p class=\"wp-block-paragraph\"><strong><strong>\u00a1Conoce el canal de Grande Pr\u00eamio en Espa\u00f1ol en\u00a0<a href=\"https:\/\/www.youtube.com\/channel\/UCDxWojGVUi9gWYhrY0pGbIQ\" target=\"_blank\" rel=\"noreferrer noopener\">YouTube<\/a>!<br>\u00a1Sigue a\u00a0Grande Pr\u00eamio en Espa\u00f1ol\u00a0en\u00a0<a href=\"https:\/\/twitter.com\/grandepremioES\" target=\"_blank\" rel=\"noreferrer noopener\">Twitter\u00a0<\/a>y en\u00a0<a href=\"https:\/\/www.instagram.com\/grandepremioes\/\" target=\"_blank\" rel=\"noreferrer noopener\">Instagram<\/a>!<\/strong><\/strong><\/p>\n","protected":false},"excerpt":{"rendered":"<p>Avalado por muchos, defenestrado por tantos otros, Lewis Hamilton se ha convertido en un agente de cambio social transmitiendo mensajes pol\u00edticos durante los \u00faltimos a\u00f1os en F1. <\/p>\n","protected":false},"author":0,"featured_media":1010146182,"comment_status":"closed","ping_status":"closed","sticky":false,"template":"","format":"standard","meta":{"42wp_featured_image_caption":"","42wp_featured_image_credits":"","42wp_featured_video":"","42wp_featured_image_hidden":false,"42wp_authors_list":[],"footnotes":""},"categories":[5],"tags":[181,179,1488,2237,405,199,197,170,2335],"42wp_author":[14235],"class_list":["post-19441","post","type-post","status-publish","format-standard","has-post-thumbnail","hentry","category-f1","tag-f1","tag-formula-1","tag-grande-premio","tag-grandepremio","tag-hamilton","tag-lewis-hamilton","tag-mercedes","tag-video","tag-videogp","42wp_author-barbara-mincioni"],"_links":{"self":[{"href":"https:\/\/grandepremio.com\/es\/wp-json\/wp\/v2\/posts\/19441","targetHints":{"allow":["GET"]}}],"collection":[{"href":"https:\/\/grandepremio.com\/es\/wp-json\/wp\/v2\/posts"}],"about":[{"href":"https:\/\/grandepremio.com\/es\/wp-json\/wp\/v2\/types\/post"}],"replies":[{"embeddable":true,"href":"https:\/\/grandepremio.com\/es\/wp-json\/wp\/v2\/comments?post=19441"}],"version-history":[{"count":0,"href":"https:\/\/grandepremio.com\/es\/wp-json\/wp\/v2\/posts\/19441\/revisions"}],"wp:featuredmedia":[{"embeddable":true,"href":"https:\/\/grandepremio.com\/es\/wp-json\/wp\/v2\/media\/1010146182"}],"wp:attachment":[{"href":"https:\/\/grandepremio.com\/es\/wp-json\/wp\/v2\/media?parent=19441"}],"wp:term":[{"taxonomy":"category","embeddable":true,"href":"https:\/\/grandepremio.com\/es\/wp-json\/wp\/v2\/categories?post=19441"},{"taxonomy":"post_tag","embeddable":true,"href":"https:\/\/grandepremio.com\/es\/wp-json\/wp\/v2\/tags?post=19441"},{"taxonomy":"42wp_author","embeddable":true,"href":"https:\/\/grandepremio.com\/es\/wp-json\/wp\/v2\/42wp_author?post=19441"}],"curies":[{"name":"wp","href":"https:\/\/api.w.org\/{rel}","templated":true}]}}