{"id":19442,"date":"2023-04-21T11:45:39","date_gmt":"2023-04-21T14:45:39","guid":{"rendered":"https:\/\/grandepremio.com\/es\/2023\/04\/21\/indy-cancela-segundo-test-500-millas\/"},"modified":"2023-04-21T11:45:41","modified_gmt":"2023-04-21T14:45:41","slug":"indy-cancela-segundo-test-500-millas","status":"publish","type":"post","link":"https:\/\/grandepremio.com\/es\/indy\/indy-cancela-segundo-test-500-millas\/","title":{"rendered":"Indy cancela segundo d\u00eda de tests para las 500 Millas de Indian\u00e1polis debido a la lluvia"},"content":{"rendered":"\n<p class=\"wp-block-paragraph\">El segundo d\u00eda de pruebas colectivas para las <strong>500 Millas de Indian\u00e1polis <\/strong>no se celebrar\u00e1. El anuncio fue hecho por los medios oficiales de la <strong>Indy<\/strong> este viernes, debido a las condiciones meteorol\u00f3gicas en el circuito. Las precipitaciones llegaron al circuito durante el inicio de la jornada, y la categor\u00eda consider\u00f3 que no hab\u00eda expectativas de que haya alguna tregua a lo largo del d\u00eda.<\/p>\n\n\n\n<p class=\"wp-block-paragraph\">Ya durante las pruebas del jueves, el clima hizo que la direcci\u00f3n de carrera accionara la bandera amarilla en los \u00faltimos 30 minutos de las pruebas para novatos y retornados, y tambi\u00e9n en los primeros 18 minutos de las pruebas comunitarias. Adem\u00e1s, durante la jornada el viento alcanz\u00f3 r\u00e1fagas de hasta 25 km\/h.<strong><br>\u00a1Conoce el canal de Grande Pr\u00eamio en Espa\u00f1ol en\u00a0<a href=\"https:\/\/www.youtube.com\/channel\/UCDxWojGVUi9gWYhrY0pGbIQ\" target=\"_blank\" rel=\"noreferrer noopener\">YouTube<\/a>!<br>\u00a1Sigue a\u00a0Grande Pr\u00eamio en Espa\u00f1ol\u00a0en\u00a0<a href=\"https:\/\/twitter.com\/grandepremioES\" target=\"_blank\" rel=\"noreferrer noopener\">Twitter\u00a0<\/a>y en\u00a0<a href=\"https:\/\/www.instagram.com\/grandepremioes\/\" target=\"_blank\" rel=\"noreferrer noopener\">Instagram<\/a>!<\/strong><\/p>\n\n\n\n<figure class=\"wp-block-image size-large\"><img decoding=\"async\" src=\"https:\/\/www.grandepremio.com\/br\/wp-content\/uploads\/2023\/04\/Josef-Newgarden-exits-turn-one-in-testing-at-Indianapolis__Large-Image-Without-Watermark_m76945-1024x683.jpg\" alt=\"\" class=\"wp-image-673605\"\/><figcaption class=\"wp-element-caption\">Josef Newgarden fue el m\u00e1s r\u00e1pido en el primer d\u00eda de ensayos para la Indy 500. (Foto: Indy)<\/figcaption><\/figure>\n\n\n\n<p class=\"wp-block-paragraph\"><a href=\"https:\/\/grandepremio.com\/es\/\/indy\/newgarden-lider-primer-entrenamiento-indy-500\/\" target=\"_blank\" rel=\"noreferrer noopener\">En la actividad del jueves, Josef Newgarden fue el m\u00e1s r\u00e1pido, por delante de Conor Daly y Scott Dixon<\/a>. All\u00ed, tanto <strong>Alex Palou<\/strong> como<strong> Pato O&#8217;Ward<\/strong> terminaron dentro del Top-10, mientras que <strong>Agust\u00edn Canapino <\/strong>fue 27\u00b0. <\/p>\n\n\n\n<p class=\"wp-block-paragraph\">El viernes, la \u00faltima sesi\u00f3n de entrenamientos para las 500 Millas de Indian\u00e1polis estaba programada para empezar a las 11 de la ma\u00f1ana y terminar a las 5 de la tarde. Era una gran oportunidad para los pilotos debutantes de ganar kilometraje en el tradicional circuito ovalado, y tambi\u00e9n una importante ocasi\u00f3n para mejorar la puesta a punto para los dem\u00e1s.<\/p>\n\n\n\n<figure class=\"wp-block-embed is-type-rich is-provider-twitter wp-block-embed-twitter\"><div class=\"wp-block-embed__wrapper\">\n<blockquote class=\"twitter-tweet\" data-width=\"500\" data-dnt=\"true\"><p lang=\"en\" dir=\"ltr\">Weather situation right now at <a href=\"https:\/\/x.com\/IMS?ref_src=twsrc%5Etfw\">@IMS<\/a>\u2026safe to say we aren\u2019t going to be on-track in 90 minutes as scheduled (and the forecast isn\u2019t super promising beyond that fwiw) <a href=\"https:\/\/t.co\/HxKNnutOq0\">pic.twitter.com\/HxKNnutOq0<\/a><\/p>&mdash; Nathan Brown (@By_NathanBrown) <a href=\"https:\/\/x.com\/By_NathanBrown\/status\/1649390958750957570?ref_src=twsrc%5Etfw\">April 21, 2023<\/a><\/blockquote><script async src=\"https:\/\/platform.x.com\/widgets.js\" charset=\"utf-8\"><\/script>\n<\/div><figcaption class=\"wp-element-caption\">La lluvia castiga a la pista de Indian\u00e1polis y provoca la cancelaci\u00f3n del segundo d\u00eda de tests. <\/figcaption><\/figure>\n\n\n\n<p class=\"wp-block-paragraph\">Pero, seg\u00fan la categor\u00eda, las precipitaciones -en cantidad relevante- hicieron impracticables las pruebas colectivas de hoy. Las im\u00e1genes publicadas en las redes sociales muestran la pista completamente mojada.<\/p>\n\n\n\n<p class=\"wp-block-paragraph\">La 107\u00aa edici\u00f3n de las 500 Millas de Indian\u00e1polis est\u00e1 prevista para el 28 de mayo. Antes, habr\u00e1 dos carreras de la Indy: el <strong>GP de Alabama,<\/strong> en el circuito de Barber, el 30 de abril; y el <strong>GP 1 de Indian\u00e1polis<\/strong>, en el circuito mixto, el 13 de mayo. GRANDE PR\u00caMIO en Espa\u00f1ol sigue todas las actividades de la Indy en la temporada 2023.<\/p>\n","protected":false},"excerpt":{"rendered":"<p>Pese a la programaci\u00f3n de un segundo entrenamiento este viernes para las 500 Millas de Indian\u00e1polis, la persistente lluvia sobre el circuito provoc\u00f3 la cancelaci\u00f3n de la sesi\u00f3n.  <\/p>\n","protected":false},"author":0,"featured_media":1000673693,"comment_status":"closed","ping_status":"closed","sticky":false,"template":"","format":"standard","meta":{"42wp_featured_image_caption":"","42wp_featured_image_credits":"","42wp_featured_video":"","42wp_featured_image_hidden":false,"42wp_authors_list":[],"footnotes":""},"categories":[7],"tags":[598,3502,393,1488,3438,2237,925,619,866,1419],"42wp_author":[14232],"class_list":["post-19442","post","type-post","status-publish","format-standard","has-post-thumbnail","hentry","category-indy","tag-500-millas-de-indianapolis","tag-agustin-canapino","tag-alex-palou","tag-grande-premio","tag-grande-premio-en-espanol","tag-grandepremio","tag-indy","tag-indy-500","tag-josef-newgarden","tag-pato-oward","42wp_author-redacao-gpes"],"_links":{"self":[{"href":"https:\/\/grandepremio.com\/es\/wp-json\/wp\/v2\/posts\/19442","targetHints":{"allow":["GET"]}}],"collection":[{"href":"https:\/\/grandepremio.com\/es\/wp-json\/wp\/v2\/posts"}],"about":[{"href":"https:\/\/grandepremio.com\/es\/wp-json\/wp\/v2\/types\/post"}],"replies":[{"embeddable":true,"href":"https:\/\/grandepremio.com\/es\/wp-json\/wp\/v2\/comments?post=19442"}],"version-history":[{"count":0,"href":"https:\/\/grandepremio.com\/es\/wp-json\/wp\/v2\/posts\/19442\/revisions"}],"wp:featuredmedia":[{"embeddable":true,"href":"https:\/\/grandepremio.com\/es\/wp-json\/wp\/v2\/media\/1000673693"}],"wp:attachment":[{"href":"https:\/\/grandepremio.com\/es\/wp-json\/wp\/v2\/media?parent=19442"}],"wp:term":[{"taxonomy":"category","embeddable":true,"href":"https:\/\/grandepremio.com\/es\/wp-json\/wp\/v2\/categories?post=19442"},{"taxonomy":"post_tag","embeddable":true,"href":"https:\/\/grandepremio.com\/es\/wp-json\/wp\/v2\/tags?post=19442"},{"taxonomy":"42wp_author","embeddable":true,"href":"https:\/\/grandepremio.com\/es\/wp-json\/wp\/v2\/42wp_author?post=19442"}],"curies":[{"name":"wp","href":"https:\/\/api.w.org\/{rel}","templated":true}]}}