{"id":19470,"date":"2023-04-18T12:08:12","date_gmt":"2023-04-18T15:08:12","guid":{"rendered":"https:\/\/grandepremio.com\/es\/2023\/04\/18\/canapino-respeto-mensajes-odio-redes\/"},"modified":"2023-04-18T12:37:37","modified_gmt":"2023-04-18T15:37:37","slug":"canapino-respeto-mensajes-odio-redes","status":"publish","type":"post","link":"https:\/\/grandepremio.com\/es\/indy\/canapino-respeto-mensajes-odio-redes\/","title":{"rendered":"Canapino pide &#8220;respeto&#8221; y detener los mensajes de odio en redes contra Ilott"},"content":{"rendered":"\n<p class=\"wp-block-paragraph\">Una maniobra, que acab\u00f3 por ser desafortunada, fue el inicio de una serie de comentarios en redes sociales en contra de <strong><a href=\"https:\/\/grandepremio.com\/es\/\/indy\/callut-ilott-amenazas-argentinos-indy\/\" target=\"_blank\" rel=\"noreferrer noopener\">Callum Ilott<\/a><\/strong>, debido a que habr\u00eda perjudicado la carrera de Canapino, quien estaba de l\u00edder en el reinicio del GP de Long Beach luego de un auto de seguridad.<\/p>\n\n\n\n<p class=\"wp-block-paragraph\">El piloto argentino tom\u00f3 la bandera verde en la punta, pero, como explic\u00f3 <strong>Ricardo Juncos<\/strong>, co-propietario del Juncos Hollinger Racing, la parada de Ilott fue m\u00e1s larga de lo pensado, y esto provoc\u00f3 que el brit\u00e1nico quedase por delante, sin saber que su compa\u00f1ero estaba detr\u00e1s suyo.<\/p>\n\n\n\n<p class=\"wp-block-paragraph\">De hecho, Juncos revel\u00f3 que hubo problemas de radio y con la estrategia, porque la idea era que <strong>Agust\u00edn <\/strong>completase <a href=\"https:\/\/grandepremio.com\/es\/\/indy\/indy-repudia-amenazas-ilott\/\" target=\"_blank\" rel=\"noreferrer noopener\">la carrera del pasado domingo <\/a>(16) con una sola detenci\u00f3n m\u00e1s por boxes, cosa que no ocurri\u00f3 porque Helio Castroneves le super\u00f3 y le mand\u00f3 contra el muro en el proceso.<\/p>\n\n\n\n<p class=\"wp-block-paragraph\">Por todo esto, el piloto de 33 a\u00f1os decidi\u00f3 escribir un comunicado en sus cuentas oficiales, para que se discontinue el hostigamiento hacia Callum: \u201cQuiero sumarme al comunicado de la IndyCar y tomar la oportunidad para enviar un claro mensaje de algo que, lamentablemente, no es nuevo, y cada vez m\u00e1s frecuente en redes sociales\u201d.<\/p>\n\n\n\n<figure class=\"wp-block-image size-large\"><img decoding=\"async\" src=\"https:\/\/grandepremio.com\/es\/\/wp-content\/uploads\/2023\/04\/Ftyq47KakAECmPJ-1024x683.jpg\" alt=\"\" class=\"wp-image-145834\"\/><figcaption class=\"wp-element-caption\">Canapino dio el salto a la IndyCar, sorprendiendo a todo el mundo por sus habilidades conductivas. (Foto: IndyCar)<\/figcaption><\/figure>\n\n\n\n<p class=\"wp-block-paragraph\">\u201cM\u00e1s all\u00e1 de las pasiones, los enojos, las rivalidades, etc., nada puede llevarnos a transmitir odio y faltarle el respeto a otra persona. No solamente durante una competencia sino tambi\u00e9n, en la vida en general. Es la \u00fanica manera de ser mejores como sociedad, estemos donde estemos, hagamos lo que hagamos\u201d, ampli\u00f3 el corredor del coche #78 con motor Chevrolet.<\/p>\n\n\n\n<p class=\"wp-block-paragraph\">\u201cDisfrutemos de lo que nos gusta, con pasi\u00f3n, pero aceptando que a veces se gana, se pierde, acertamos y nos equivocamos, pero siempre, y lo m\u00e1s importante, con respeto\u201d, concluy\u00f3 el laureado competidor.<\/p>\n\n\n\n<p class=\"wp-block-paragraph\">Hay que se\u00f1alar que el propio Ricardo Juncos hab\u00eda puntualizado que los mensajes de odio contra Callum Ilott no eran algo aceptable y que proven\u00eda de un comentario en la transmisi\u00f3n oficial de la IndyCar en suelo latinoamericano. Ese mensaje original, a d\u00eda de hoy, no ha sido borrado por su autor.<\/p>\n\n\n\n<p class=\"wp-block-paragraph\"><strong>\u00a1Conoce el canal de Grande Pr\u00eamio en Espa\u00f1ol en&nbsp;<\/strong><a href=\"https:\/\/www.youtube.com\/channel\/UCDxWojGVUi9gWYhrY0pGbIQ\" target=\"_blank\" rel=\"noreferrer noopener\"><strong>YouTube<\/strong><\/a><strong>!<\/strong><br><strong>\u00a1Sigue a Grande Pr\u00eamio en Espa\u00f1ol en&nbsp;<\/strong><a href=\"https:\/\/twitter.com\/grandepremioES\" target=\"_blank\" rel=\"noreferrer noopener\"><strong>Twitter&nbsp;<\/strong><\/a><strong>y en&nbsp;<\/strong><a href=\"https:\/\/www.instagram.com\/grandepremioes\/\" target=\"_blank\" rel=\"noreferrer noopener\"><strong>Instagram<\/strong><\/a><strong>!<\/strong><\/p>\n\n\n\n<figure class=\"wp-block-image size-large\"><img decoding=\"async\" src=\"https:\/\/grandepremio.com\/es\/\/wp-content\/uploads\/2023\/04\/FsvPGy8XwAMb4w5-819x1024.jpg\" alt=\"\" class=\"wp-image-145833\"\/><figcaption class=\"wp-element-caption\">Pato O&#8217;Ward no tuvo una buena carrera en el GP de Long Beach. (Foto: IndyCar)<\/figcaption><\/figure>\n\n\n\n<p class=\"wp-block-paragraph\">En un sentido similar, <strong>Patricio O\u2019Ward<\/strong> ha respondido a otra clase de comentarios, relacionados con su maniobra con Scott Dixon durante el<a href=\"https:\/\/grandepremio.com\/es\/\/indy\/video-gp-indy-car-canapino-long-beach\/\" target=\"_blank\" rel=\"noreferrer noopener\"> GP de Long Beach<\/a>: \u201cTener diferentes puntos de vista cuando se trata de carreras y campeonatos, es completamente natural. En mi opini\u00f3n, son estas diferencias las que hacen que este deporte sea tan fascinante\u201d.<\/p>\n\n\n\n<p class=\"wp-block-paragraph\">\u201cSin embargo, hay una l\u00ednea que nunca se debe cruzar. Creo que es importante hablar siempre sabiendo que las palabras tienen poder: Es incre\u00edblemente decepcionante ver a la gente utilizar sus palabras para herir, faltar el respeto, amenazar y degradar a los dem\u00e1s a prop\u00f3sito. Esto es absolutamente inaceptable\u201d, expres\u00f3 el mexicano sobre lo que pasa en las redes sociales.<\/p>\n\n\n\n<p class=\"wp-block-paragraph\">\u201cTodos somos humanos y juzgarnos como cualquier otra cosa me parece absolutamente alucinante. \u00bfC\u00f3mo si no pudi\u00e9ramos cometer errores? \u00bfDejar correr la pelota? \u00bfTomar una mala decisi\u00f3n? \u00bfEn qu\u00e9 mundo son razonables estas normas? No lo son. Y nunca lo ser\u00e1n. Espero que esto nos ense\u00f1e a todos a elegir sabiamente nuestras palabras y considerar seriamente el da\u00f1o que son capaces de infligir antes de pronunciarlas\u201d, concluy\u00f3 el piloto de <strong>McLaren.<\/strong><\/p>\n\n\n\n<figure class=\"wp-block-image size-large\"><img decoding=\"async\" src=\"https:\/\/grandepremio.com\/es\/\/wp-content\/uploads\/2023\/04\/INDY-2023-SEXTA-GP-DE-LONG-BEACH-JUNCOS-CALLUM-ILLOT-2-JOE-SKIBINSKI-1024x683-1-1024x683.jpg\" alt=\"\" class=\"wp-image-145773\"\/><figcaption class=\"wp-element-caption\">Callum Ilott tuvo que responder ante los mensajes que recibi\u00f3 luego de un incidente con Canapino en el GP de Long Beach. (Foto: (IndyCar)<\/figcaption><\/figure>\n\n\n\n<p class=\"wp-block-paragraph\">Debemos recordar que la propia serie <a href=\"https:\/\/grandepremio.com\/es\/\/indy\/\" target=\"_blank\" rel=\"noreferrer noopener\"><strong>IndyCar<\/strong><\/a> ya se hab\u00eda expresado por la gran cantida de mensajes de odio en la noche del lunes (17):  \u00abEn las \u00faltimas 24 horas, algunos de nuestros pilotos han sido blanco de comentarios irrespetuosos e inapropiados en internet. Este tipo de comportamiento no tiene cabida en nuestro deporte. Aunque la competici\u00f3n feroz y la rivalidad siempre ser\u00e1n los pilares de la Indy, es importante cultivar y celebrar estos atributos con respeto y preocupaci\u00f3n por el bienestar de nuestros competidores\u00bb.<\/p>\n\n\n\n<p class=\"wp-block-paragraph\">Ilott tambi\u00e9n hab\u00eda escrito varios mensajes en redes sociales, uno de ellos dirigido a un integrante de la transmisi\u00f3n latinoamericana de la serie, casualmente amigo de su compa\u00f1ero: \u00abEsto es inaceptable, a cualquier nivel, y todos los que fomentan este comportamiento deber\u00edan pensar de verdad en las consecuencias de sus actos. Pero me gustar\u00eda dar las gracias a todos los que me han apoyado, significa mucho\u00bb, finaliz\u00f3.<\/p>\n\n\n\n<p class=\"wp-block-paragraph\">La Indy regresa dentro de quince d\u00edas, el 30 de abril, con el&nbsp;<strong>GP de Alabama<\/strong>, que se disputar\u00e1 en el&nbsp;<strong>Barber Motorsport Park de Birmingham.<\/strong><\/p>\n","protected":false},"excerpt":{"rendered":"<p>Agust\u00edn Canapino se ha visto obligado a publicar un comunicado en la ma\u00f1ana de este martes (18), luego de que la IndyCar y Callum Ilott, su compa\u00f1ero de equipo, se expresaran en contra de la catarata de mensajes negativos en las redes sociales. <\/p>\n","protected":false},"author":0,"featured_media":1010145832,"comment_status":"closed","ping_status":"closed","sticky":false,"template":"","format":"standard","meta":{"42wp_featured_image_caption":"","42wp_featured_image_credits":"","42wp_featured_video":"","42wp_featured_image_hidden":false,"42wp_authors_list":[],"footnotes":""},"categories":[7],"tags":[3502,255,2634,1643,1488,2237,310,3508,1360],"42wp_author":[14237],"class_list":["post-19470","post","type-post","status-publish","format-standard","has-post-thumbnail","hentry","category-indy","tag-agustin-canapino","tag-callum-ilott","tag-gp-de-alabama","tag-gp-de-long-beach","tag-grande-premio","tag-grandepremio","tag-indycar","tag-juncos-hollinger-racing","tag-ricardo-juncos","42wp_author-gabriel-garcia"],"_links":{"self":[{"href":"https:\/\/grandepremio.com\/es\/wp-json\/wp\/v2\/posts\/19470","targetHints":{"allow":["GET"]}}],"collection":[{"href":"https:\/\/grandepremio.com\/es\/wp-json\/wp\/v2\/posts"}],"about":[{"href":"https:\/\/grandepremio.com\/es\/wp-json\/wp\/v2\/types\/post"}],"replies":[{"embeddable":true,"href":"https:\/\/grandepremio.com\/es\/wp-json\/wp\/v2\/comments?post=19470"}],"version-history":[{"count":0,"href":"https:\/\/grandepremio.com\/es\/wp-json\/wp\/v2\/posts\/19470\/revisions"}],"wp:featuredmedia":[{"embeddable":true,"href":"https:\/\/grandepremio.com\/es\/wp-json\/wp\/v2\/media\/1010145832"}],"wp:attachment":[{"href":"https:\/\/grandepremio.com\/es\/wp-json\/wp\/v2\/media?parent=19470"}],"wp:term":[{"taxonomy":"category","embeddable":true,"href":"https:\/\/grandepremio.com\/es\/wp-json\/wp\/v2\/categories?post=19470"},{"taxonomy":"post_tag","embeddable":true,"href":"https:\/\/grandepremio.com\/es\/wp-json\/wp\/v2\/tags?post=19470"},{"taxonomy":"42wp_author","embeddable":true,"href":"https:\/\/grandepremio.com\/es\/wp-json\/wp\/v2\/42wp_author?post=19470"}],"curies":[{"name":"wp","href":"https:\/\/api.w.org\/{rel}","templated":true}]}}