{"id":19473,"date":"2023-04-18T09:56:47","date_gmt":"2023-04-18T12:56:47","guid":{"rendered":"https:\/\/grandepremio.com\/es\/2023\/04\/18\/rosberg-revela-retiro-f1-miedo-bueno\/"},"modified":"2023-04-18T09:56:49","modified_gmt":"2023-04-18T12:56:49","slug":"rosberg-revela-retiro-f1-miedo-bueno","status":"publish","type":"post","link":"https:\/\/grandepremio.com\/es\/f1\/rosberg-revela-retiro-f1-miedo-bueno\/","title":{"rendered":"Rosberg revela el motivo de su retiro de la F1: &#8220;Miedo a no ser lo suficientemente bueno&#8221;"},"content":{"rendered":"\n<p class=\"wp-block-paragraph\">La batalla por el t\u00edtulo del mundo de <strong>F\u00f3rmula 1<\/strong> en 2016 entre <strong>Lewis Hamilton <\/strong>y <strong>Nico Rosberg <\/strong>dej\u00f3 huellas en el alem\u00e1n. Es que, alg\u00fan tiempo despu\u00e9s, el campe\u00f3n del mundo de aquella temporada con tantas incidencias, reconoci\u00f3 que estaba al l\u00edmite en lo f\u00edsico para cada carrera y que ya no estaba en condiciones de continuar compitiendo a ese nivel.<\/p>\n\n\n\n<p class=\"wp-block-paragraph\">De hecho, hace siete a\u00f1os, en uno de los a\u00f1os m\u00e1s pol\u00e9micos en <a href=\"https:\/\/grandepremio.com\/es\/\/f1\/\" target=\"_blank\" rel=\"noreferrer noopener\">F1<\/a>, la amistad de Rosberg y Hamilton acab\u00f3 por quebrarse en el <strong>GP de Espa\u00f1a<\/strong>, cuando los dos Mercedes se tocaron y abandonaron. Esto le ha permitido, eventualmente, a <strong>Max Verstappen<\/strong> ganar por primera vez en el Mundial.<\/p>\n\n\n\n<p class=\"wp-block-paragraph\">Tras la culminaci\u00f3n del campeonato, Nico anunciaba su retiro, lo que dej\u00f3 a todo el mundo del automovilismo boquiabierto. Mercedes decidi\u00f3 reemplazarlo por <a href=\"https:\/\/grandepremio.com\/es\/\/f1\/bottas-critica-personalidad-novatos-f1\/\" target=\"_blank\" rel=\"noreferrer noopener\">Valtteri Bottas<\/a> para 2017, y provoc\u00f3 que Felipe Massa siguiera un a\u00f1o m\u00e1s en <strong>Williams<\/strong>, a pesar de que hab\u00eda dicho que no seguir\u00eda compitiendo.<\/p>\n\n\n\n<p class=\"wp-block-paragraph\">Ahora que han pasado casi siete a\u00f1os, Rosberg admiti\u00f3 que tem\u00eda un declive en su rendimiento como piloto y, por esto, opt\u00f3 por abandonar la pr\u00e1ctica del automovilismo: \u201cTen\u00eda miedo de que en alg\u00fan momento no fuera lo suficientemente bueno y que ning\u00fan equipo me quisiera. Quer\u00eda decidir por m\u00ed mismo: esto es todo lo que podemos hacer, es perfecto. Es el final\u201d, asegur\u00f3 el piloto alem\u00e1n.<\/p>\n\n\n\n<p class=\"wp-block-paragraph\"><strong>\u00a1Conoce el canal de Grande Pr\u00eamio en Espa\u00f1ol en\u00a0<\/strong><a href=\"https:\/\/www.youtube.com\/channel\/UCDxWojGVUi9gWYhrY0pGbIQ\" target=\"_blank\" rel=\"noreferrer noopener\"><strong>YouTube<\/strong><\/a><strong>!<\/strong><br><strong>\u00a1Sigue a Grande Pr\u00eamio en Espa\u00f1ol en\u00a0<\/strong><a href=\"https:\/\/twitter.com\/grandepremioES\" target=\"_blank\" rel=\"noreferrer noopener\"><strong>Twitter\u00a0<\/strong><\/a><strong>y en\u00a0<\/strong><a href=\"https:\/\/www.instagram.com\/grandepremioes\/\" target=\"_blank\" rel=\"noreferrer noopener\"><strong>Instagram<\/strong><\/a><strong>!<\/strong><\/p>\n\n\n\n<figure class=\"wp-block-image size-large\"><img decoding=\"async\" src=\"https:\/\/grandepremio.com\/es\/\/wp-content\/uploads\/2023\/04\/https___hypebeast-1-1024x683.jpg\" alt=\"\" class=\"wp-image-145788\"\/><figcaption class=\"wp-element-caption\">Nico Rosberg cay\u00f3 en brazos de Mercedes tras vencer a Lewis Hamilton en 2016 (Foto: Mercedes)<\/figcaption><\/figure>\n\n\n\n<p class=\"wp-block-paragraph\">Sin embargo, <strong>Nico<\/strong> reconoci\u00f3 que los primeros pasos tras la retirada fueron dif\u00edciles, principalmente porque su entorno estaba orientado al automovilismo. As\u00ed, el alem\u00e1n tuvo que pasar por un proceso de adaptaci\u00f3n fuera de las pistas y descubri\u00f3 nuevos intereses a partir de ah\u00ed.<\/p>\n\n\n\n<p class=\"wp-block-paragraph\">\u201cEn cierto modo, renunci\u00e9 a mi identidad\u201d, dijo <a href=\"https:\/\/grandepremio.com\/es\/\/f1\/nico-rosberg-destaca-numeros-max-verstappen-mejores-f1\/\" target=\"_blank\" rel=\"noreferrer noopener\">Rosberg<\/a>. \u201cTodos en mi vida corr\u00edan: mis mec\u00e1nicos, mis ingenieros, mis compa\u00f1eros de equipo, incluso mi entorno social\u201d, explic\u00f3.<\/p>\n\n\n\n<p class=\"wp-block-paragraph\">\u201cLlevar todo esto a cero de repente fue un shock para mi sistema\u201d, admiti\u00f3. \u201cLuego est\u00e1 la adicci\u00f3n al reconocimiento y al \u00e9xito. Nunca me cuestion\u00e9 qu\u00e9 otras pasiones ten\u00eda. Siempre hab\u00eda una pr\u00f3xima carrera\u201d.<\/p>\n\n\n\n<p class=\"wp-block-paragraph\">Adem\u00e1s de actuar como comentarista de F\u00f3rmula 1, Rosberg tiene su propio equipo en <strong>Extreme E<\/strong>, el RXR, y es un referente en los paddocks de la temporada. El alem\u00e1n debut\u00f3 en la categor\u00eda en 2006, con Williams, y defendi\u00f3 \u00fanicamente a los dos equipos durante su paso. En total, compiti\u00f3 en 206 carreras y gan\u00f3 23 de ellas, con el t\u00edtulo mundial de 2016 y dos subcampeonatos en a\u00f1os anteriores en su haber.<\/p>\n\n\n\n<p class=\"wp-block-paragraph\">La F\u00f3rmula 1 entr\u00f3 en un receso obligado de cuatro semanas, por la cancelaci\u00f3n del GP de China, y retoma la temporada 2023 entre el 28 y el 30 de abril, con el GP de Azerbaiy\u00e1n, en las calles de Bak\u00fa.<\/p>\n","protected":false},"excerpt":{"rendered":"<p>Nico Rosberg se retir\u00f3 del deporte pocos d\u00edas despu\u00e9s de ganar su \u00fanico t\u00edtulo mundial en 2016 y tom\u00f3 por sorpresa al mundo del automovilismo. Ahora, el alem\u00e1n admite que ten\u00eda miedo de perder competitividad y quer\u00eda irse en sus propios t\u00e9rminos.<\/p>\n","protected":false},"author":0,"featured_media":1010145787,"comment_status":"closed","ping_status":"closed","sticky":false,"template":"","format":"standard","meta":{"42wp_featured_image_caption":"","42wp_featured_image_credits":"","42wp_featured_video":"","42wp_featured_image_hidden":false,"42wp_authors_list":[],"footnotes":""},"categories":[5],"tags":[181,755,185,179,199,249,197,1174,206,252,204],"42wp_author":[14237],"class_list":["post-19473","post","type-post","status-publish","format-standard","has-post-thumbnail","hentry","category-f1","tag-f1","tag-felipe-massa","tag-ferrari","tag-formula-1","tag-lewis-hamilton","tag-max-verstappen","tag-mercedes","tag-nico-rosberg","tag-red-bull","tag-valtteri-bottas","tag-williams","42wp_author-gabriel-garcia"],"_links":{"self":[{"href":"https:\/\/grandepremio.com\/es\/wp-json\/wp\/v2\/posts\/19473","targetHints":{"allow":["GET"]}}],"collection":[{"href":"https:\/\/grandepremio.com\/es\/wp-json\/wp\/v2\/posts"}],"about":[{"href":"https:\/\/grandepremio.com\/es\/wp-json\/wp\/v2\/types\/post"}],"replies":[{"embeddable":true,"href":"https:\/\/grandepremio.com\/es\/wp-json\/wp\/v2\/comments?post=19473"}],"version-history":[{"count":0,"href":"https:\/\/grandepremio.com\/es\/wp-json\/wp\/v2\/posts\/19473\/revisions"}],"wp:featuredmedia":[{"embeddable":true,"href":"https:\/\/grandepremio.com\/es\/wp-json\/wp\/v2\/media\/1010145787"}],"wp:attachment":[{"href":"https:\/\/grandepremio.com\/es\/wp-json\/wp\/v2\/media?parent=19473"}],"wp:term":[{"taxonomy":"category","embeddable":true,"href":"https:\/\/grandepremio.com\/es\/wp-json\/wp\/v2\/categories?post=19473"},{"taxonomy":"post_tag","embeddable":true,"href":"https:\/\/grandepremio.com\/es\/wp-json\/wp\/v2\/tags?post=19473"},{"taxonomy":"42wp_author","embeddable":true,"href":"https:\/\/grandepremio.com\/es\/wp-json\/wp\/v2\/42wp_author?post=19473"}],"curies":[{"name":"wp","href":"https:\/\/api.w.org\/{rel}","templated":true}]}}