{"id":19514,"date":"2023-04-14T14:15:00","date_gmt":"2023-04-14T17:15:00","guid":{"rendered":"https:\/\/grandepremio.com\/es\/2023\/04\/14\/alpine-linea-conservadora-olvida-mentalidad-ganadora-f1-2023\/"},"modified":"2023-04-14T14:20:47","modified_gmt":"2023-04-14T17:20:47","slug":"alpine-linea-conservadora-olvida-mentalidad-ganadora-f1-2023","status":"publish","type":"post","link":"https:\/\/grandepremio.com\/es\/f1\/alpine-linea-conservadora-olvida-mentalidad-ganadora-f1-2023\/","title":{"rendered":"Alpine contin\u00faa en su l\u00ednea conservadora y olvida mentalidad ganadora en F1 2023"},"content":{"rendered":"\n<p class=\"wp-block-paragraph\">La temporada 2023 de <a href=\"https:\/\/grandepremio.com\/es\/\/f1\/\" target=\"_blank\" rel=\"noreferrer noopener\">F\u00f3rmula 1<\/a> arranc\u00f3 con algunos cambios en la jerarqu\u00eda, pero mientras unos equipos sorprendieron en lo positivo y en lo negativo, <strong>Alpine <\/strong>se ha mantenido a un nivel parecido al de los \u00faltimos a\u00f1os. La formaci\u00f3n francesa contin\u00faa apostando por una mentalidad conservadora en mantenerse en la parte alta de la tabla media y, con ello, continuar luchando por ser el mejor del resto. <\/p>\n\n\n\n<p class=\"wp-block-paragraph\">Sin embargo, la sorprendente irrupci\u00f3n de <strong>Aston Martin<\/strong> a la parte delantera de la parrilla hizo sacar a la luz algunas debilidades de <strong>Alpine<\/strong>. Con estructuras parecidas, los de <strong>Silverstone <\/strong>han dado un golpe en la mesa gracias a una mentalidad ganadora y con mucha ambici\u00f3n. Factores de los que parecen escasear dentro de <strong>Enstone<\/strong>, que por querer mantener el mismo status se est\u00e1n viendo cada vez m\u00e1s relegados atr\u00e1s. \u00bfQu\u00e9 necesita <strong>Alpine <\/strong>para dar ese salto al frente de la <strong>F1<\/strong>? <\/p>\n\n\n\n<p class=\"wp-block-paragraph\"><strong><strong>\u00a1Conoce el canal de Grande Pr\u00eamio en Espa\u00f1ol en&nbsp;<a href=\"https:\/\/www.youtube.com\/channel\/UCDxWojGVUi9gWYhrY0pGbIQ\" target=\"_blank\" rel=\"noreferrer noopener\">YouTube<\/a>!<br>\u00a1Sigue a&nbsp;Grande Pr\u00eamio en Espa\u00f1ol&nbsp;en&nbsp;<a href=\"https:\/\/twitter.com\/grandepremioES\" target=\"_blank\" rel=\"noreferrer noopener\">Twitter&nbsp;<\/a>y en&nbsp;<a href=\"https:\/\/www.instagram.com\/grandepremioes\/\" target=\"_blank\" rel=\"noreferrer noopener\">Instagram<\/a>!<\/strong><\/strong><\/p>\n\n\n\n<p class=\"wp-block-paragraph\">En este video, <strong>Eric Calduch<\/strong> analiza la situaci\u00f3n actual de <strong>Alpine <\/strong>y detalla los factores que hacen que el equipo franc\u00e9s no est\u00e9 terminando de llegar a la cima de la categor\u00eda.<\/p>\n\n\n\n<figure class=\"wp-block-embed is-type-video is-provider-youtube wp-block-embed-youtube wp-embed-aspect-16-9 wp-has-aspect-ratio\"><div class=\"wp-block-embed__wrapper\">\n<iframe loading=\"lazy\" title=\"ALPINE SURCA OTRO A\u00d1O DE F\u00d3RMULA 1 SIN MENTALIDAD GANADORA\" width=\"500\" height=\"281\" src=\"https:\/\/www.youtube.com\/embed\/AwKYOLXU7Zw?feature=oembed\" frameborder=\"0\" allow=\"accelerometer; autoplay; clipboard-write; encrypted-media; gyroscope; picture-in-picture; web-share\" referrerpolicy=\"strict-origin-when-cross-origin\" allowfullscreen><\/iframe>\n<\/div><\/figure>\n","protected":false},"excerpt":{"rendered":"<p>En este video, Eric Calduch analiza la situaci\u00f3n actual de Alpine y detalla los factores que hacen que el equipo franc\u00e9s no est\u00e9 terminando de llegar a la cima de la categor\u00eda.<\/p>\n","protected":false},"author":0,"featured_media":1010144336,"comment_status":"closed","ping_status":"closed","sticky":false,"template":"","format":"standard","meta":{"42wp_featured_image_caption":"","42wp_featured_image_credits":"","42wp_featured_video":"","42wp_featured_image_hidden":false,"42wp_authors_list":[],"footnotes":""},"categories":[5],"tags":[678,209,362,181,1676,179,2534,2236,3438,2237,5409,1562,427,170,2551],"42wp_author":[14233],"class_list":["post-19514","post","type-post","status-publish","format-standard","has-post-thumbnail","hentry","category-f1","tag-alpine","tag-aston-martin","tag-esteban-ocon","tag-f1","tag-f1-2023","tag-formula-1","tag-formula-1-2023","tag-grande-premio-2","tag-grande-premio-en-espanol","tag-grandepremio","tag-mentalidad","tag-otmar-szafnauer","tag-pierre-gasly","tag-video","tag-video-gp","42wp_author-eric-calduch"],"_links":{"self":[{"href":"https:\/\/grandepremio.com\/es\/wp-json\/wp\/v2\/posts\/19514","targetHints":{"allow":["GET"]}}],"collection":[{"href":"https:\/\/grandepremio.com\/es\/wp-json\/wp\/v2\/posts"}],"about":[{"href":"https:\/\/grandepremio.com\/es\/wp-json\/wp\/v2\/types\/post"}],"replies":[{"embeddable":true,"href":"https:\/\/grandepremio.com\/es\/wp-json\/wp\/v2\/comments?post=19514"}],"version-history":[{"count":0,"href":"https:\/\/grandepremio.com\/es\/wp-json\/wp\/v2\/posts\/19514\/revisions"}],"wp:featuredmedia":[{"embeddable":true,"href":"https:\/\/grandepremio.com\/es\/wp-json\/wp\/v2\/media\/1010144336"}],"wp:attachment":[{"href":"https:\/\/grandepremio.com\/es\/wp-json\/wp\/v2\/media?parent=19514"}],"wp:term":[{"taxonomy":"category","embeddable":true,"href":"https:\/\/grandepremio.com\/es\/wp-json\/wp\/v2\/categories?post=19514"},{"taxonomy":"post_tag","embeddable":true,"href":"https:\/\/grandepremio.com\/es\/wp-json\/wp\/v2\/tags?post=19514"},{"taxonomy":"42wp_author","embeddable":true,"href":"https:\/\/grandepremio.com\/es\/wp-json\/wp\/v2\/42wp_author?post=19514"}],"curies":[{"name":"wp","href":"https:\/\/api.w.org\/{rel}","templated":true}]}}