{"id":19520,"date":"2023-04-14T09:53:18","date_gmt":"2023-04-14T12:53:18","guid":{"rendered":"https:\/\/grandepremio.com\/es\/2023\/04\/14\/miguel-oliveira-liberado-gp-americas-motogp\/"},"modified":"2023-04-14T09:53:21","modified_gmt":"2023-04-14T12:53:21","slug":"miguel-oliveira-liberado-gp-americas-motogp","status":"publish","type":"post","link":"https:\/\/grandepremio.com\/es\/motogp\/miguel-oliveira-liberado-gp-americas-motogp\/","title":{"rendered":"Oliveira es liberado por los m\u00e9dicos, y RNF va con dupla titular a Austin"},"content":{"rendered":"\n<figure class=\"wp-block-embed is-type-video is-provider-youtube wp-block-embed-youtube wp-embed-aspect-16-9 wp-has-aspect-ratio\"><div class=\"wp-block-embed__wrapper\">\n<iframe loading=\"lazy\" title=\"HONDA SIGUE SIN LEVANTAR CABEZA EN UN NUEVO INICIO DEL MOTOGP\" width=\"500\" height=\"281\" src=\"https:\/\/www.youtube.com\/embed\/WnhvhZQus7o?feature=oembed\" frameborder=\"0\" allow=\"accelerometer; autoplay; clipboard-write; encrypted-media; gyroscope; picture-in-picture; web-share\" referrerpolicy=\"strict-origin-when-cross-origin\" allowfullscreen><\/iframe>\n<\/div><\/figure>\n\n\n\n<p class=\"wp-block-paragraph\"><strong>Miguel Oliveira<\/strong> participar\u00e1 este fin de semana en el G<strong>P de las Am\u00e9ricas<\/strong> de <strong>MotoGP.<\/strong> <a href=\"https:\/\/grandepremio.com\/es\/\/motogp\/marc-marquez-toca-jorge-martin-arrolla-miguel-oliveira-gp-portugal\/\" target=\"_blank\" rel=\"noreferrer noopener\">El piloto portugu\u00e9s, que se ausent\u00f3 de la fecha en <strong>Argentina<\/strong> tras un accidente con <strong>Marc M\u00e1rquez<\/strong>,<\/a> fue dado de alta por los m\u00e9dicos este jueves.<\/p>\n\n\n\n<p class=\"wp-block-paragraph\"><a href=\"https:\/\/grandepremio.com\/es\/\/motogp\/miguel-oliveira-gp-argentina-motogp\/\" target=\"_blank\" rel=\"noreferrer noopener\">Miguel se qued\u00f3 fuera del GP de Argentina debido a las lesiones sufridas en un fuerte accidente con el piloto de Honda en Portimao<\/a>, pero ahora retomar\u00e1 su lugar en el equipo sat\u00e9lite de Aprilia. Por su parte, <a href=\"https:\/\/grandepremio.com\/es\/\/motogp\/marc-marquez-fuera-gp-de-americas-motogp\/\" target=\"_blank\" rel=\"noreferrer noopener\">el #93 volver\u00e1 a ausentarse para seguir la recuperaci\u00f3n de la operaci\u00f3n en su mano derecha.<\/a><\/p>\n\n\n\n<p class=\"wp-block-paragraph\">&#8220;La lesi\u00f3n era s\u00f3lo un tend\u00f3n que estaba un poco da\u00f1ado, algunos tendones de la cadera. As\u00ed que b\u00e1sicamente el problema era que no pod\u00eda abrir la pierna y pasar por encima de la moto sin dolor, por lo que el viaje a Argentina ser\u00eda muy largo. Sent\u00ed mucho dolor durante tres d\u00edas, fue muy duro, pero tuve que tomar la decisi\u00f3n de descansar&#8221;, cont\u00f3 Oliveira.<\/p>\n\n\n\n<figure class=\"wp-block-image size-large\"><img decoding=\"async\" src=\"https:\/\/www.grandepremio.com\/br\/wp-content\/uploads\/2023\/04\/unnamed14-1024x682.jpg\" alt=\"\" class=\"wp-image-670945\"\/><figcaption class=\"wp-element-caption\">Miguel Oliveira volver\u00e1 a competir en el MotoGP para el GP de las Am\u00e9ricas (Foto: RNF)<\/figcaption><\/figure>\n\n\n\n<p class=\"wp-block-paragraph\"><strong><strong>\u00a1Conoce el canal de Grande Pr\u00eamio en Espa\u00f1ol en\u00a0<a href=\"https:\/\/www.youtube.com\/channel\/UCDxWojGVUi9gWYhrY0pGbIQ\" target=\"_blank\" rel=\"noreferrer noopener\">YouTube<\/a>!<br>\u00a1Sigue a\u00a0Grande Pr\u00eamio en Espa\u00f1ol\u00a0en\u00a0<a href=\"https:\/\/twitter.com\/grandepremioES\" target=\"_blank\" rel=\"noreferrer noopener\">Twitter\u00a0<\/a>y en\u00a0<a href=\"https:\/\/www.instagram.com\/grandepremioes\/\" target=\"_blank\" rel=\"noreferrer noopener\">Instagram<\/a>!<\/strong><\/strong><\/p>\n\n\n\n<p class=\"wp-block-paragraph\">&#8220;Es una l\u00e1stima que las dos primeras carreras hayan sido consecutivas, de lo contrario creo que podr\u00eda haber corrido el fin de semana siguiente [en Argentina] como estamos haciendo ahora. Por todo lo que pas\u00f3 el domingo, estoy muy agradecido de no haber sufrido ninguna lesi\u00f3n grave&#8221;, a\u00f1adi\u00f3 Oliveira.<\/p>\n\n\n\n<p class=\"wp-block-paragraph\">Por el lado de <strong>Honda,<\/strong> la marca no estar\u00e1 desamparada: <strong>Joan Mir <\/strong>est\u00e1 de vuelta en la categor\u00eda reina. Incluso particip\u00f3 en la etapa sudamericana, pero qued\u00f3 descartado para la carrera del domingo tras sufrir una fuerte ca\u00edda en el sprint. Esta semana, el campe\u00f3n de 2020 tambi\u00e9n recibi\u00f3 el alta m\u00e9dica y se mostr\u00f3 feliz de volver a la parrilla.<\/p>\n\n\n\n<p class=\"wp-block-paragraph\">&#8220;Estoy listo para volver a subirme a la moto en Estados Unidos&#8221;, anunci\u00f3 Mir. &#8220;He pasado esta semana en casa recuper\u00e1ndome totalmente tras la ca\u00edda del s\u00e1bado y estoy de vuelta en los entrenamientos&#8221;, cerr\u00f3 el espa\u00f1ol.<\/p>\n","protected":false},"excerpt":{"rendered":"<p>Miguel Oliveira volver\u00e1 a la parrilla del MotoGP en el GP de las Americas tras su ausencia en Argentina por lesi\u00f3n. De esta manera, el portugu\u00e9s volver\u00e1 a compartir la dupla titular de RNF junto a Ra\u00fal Fern\u00e1ndez.  <\/p>\n","protected":false},"author":0,"featured_media":1000671773,"comment_status":"closed","ping_status":"closed","sticky":false,"template":"","format":"standard","meta":{"42wp_featured_image_caption":"","42wp_featured_image_credits":"","42wp_featured_video":"","42wp_featured_image_hidden":false,"42wp_authors_list":[],"footnotes":""},"categories":[8],"tags":[1394,1447,221,1521,1392,1403,1293,2657,1612,5502],"42wp_author":[14223],"class_list":["post-19520","post","type-post","status-publish","format-standard","has-post-thumbnail","hentry","category-motogp","tag-aprilia","tag-gp-de-las-americas","tag-honda","tag-joan-mir","tag-marc-marquez-2","tag-miguel-oliveira","tag-motogp","tag-motogp-2023","tag-rnf","tag-rnf-aprilia","42wp_author-esteban-nieto"],"_links":{"self":[{"href":"https:\/\/grandepremio.com\/es\/wp-json\/wp\/v2\/posts\/19520","targetHints":{"allow":["GET"]}}],"collection":[{"href":"https:\/\/grandepremio.com\/es\/wp-json\/wp\/v2\/posts"}],"about":[{"href":"https:\/\/grandepremio.com\/es\/wp-json\/wp\/v2\/types\/post"}],"replies":[{"embeddable":true,"href":"https:\/\/grandepremio.com\/es\/wp-json\/wp\/v2\/comments?post=19520"}],"version-history":[{"count":0,"href":"https:\/\/grandepremio.com\/es\/wp-json\/wp\/v2\/posts\/19520\/revisions"}],"wp:featuredmedia":[{"embeddable":true,"href":"https:\/\/grandepremio.com\/es\/wp-json\/wp\/v2\/media\/1000671773"}],"wp:attachment":[{"href":"https:\/\/grandepremio.com\/es\/wp-json\/wp\/v2\/media?parent=19520"}],"wp:term":[{"taxonomy":"category","embeddable":true,"href":"https:\/\/grandepremio.com\/es\/wp-json\/wp\/v2\/categories?post=19520"},{"taxonomy":"post_tag","embeddable":true,"href":"https:\/\/grandepremio.com\/es\/wp-json\/wp\/v2\/tags?post=19520"},{"taxonomy":"42wp_author","embeddable":true,"href":"https:\/\/grandepremio.com\/es\/wp-json\/wp\/v2\/42wp_author?post=19520"}],"curies":[{"name":"wp","href":"https:\/\/api.w.org\/{rel}","templated":true}]}}