{"id":19524,"date":"2023-04-13T15:20:56","date_gmt":"2023-04-13T18:20:56","guid":{"rendered":"https:\/\/grandepremio.com\/es\/2023\/04\/13\/formula-1-norris-elogia-piastri-mclaren\/"},"modified":"2023-04-13T15:24:20","modified_gmt":"2023-04-13T18:24:20","slug":"formula-1-norris-elogia-piastri-mclaren","status":"publish","type":"post","link":"https:\/\/grandepremio.com\/es\/f1\/formula-1-norris-elogia-piastri-mclaren\/","title":{"rendered":"Norris elogia a Piastri y asegura que siente &#8220;m\u00e1s presi\u00f3n&#8221; que con Ricciardo"},"content":{"rendered":"\n<p class=\"wp-block-paragraph\">El inicio de temporada de <strong><a href=\"https:\/\/grandepremio.com\/es\/\/?s=mclaren\">McLaren<\/a><\/strong> no fue del todo bueno: la escuder\u00eda brit\u00e1nica sabe que su coche no estuvo a la altura de las circunstancias en las tres primeras carreras del a\u00f1o. A ra\u00edz de ello, prometen grandes novedades a partir de <strong>Azerbaiy\u00e1n<\/strong>. <\/p>\n\n\n\n<p class=\"wp-block-paragraph\">En la pista la dupla de pilotos tuvo algo de mala suerte como por ejemplo, en Arabia Saudita cuando ambos pilotos se vieron afectados por el mismo incidente en el que se vio implicado <strong>Pierre Gasly<\/strong>. Pero eso no impidi\u00f3 que <strong>Lando Norris<\/strong> elogiara el comienzo de a\u00f1o de <strong><a href=\"https:\/\/grandepremio.com\/es\/\/f1\/formula-1-piastri-actualizaciones-mclaren-baku\/\">Oscar Piastri<\/a><\/strong>, con una indirecta hacia <strong>Daniel Ricciardo<\/strong>.<strong><br><\/strong><\/p>\n\n\n\n<p class=\"wp-block-paragraph\"><strong>\u00a1Conoce el canal de Grande Pr\u00eamio en Espa\u00f1ol en\u00a0<a href=\"https:\/\/www.youtube.com\/channel\/UCDxWojGVUi9gWYhrY0pGbIQ\" target=\"_blank\" rel=\"noreferrer noopener\">YouTube<\/a>!<br>\u00a1Sigue a\u00a0Grande Pr\u00eamio en Espa\u00f1ol\u00a0en\u00a0<a href=\"https:\/\/twitter.com\/grandepremioES\" target=\"_blank\" rel=\"noreferrer noopener\">Twitter\u00a0<\/a>y en\u00a0<a href=\"https:\/\/www.instagram.com\/grandepremioes\/\" target=\"_blank\" rel=\"noreferrer noopener\">Instagram<\/a>!<\/strong><\/p>\n\n\n\n<p class=\"wp-block-paragraph\">Por primera vez en su carrera, <strong><a href=\"https:\/\/grandepremio.com\/es\/\/f1\/lando-norris-aleja-rumores-salida-mclaren-crisis\/\">Norris<\/a> pasa a ser el piloto experimentado del equipo<\/strong>. Piastri de hecho, es un novato pero ha hecho lo suficiente para impresionar. Seg\u00fan el ingl\u00e9s, <strong>ya hace m\u00e1s por presionar a Lando<\/strong> que en los \u00faltimos tiempos. <strong>Un comentario indirecto<\/strong> sin dudas, hacia Ricciardo.<\/p>\n\n\n\n<p class=\"wp-block-paragraph\">&#8220;Est\u00e1 haciendo un gran trabajo, sinceramente. Incluso<strong> me siento raro hablando como el experimentado, pero est\u00e1 haciendo un buen trabajo manejando la presi\u00f3n muy bien. <\/strong>Es algo muy fuerte que he visto en \u00e9l&#8221;, declar\u00f3 en una entrevista con la cadena de televisi\u00f3n brit\u00e1nica <em>Channel 4<\/em>.<\/p>\n\n\n\n<figure class=\"wp-block-image size-large\"><img decoding=\"async\" src=\"https:\/\/www.grandepremio.com\/br\/wp-content\/uploads\/2020\/05\/000_33CB43E-1024x683.jpg\" alt=\"\" class=\"wp-image-666450\"\/><figcaption class=\"wp-element-caption\">Oscar Piastri cosecha elogios dentro del equipo McLaren (Foto: AFP)<\/figcaption><\/figure>\n\n\n\n<p class=\"wp-block-paragraph\">&#8220;Es tranquilo, controlado y muy r\u00e1pido. As\u00ed que creo que tiene lo que hay que tener. <strong>Me est\u00e1 presionando m\u00e1s que en los \u00faltimos a\u00f1os<\/strong>, lo que tambi\u00e9n suele ser <a href=\"https:\/\/grandepremio.com\/es\/\/f1\/mclaren-clave-equilibrar-f1-2023-parrilla-inspirada-red-bull\/\">bueno para el equipo<\/a>. En Australia pas\u00f3 del 16\u00ba al octavo puesto y <strong>sum\u00f3 puntos en un fin de semana dif\u00edcil<\/strong>, as\u00ed que bien por \u00e9l tambi\u00e9n&#8221;, se\u00f1al\u00f3 Norris.<\/p>\n\n\n\n<p class=\"wp-block-paragraph\"><strong>Mark Webber<\/strong>, <strong>ex piloto de F1 y m\u00e1nager de Piastri<\/strong> tambi\u00e9n celebr\u00f3 el debut del novato en casa.<\/p>\n\n\n\n<p class=\"wp-block-paragraph\">&#8220;Es bueno verlo vivir esta fenomenal experiencia. <strong>Cada d\u00eda es nuevo para \u00e9l, va mejorando poco a poco, <\/strong>que es algo normal con la experiencia, como sabemos todos los que competimos a alto nivel. <strong>La experiencia es algo que no se puede comprar, pero la consigues <\/strong>con todos los reinicios, la clasificaci\u00f3n y las condiciones mixtas en un circuito pr\u00e1cticamente nuevo tras las modificaciones&#8221;, relat\u00f3 en una entrevista con el podcast<em> F1 Nation<\/em>.<\/p>\n\n\n\n<p class=\"wp-block-paragraph\">&#8220;El resultado es que sales con un cami\u00f3n lleno de experiencia nueva para el a\u00f1o que viene, lo que es genial. <strong>El vaiv\u00e9n de situaciones es real: quieres que pasen cosas buenas y malas<\/strong>&#8220;, finaliz\u00f3 Webber.<\/p>\n\n\n\n<p class=\"wp-block-paragraph\">La\u00a0<strong><a href=\"https:\/\/grandepremio.com\/es\/\/f1\/\" target=\"_blank\" rel=\"noreferrer noopener\">F\u00f3rmula 1<\/a><\/strong>\u00a0se encuentra en un descanso forzoso de cuatro semanas debido a la cancelaci\u00f3n del<strong>\u00a0GP de China,<\/strong>\u00a0y reanuda la temporada 2023 entre el 28 y el 30 de abril con el\u00a0<strong>GP de Azerbaiy\u00e1n<\/strong>\u00a0en las calles de Bak\u00fa.<\/p>\n\n\n\n<figure class=\"wp-block-embed is-type-video is-provider-youtube wp-block-embed-youtube wp-embed-aspect-16-9 wp-has-aspect-ratio\"><div class=\"wp-block-embed__wrapper\">\n<iframe loading=\"lazy\" title=\"MCLAREN, A LA DERIVA Y SIN ENCONTRAR SU LUGAR EN LA F\u00d3RMULA 1\" width=\"500\" height=\"281\" src=\"https:\/\/www.youtube.com\/embed\/EgCPxLCGzFA?feature=oembed\" frameborder=\"0\" allow=\"accelerometer; autoplay; clipboard-write; encrypted-media; gyroscope; picture-in-picture; web-share\" referrerpolicy=\"strict-origin-when-cross-origin\" allowfullscreen><\/iframe>\n<\/div><\/figure>\n","protected":false},"excerpt":{"rendered":"<p>Lando Norris elogi\u00f3 el comienzo de Oscar Piastri en la F\u00f3rmula 1. Las declaraciones sin embargo, sonaron m\u00e1s como un ataque a su excompa\u00f1ero Daniel Ricciardo.<\/p>\n","protected":false},"author":0,"featured_media":1010144047,"comment_status":"closed","ping_status":"closed","sticky":false,"template":"","format":"standard","meta":{"42wp_featured_image_caption":"","42wp_featured_image_credits":"","42wp_featured_video":"","42wp_featured_image_hidden":false,"42wp_authors_list":[],"footnotes":""},"categories":[5],"tags":[365,181,1676,179,1488,2237,268,269,1245,278],"42wp_author":[14235],"class_list":["post-19524","post","type-post","status-publish","format-standard","has-post-thumbnail","hentry","category-f1","tag-daniel-ricciardo","tag-f1","tag-f1-2023","tag-formula-1","tag-grande-premio","tag-grandepremio","tag-lando-norris","tag-mclaren","tag-mclaren-f1","tag-oscar-piastri","42wp_author-barbara-mincioni"],"_links":{"self":[{"href":"https:\/\/grandepremio.com\/es\/wp-json\/wp\/v2\/posts\/19524","targetHints":{"allow":["GET"]}}],"collection":[{"href":"https:\/\/grandepremio.com\/es\/wp-json\/wp\/v2\/posts"}],"about":[{"href":"https:\/\/grandepremio.com\/es\/wp-json\/wp\/v2\/types\/post"}],"replies":[{"embeddable":true,"href":"https:\/\/grandepremio.com\/es\/wp-json\/wp\/v2\/comments?post=19524"}],"version-history":[{"count":0,"href":"https:\/\/grandepremio.com\/es\/wp-json\/wp\/v2\/posts\/19524\/revisions"}],"wp:featuredmedia":[{"embeddable":true,"href":"https:\/\/grandepremio.com\/es\/wp-json\/wp\/v2\/media\/1010144047"}],"wp:attachment":[{"href":"https:\/\/grandepremio.com\/es\/wp-json\/wp\/v2\/media?parent=19524"}],"wp:term":[{"taxonomy":"category","embeddable":true,"href":"https:\/\/grandepremio.com\/es\/wp-json\/wp\/v2\/categories?post=19524"},{"taxonomy":"post_tag","embeddable":true,"href":"https:\/\/grandepremio.com\/es\/wp-json\/wp\/v2\/tags?post=19524"},{"taxonomy":"42wp_author","embeddable":true,"href":"https:\/\/grandepremio.com\/es\/wp-json\/wp\/v2\/42wp_author?post=19524"}],"curies":[{"name":"wp","href":"https:\/\/api.w.org\/{rel}","templated":true}]}}