{"id":19559,"date":"2023-04-10T10:25:19","date_gmt":"2023-04-10T13:25:19","guid":{"rendered":"https:\/\/grandepremio.com\/es\/2023\/04\/10\/ducati-error-grave-francesco-bagnaia-argentina-no-crucificarlo\/"},"modified":"2023-04-10T14:41:51","modified_gmt":"2023-04-10T17:41:51","slug":"ducati-error-grave-francesco-bagnaia-argentina-no-crucificarlo","status":"publish","type":"post","link":"https:\/\/grandepremio.com\/es\/motogp\/ducati-error-grave-francesco-bagnaia-argentina-no-crucificarlo\/","title":{"rendered":"Ducati lamenta \u201cerror grave\u201d de Bagnaia, pero defiende: \u201cNo podemos crucificarlo\u201d"},"content":{"rendered":"\n<p class=\"wp-block-paragraph\">El jefe de <strong>Ducati<\/strong>, <strong>Davide Tardozzi,<\/strong> ha juzgado que no se puede crucificar a <strong>Francesco Bagnaia<\/strong> por el &#8220;grave error&#8221; que cometi\u00f3 en el <a href=\"https:\/\/grandepremio.com\/es\/\/motogp\/\" target=\"_blank\" rel=\"noreferrer noopener\">GP de Argentina.<\/a> En opini\u00f3n del directivo, el piloto de Torino ha madurado respecto a los errores que cometi\u00f3 a principios del a\u00f1o pasado y necesita apoyo.<\/p>\n\n\n\n<p class=\"wp-block-paragraph\">En <strong>Termas de R\u00edo Hondo<\/strong>, <strong>Pecco <\/strong>sufri\u00f3 una ca\u00edda cuando rodaba en segunda posici\u00f3n en la carrera del domingo. Aunque consigui\u00f3 volver a la carrera, recibi\u00f3 la bandera s\u00f3lo en 16\u00aa posici\u00f3n y no sum\u00f3 puntos. Como resultado, el piloto n\u00ba 1 perdi\u00f3 el liderato del Campeonato del Mundo de Pilotos en favor de <strong>Marco Bezzecchi <\/strong>y cay\u00f3 al segundo puesto.<\/p>\n\n\n\n<p class=\"wp-block-paragraph\"><strong>\u00a1Conoce el canal de Grande Pr\u00eamio en Espa\u00f1ol en&nbsp;<a href=\"https:\/\/www.youtube.com\/channel\/UCDxWojGVUi9gWYhrY0pGbIQ\" target=\"_blank\" rel=\"noreferrer noopener\">YouTube<\/a>!<br>\u00a1Sigue a&nbsp;Grande Pr\u00eamio en Espa\u00f1ol&nbsp;en&nbsp;<a href=\"https:\/\/twitter.com\/grandepremioES\" target=\"_blank\" rel=\"noreferrer noopener\">Twitter&nbsp;<\/a>y en&nbsp;<a href=\"https:\/\/www.instagram.com\/grandepremioes\/\" target=\"_blank\" rel=\"noreferrer noopener\">Instagram<\/a>!<\/strong><\/p>\n\n\n\n<figure class=\"wp-block-image size-large\"><img decoding=\"async\" src=\"https:\/\/www.grandepremio.com\/br\/wp-content\/uploads\/2022\/10\/MotoGP-Ducati-Davide-Tardozzi-1024x681.jpg\" alt=\"\" class=\"wp-image-626749\"\/><figcaption class=\"wp-element-caption\">Davide Tardozzi analiz\u00f3 que Bagnaia tendr\u00e1 tiempo para reaccionar al error (Foto: Ducati)<\/figcaption><\/figure>\n\n\n\n<p class=\"wp-block-paragraph\">En opini\u00f3n de <strong>Tardozzi<\/strong>, aunque <strong>Bagnaia <\/strong>haya cometido un error indebido, le queda mucho tiempo para reaccionar.<\/p>\n\n\n\n<p class=\"wp-block-paragraph\">&#8220;He o\u00eddo lo que ha dicho <strong>Bagnaia <\/strong>nada m\u00e1s llegar. Cometi\u00f3 un grave error&#8221;, dijo <strong>Tardozzi <\/strong>en una entrevista concedida a la publicaci\u00f3n italiana <em>Motosprint<\/em>. &#8220;Pero a\u00fan quedan 19 carreras y creo que, a partir de <strong>Austin<\/strong>, <strong>Pecco <\/strong>tendr\u00e1 la oportunidad de redimirse&#8221;, subray\u00f3.<\/p>\n\n\n\n<p class=\"wp-block-paragraph\"><strong>Davide <\/strong>se\u00f1al\u00f3 que <strong>Bezzecchi <\/strong>ten\u00eda un gran margen en el liderato del <strong>GP de Argentina<\/strong> en el momento de la ca\u00edda de <strong>Pecco<\/strong>, por lo que no cree que el piloto de <strong>Ducati <\/strong>intentara alcanzar al l\u00edder. El m\u00e1nager consider\u00f3, sin embargo, que la presi\u00f3n de <strong>\u00c1lex M\u00e1rquez<\/strong> y <strong>Franco Morbidelli<\/strong> pudo provocar el error.<\/p>\n\n\n\n<p class=\"wp-block-paragraph\">&#8220;<strong>Bezzecchi <\/strong>ten\u00eda m\u00e1s de 5s de ventaja, no creo que pensara en alcanzarle. Quiz\u00e1 estaba un poco presionado porque ten\u00eda a <strong>M\u00e1rquez <\/strong>a s\u00f3lo 0s6 y <strong>Morbidelli <\/strong>estaba reaccionando. Se lo dijimos&#8221;, se\u00f1al\u00f3. &#8220;La pen\u00faltima curva estaba especialmente resbaladiza y el error estuvo cerca. Eso no justifica el error, porque los dem\u00e1s no lo cometieron. <strong>Pecco <\/strong>iba al l\u00edmite y desgraciadamente hubo un accidente&#8221;, coment\u00f3.<\/p>\n\n\n\n<p class=\"wp-block-paragraph\">Aun reconociendo que <strong>Pecco <\/strong>cometi\u00f3 un error, <strong>Tardozzi <\/strong>valor\u00f3 que <strong>Ducati <\/strong>sigue confiando en <strong>Francesco<\/strong>.<\/p>\n\n\n\n<p class=\"wp-block-paragraph\">&#8220;No ha perdido nuestra confianza y estamos convencidos de que volver\u00e1 a ser muy r\u00e1pido en <strong>Texas<\/strong>&#8220;, asegur\u00f3 <strong>Tardozzi<\/strong>. &#8220;Parece incre\u00edble decir esto hoy, pero creo que <strong>Pecco <\/strong>ha madurado en comparaci\u00f3n con los errores que cometi\u00f3 en la primera parte del a\u00f1o pasado. Los repiti\u00f3 en <strong>Argentina<\/strong>. Analiz\u00f3 en detalle con los ingenieros, sufri\u00f3 especialmente con esa ca\u00edda porque sab\u00eda que no deber\u00eda haber ocurrido, sab\u00eda que deb\u00eda puntuar. Hay que sumar puntos en la primera parte de la temporada y luego atacar en la segunda, como le dije durante todo el invierno. Lo digiri\u00f3 y por desgracia cometi\u00f3 un error, pero no podemos crucificarle. Debemos apoyarle y ayudarle&#8221;, concluy\u00f3.<\/p>\n\n\n\n<p class=\"wp-block-paragraph\"><strong>MotoGP<\/strong> regresa entre el 14 y el 16 de abril, con el <strong>GP de las Am\u00e9ricas<\/strong> en <strong>Austin<\/strong>.<\/p>\n","protected":false},"excerpt":{"rendered":"<p>El jefe de Ducati, Davide Tardozzi, valor\u00f3 que el vigente campe\u00f3n a\u00fan tiene mucho tiempo para reaccionar al error que cometi\u00f3 en Termas de R\u00edo Hondo, y juzg\u00f3 que el piloto italiano ha madurado respecto a los errores que cometi\u00f3 a principios de la pasada temporada.<\/p>\n","protected":false},"author":0,"featured_media":1000669681,"comment_status":"closed","ping_status":"closed","sticky":false,"template":"","format":"standard","meta":{"42wp_featured_image_caption":"","42wp_featured_image_credits":"","42wp_featured_video":"","42wp_featured_image_hidden":false,"42wp_authors_list":[],"footnotes":""},"categories":[8],"tags":[1388,1340,1376,1445,855,1293,2657,1764,1444],"42wp_author":[14233],"class_list":["post-19559","post","type-post","status-publish","format-standard","has-post-thumbnail","hentry","category-motogp","tag-argentina","tag-ducati","tag-francesco-bagnaia","tag-gp-de-argentina","tag-motociclismo","tag-motogp","tag-motogp-2023","tag-mundial-de-motociclismo","tag-termas-de-rio-hondo","42wp_author-eric-calduch"],"_links":{"self":[{"href":"https:\/\/grandepremio.com\/es\/wp-json\/wp\/v2\/posts\/19559","targetHints":{"allow":["GET"]}}],"collection":[{"href":"https:\/\/grandepremio.com\/es\/wp-json\/wp\/v2\/posts"}],"about":[{"href":"https:\/\/grandepremio.com\/es\/wp-json\/wp\/v2\/types\/post"}],"replies":[{"embeddable":true,"href":"https:\/\/grandepremio.com\/es\/wp-json\/wp\/v2\/comments?post=19559"}],"version-history":[{"count":0,"href":"https:\/\/grandepremio.com\/es\/wp-json\/wp\/v2\/posts\/19559\/revisions"}],"wp:featuredmedia":[{"embeddable":true,"href":"https:\/\/grandepremio.com\/es\/wp-json\/wp\/v2\/media\/1000669681"}],"wp:attachment":[{"href":"https:\/\/grandepremio.com\/es\/wp-json\/wp\/v2\/media?parent=19559"}],"wp:term":[{"taxonomy":"category","embeddable":true,"href":"https:\/\/grandepremio.com\/es\/wp-json\/wp\/v2\/categories?post=19559"},{"taxonomy":"post_tag","embeddable":true,"href":"https:\/\/grandepremio.com\/es\/wp-json\/wp\/v2\/tags?post=19559"},{"taxonomy":"42wp_author","embeddable":true,"href":"https:\/\/grandepremio.com\/es\/wp-json\/wp\/v2\/42wp_author?post=19559"}],"curies":[{"name":"wp","href":"https:\/\/api.w.org\/{rel}","templated":true}]}}