{"id":19568,"date":"2023-04-09T14:08:04","date_gmt":"2023-04-09T17:08:04","guid":{"rendered":"https:\/\/grandepremio.com\/es\/2023\/04\/09\/formula-1-aston-martin-vettel-amr23\/"},"modified":"2023-04-09T16:35:14","modified_gmt":"2023-04-09T19:35:14","slug":"formula-1-aston-martin-vettel-amr23","status":"publish","type":"post","link":"https:\/\/grandepremio.com\/es\/f1\/formula-1-aston-martin-vettel-amr23\/","title":{"rendered":"Aston Martin reconoce el trabajo de Vettel en el desarrollo del AMR23: &#8220;Tiene sus m\u00e9ritos&#8221;"},"content":{"rendered":"\n<p class=\"wp-block-paragraph\">El retiro de<strong> Sebastian Vettel<\/strong> tom\u00f3 a muchos por sorpresa pero <strong>Aston Martin<\/strong> sabe que lleva una parte del tetracampe\u00f3n en el <strong>AMR23<\/strong>. <strong>Mike Krack<\/strong> revel\u00f3 que antes de dejar la categor\u00eda, <strong>el piloto alem\u00e1n aport\u00f3 muchas indicaciones sobre el desarrollo del coche de este a\u00f1o<\/strong>.<\/p>\n\n\n\n<p class=\"wp-block-paragraph\"><strong><strong>\u00a1Conoce el canal de Grande Pr\u00eamio en Espa\u00f1ol en\u00a0<a href=\"https:\/\/www.youtube.com\/channel\/UCDxWojGVUi9gWYhrY0pGbIQ\" target=\"_blank\" rel=\"noreferrer noopener\">YouTube<\/a>!<br>\u00a1Sigue a\u00a0Grande Pr\u00eamio en Espa\u00f1ol\u00a0en\u00a0<a href=\"https:\/\/twitter.com\/grandepremioES\" target=\"_blank\" rel=\"noreferrer noopener\">Twitter\u00a0<\/a>y en\u00a0<a href=\"https:\/\/www.instagram.com\/grandepremioes\/\" target=\"_blank\" rel=\"noreferrer noopener\">Instagram<\/a>!<\/strong><\/strong><\/p>\n\n\n\n<p class=\"wp-block-paragraph\">El jefe de la escuder\u00eda brit\u00e1nica <strong>reconoci\u00f3 el trabajo de Vettel como parte importante del salto de calidad que ha dado el equipo en 2023<\/strong>. Aston Martin ha subido al podio en todas las carreras disputadas hasta ahora con <strong>Fernando Alonso<\/strong>, y ya piensa en dar el siguiente paso muy pronto con la vista puesta en circuitos como M\u00f3naco y Barcelona como circuitos para <strong>una posible victoria<\/strong>.<\/p>\n\n\n\n<figure class=\"wp-block-image size-large\"><img decoding=\"async\" src=\"https:\/\/www.grandepremio.com\/br\/wp-content\/uploads\/2023\/04\/Mike-Krack-02-1024x683.jpg\" alt=\"\" class=\"wp-image-667463\"\/><figcaption class=\"wp-element-caption\">El jefe de Aston Martin, Mike Krack, reconoci\u00f3 el trabajo de Sebastian Vettel el a\u00f1o pasado (Foto: Aston Martin)<\/figcaption><\/figure>\n\n\n\n<p class=\"wp-block-paragraph\">&#8220;<strong>Creo que tiene sus m\u00e9ritos en cuanto a d\u00f3nde estamos hoy<\/strong> porque tuvimos muchas reuniones el a\u00f1o pasado en las que nos daba indicaciones o aconsejaba&#8221;, record\u00f3 Krack.  El jefe de <strong>Aston Martin <\/strong>tambi\u00e9n fue indagado por l<strong>a decisi\u00f3n de Vettel de dejar la F1<\/strong> y si entonces pens\u00f3 que la medida fue precipitada pero admiti\u00f3 que se trataba de respetar su voluntad.<\/p>\n\n\n\n<p class=\"wp-block-paragraph\">&#8220;Bueno,<strong> si Vettel se retir\u00f3 demasiado pronto o demasiado tarde es algo que deber\u00e1n preguntarle a \u00e9l<\/strong>&#8220;, declar\u00f3. &#8220;Tenemos que respetar su decisi\u00f3n. Reflexion\u00f3 durante mucho tiempo antes de decidirse y si tuvo que seguir adelante, nosotros tambi\u00e9n&#8221;, concluy\u00f3 Krack.<\/p>\n\n\n\n<figure class=\"wp-block-embed is-type-video is-provider-youtube wp-block-embed-youtube wp-embed-aspect-16-9 wp-has-aspect-ratio\"><div class=\"wp-block-embed__wrapper\">\n<iframe loading=\"lazy\" title=\"FALLOWS Y BLANDIN, LOS T\u00c9CNICOS QUE SORPRENDEN EN LA F1 2023\" width=\"500\" height=\"281\" src=\"https:\/\/www.youtube.com\/embed\/mmgGTj1xiPw?feature=oembed\" frameborder=\"0\" allow=\"accelerometer; autoplay; clipboard-write; encrypted-media; gyroscope; picture-in-picture; web-share\" referrerpolicy=\"strict-origin-when-cross-origin\" allowfullscreen><\/iframe>\n<\/div><\/figure>\n","protected":false},"excerpt":{"rendered":"<p>Sebastian Vettel dej\u00f3 la F\u00f3rmula 1 a finales del a\u00f1o pasado, pero no sin antes dejar instrucciones para el desarrollo del AMR23. Mike Krack, jefe de Aston Martin reconoce el m\u00e9rito del piloto alem\u00e1n en el rendimiento del coche. <\/p>\n","protected":false},"author":0,"featured_media":1010143159,"comment_status":"closed","ping_status":"closed","sticky":false,"template":"","format":"standard","meta":{"42wp_featured_image_caption":"","42wp_featured_image_credits":"","42wp_featured_video":"","42wp_featured_image_hidden":false,"42wp_authors_list":[],"footnotes":""},"categories":[5],"tags":[4309,209,5721,5624,4605,4021,1676,184,5340,179,1488,2237,2046,2045,5001,3971,3113,208,608],"42wp_author":[14235],"class_list":["post-19568","post","type-post","status-publish","format-standard","has-post-thumbnail","hentry","category-f1","tag-amr23","tag-aston-martin","tag-aston-martin-2023","tag-aston-martin-amr23","tag-aston-martin-formula-1","tag-despedida-vettel-f1","tag-f1-2023","tag-fernando-alonso","tag-fernando-alonso-en-aston-martin","tag-formula-1","tag-grande-premio","tag-grandepremio","tag-krack","tag-mike-krack","tag-retiro-de-sebastian-vettel","tag-retiro-sebastian-vettel","tag-retiro-vettel","tag-sebastian-vettel","tag-vettel","42wp_author-barbara-mincioni"],"_links":{"self":[{"href":"https:\/\/grandepremio.com\/es\/wp-json\/wp\/v2\/posts\/19568","targetHints":{"allow":["GET"]}}],"collection":[{"href":"https:\/\/grandepremio.com\/es\/wp-json\/wp\/v2\/posts"}],"about":[{"href":"https:\/\/grandepremio.com\/es\/wp-json\/wp\/v2\/types\/post"}],"replies":[{"embeddable":true,"href":"https:\/\/grandepremio.com\/es\/wp-json\/wp\/v2\/comments?post=19568"}],"version-history":[{"count":0,"href":"https:\/\/grandepremio.com\/es\/wp-json\/wp\/v2\/posts\/19568\/revisions"}],"wp:featuredmedia":[{"embeddable":true,"href":"https:\/\/grandepremio.com\/es\/wp-json\/wp\/v2\/media\/1010143159"}],"wp:attachment":[{"href":"https:\/\/grandepremio.com\/es\/wp-json\/wp\/v2\/media?parent=19568"}],"wp:term":[{"taxonomy":"category","embeddable":true,"href":"https:\/\/grandepremio.com\/es\/wp-json\/wp\/v2\/categories?post=19568"},{"taxonomy":"post_tag","embeddable":true,"href":"https:\/\/grandepremio.com\/es\/wp-json\/wp\/v2\/tags?post=19568"},{"taxonomy":"42wp_author","embeddable":true,"href":"https:\/\/grandepremio.com\/es\/wp-json\/wp\/v2\/42wp_author?post=19568"}],"curies":[{"name":"wp","href":"https:\/\/api.w.org\/{rel}","templated":true}]}}