{"id":19573,"date":"2023-04-09T08:00:00","date_gmt":"2023-04-09T11:00:00","guid":{"rendered":"https:\/\/grandepremio.com\/es\/2023\/04\/09\/formula-1-robos-f1-mercedes-pirelli\/"},"modified":"2023-04-09T13:11:29","modified_gmt":"2023-04-09T16:11:29","slug":"formula-1-robos-f1-mercedes-pirelli","status":"publish","type":"post","link":"https:\/\/grandepremio.com\/es\/f1\/formula-1-robos-f1-mercedes-pirelli\/","title":{"rendered":"Robos, asaltos y hurtos m\u00e1s all\u00e1 de las pistas: la F1 como objetivo del delito"},"content":{"rendered":"\n<p class=\"wp-block-paragraph\">Si <strong>Charles Leclerc<\/strong> forma parte de la lista de pilotos de <strong>F\u00f3rmula 1<\/strong> que fueron robados, ya sea de forma m\u00e1s o menos planificada o sorpresiva, el n\u00famero de sucesos de este tipo es a\u00fan mayor si a\u00f1adimos personajes relacionados. Adem\u00e1s de los pilotos<strong>, otras personas del universo F1 tambi\u00e9n sufrieron hechos delictivos<\/strong>.<\/p>\n\n\n\n<p class=\"wp-block-paragraph\"><a href=\"https:\/\/grandepremio.com\/es\/\/f1\/charles-leclerc-robo-pilotos-formula-1\/\">Tras la primera parte del especial sobre los pilotos de F1<\/a>, <strong><a href=\"https:\/\/grandepremio.com\/es\/\/ultimas-noticias\/\">GRANDE PR\u00caMIO EN ESPA\u00d1OL<\/a><\/strong> habla del universo que los engloba en la <strong>segunda parte del especial sobre robos, asaltos y hurtos en el automovilismo<\/strong>.<\/p>\n\n\n\n<h2 class=\"wp-block-heading\" id=\"h-la-historia-clinica-de-schumacher-junio-de-2014\">LA HISTORIA CL\u00cdNICA DE SCHUMACHER &#8211; Junio de 2014<\/h2>\n\n\n\n<figure class=\"wp-block-image size-large\"><img decoding=\"async\" src=\"https:\/\/www.grandepremio.com\/br\/wp-content\/uploads\/2020\/08\/Captura-de-Tela-2020-08-18-a\u0300s-01.35.38-e1597726982654-1024x704.png\" alt=\"\" class=\"wp-image-571901\"\/><figcaption class=\"wp-element-caption\">La historia cl\u00ednica de Schumacher fue robada en 2014 (Foto: Ferrari)<\/figcaption><\/figure>\n\n\n\n<p class=\"wp-block-paragraph\">Pocos meses despu\u00e9s del grave accidente que <strong><a href=\"https:\/\/grandepremio.com\/es\/\/f1\/michael-schumacher-incertidumbre-nueve-anos-accidente-esqui\/\">Michael Schumacher<\/a><\/strong> sufri\u00f3 mientras esquiaba en los Alpes franceses en diciembre de 2013 surgi\u00f3 un esc\u00e1ndalo a nivel mundial. Una persona se puso en contacto con agencias de prensa europeas ofreciendo vender el historial m\u00e9dico del <strong><a href=\"https:\/\/grandepremio.com\/es\/\/f1\/michael-schumacher-se-retira-titulo-sebastian-vettel-brasil\/\">siete veces campe\u00f3n del mundo<\/a><\/strong> y arrojando luz sobre la situaci\u00f3n m\u00e9dica a\u00fan desconocida en aquel momento. <\/p>\n\n\n\n<p class=\"wp-block-paragraph\">La investigaci\u00f3n concluy\u00f3 r\u00e1pidamente que se trataba de un acto de rebeld\u00eda de un antiguo empleado de la empresa de ambulancias que hab\u00eda trasladado a Schumacher desde el Centro Hospitalario de Gr\u00e9noble (Francia) hasta su domicilio en Suiza. El sospechoso finalmente no vendi\u00f3 el historial m\u00e9dico, fue detenido y muri\u00f3 poco despu\u00e9s sin que se diera a conocer su nombre.<\/p>\n\n\n\n<h2 class=\"wp-block-heading\">RED BULL &#8211; Diciembre de 2014<\/h2>\n\n\n\n<figure class=\"wp-block-image size-full\"><img decoding=\"async\" src=\"https:\/\/www.grandepremio.com\/br\/wp-content\/uploads\/2015\/11\/20151114113354_20151211130512_2_II_DMa.jpg\" alt=\"\" class=\"wp-image-240341\"\/><figcaption class=\"wp-element-caption\">Robo de trofeos del equipo Red Bull en Milton Keynes (Foto: Reproducci\u00f3n\/Red Bull)<\/figcaption><\/figure>\n\n\n\n<p class=\"wp-block-paragraph\"><strong>A fines de 2014<\/strong> un grupo de seis ladrones irrumpi\u00f3 en la f\u00e1brica de <strong>Red Bull<\/strong> en <strong>Milton Keynes<\/strong>, Inglaterra en un auto y <strong>se dirigi\u00f3 a la parte donde se expon\u00edan los trofeos<\/strong> del equipo. En total <strong>se llevaron 64 copas<\/strong>; por suerte ninguna de ellas de los t\u00edtulos mundiales de constructores, que estaban guardadas en otro lugar. S\u00f3lo diez d\u00edas despu\u00e9s del robo <strong>la polic\u00eda encontr\u00f3 20 de los trofeos en el lago Horseshoe, a unos 100 km del lugar<\/strong>. <\/p>\n\n\n\n<p class=\"wp-block-paragraph\">Red Bull aprovech\u00f3 la ocasi\u00f3n para ofrecer <strong>13.000 euros a quien brinde informaci\u00f3n \u00fatil para encontrar los trofeos<\/strong>. Seg\u00fan el jefe <strong><a href=\"https:\/\/grandepremio.com\/es\/\/?s=christian+horner\">Christian Horner<\/a><\/strong> el valor material era peque\u00f1o pero el valor sentimental era considerable.<\/p>\n\n\n\n<h2 class=\"wp-block-heading\">FORCE INDIA &#8211; Septiembre 2015<\/h2>\n\n\n\n<figure class=\"wp-block-image size-large\"><img decoding=\"async\" src=\"https:\/\/www.grandepremio.com\/br\/wp-content\/uploads\/2022\/10\/DVcjRihWkAUQfEC-1024x683.jpg\" alt=\"\" class=\"wp-image-620415\"\/><figcaption class=\"wp-element-caption\">Force India sufri\u00f3 un robo en su box en 2015 (Foto: Force India)<\/figcaption><\/figure>\n\n\n\n<p class=\"wp-block-paragraph\">La antigua <strong>Force India<\/strong> convertida en <strong>Racing Point<\/strong> para terminar siendo <strong><a href=\"https:\/\/grandepremio.com\/es\/\/?s=aston+martin\">Aston Martin<\/a><\/strong> tras su compra por el consorcio liderado por Lawrence Stroll, sufri\u00f3 el robo de uno de sus volantes del <strong>GP de Italia 2015<\/strong>, cuando de un momento a otro el elemento desapareci\u00f3 del box. <strong>El valor del mismo era de unos 100.000 euros<\/strong> e hizo que Force India se pusiera en contacto con la polic\u00eda y presentara una denuncia. <\/p>\n\n\n\n<p class=\"wp-block-paragraph\">El robo se produjo <strong>el s\u00e1bado por la noche despu\u00e9s de la clasificaci\u00f3n<\/strong>, cuando el paddock se encontraba sin tanto movimiento de personal.<\/p>\n\n\n\n<h2 class=\"wp-block-heading\">MERCEDES &#8211; Noviembre 2017<\/h2>\n\n\n\n<figure class=\"wp-block-image size-full\"><img decoding=\"async\" src=\"https:\/\/www.grandepremio.com\/br\/wp-content\/uploads\/2017\/11\/201711111331694_IMG_3189_DMa.jpg\" alt=\"\" class=\"wp-image-172807\"\/><figcaption class=\"wp-element-caption\">Mercedes tambi\u00e9n fue v\u00edctima de la inseguridad en San Pablo (Foto: Rodrigo Berton\/GRANDE PR\u00caMIO)<\/figcaption><\/figure>\n\n\n\n<p class=\"wp-block-paragraph\"><strong>Brasil ofreci\u00f3 emociones fuertes<\/strong> durante el campeonato de 2017. En medio de las discusiones sobre una posible privatizaci\u00f3n de <strong><a href=\"https:\/\/grandepremio.com\/es\/\/f1\/formula-1-lugares-carreras-sprint-2023\/\">Interlagos<\/a><\/strong> por parte del <strong>Ayuntamiento de S\u00e3o Paulo<\/strong>, el aut\u00f3dromo y sus alrededores contaron con seguridad sin vigilancia durante todo el fin de semana. El viernes durante los entrenamientos libres una furgoneta de Mercedes fue asaltada frente al circuito. <\/p>\n\n\n\n<p class=\"wp-block-paragraph\"><strong>Lewis Hamilton<\/strong> expres\u00f3 su pesar en las redes sociales afirmando que &#8220;<strong>hubo disparos y armas apuntando<\/strong>&#8221; a miembros del equipo. Relojes y pasaportes acabaron en manos de delincuentes.<\/p>\n\n\n\n<h2 class=\"wp-block-heading\">SAUBER &#8211; Noviembre de 2017<\/h2>\n\n\n\n<figure class=\"wp-block-image size-full\"><img decoding=\"async\" src=\"https:\/\/www.grandepremio.com\/br\/wp-content\/uploads\/2017\/11\/20171112111856_SAUBE_DMa.jpg\" alt=\"\" class=\"wp-image-172681\"\/><figcaption class=\"wp-element-caption\">Las marcas del intento de asalto en la furgoneta del equipo Sauber (Foto: Reprodu\u00e7\u00e3o)<\/figcaption><\/figure>\n\n\n\n<p class=\"wp-block-paragraph\">Entre el s\u00e1bado y el domingo por la noche de aquel fin de semana en Interlagos se registraron <strong>dos hechos delictivos m\u00e1s<\/strong>. Uno de ellos implic\u00f3 otra camioneta con responsables del equipo <strong><a href=\"https:\/\/grandepremio.com\/es\/\/?s=sauber\">Sauber<\/a> <\/strong>ante un intento de robo. El abordaje se produjo por parte de sujetos en dos autos que intentaron detener la furgoneta donde se encontraba sin \u00e9xito. <\/p>\n\n\n\n<p class=\"wp-block-paragraph\">La estratega del equipo <strong>Ruth Buscomb<\/strong>e denunci\u00f3 el hecho en las redes sociales. &#8220;<strong>La estrategia de pararnos no funcion\u00f3 a la perfecci\u00f3n<\/strong>&#8220;, relat\u00f3 en su cuenta. Los atracadores no pudieron llevar a cabo el robo.<\/p>\n\n\n\n<h2 class=\"wp-block-heading\">PIRELLI &#8211; Noviembre de 2017<\/h2>\n\n\n\n<figure class=\"wp-block-image size-full\"><img decoding=\"async\" src=\"https:\/\/www.grandepremio.com\/br\/wp-content\/uploads\/2017\/11\/20171191359947_IMG_9798_DMa.jpg\" alt=\"\" class=\"wp-image-173055\"\/><figcaption class=\"wp-element-caption\">En el GP de Brasil de 2017 varios equipos vivieron episodios delictivos (Foto: Rodrigo Berton\/GRANDE PR\u00caMIO)<\/figcaption><\/figure>\n\n\n\n<p class=\"wp-block-paragraph\">Para cerrar <strong>el terrible a\u00f1o para la seguridad en Interlagos<\/strong> otro grupo de ladrones <strong>intent\u00f3 abordar a un grupo de empleados de <a href=\"https:\/\/grandepremio.com\/es\/\/?s=pirelli\">Pirelli<\/a><\/strong> a la salida de la pista. Como en el caso de Sauber el robo fue frustrado. Miembros de Williams y de la FIA vivieron situaciones a\u00fan menos dram\u00e1ticas, pero tambi\u00e9n se toparon con intentos de robo ese fin de semana. <\/p>\n\n\n\n<p class=\"wp-block-paragraph\">La <strong>F1 <\/strong>tom\u00f3 entonces cartas en el asunto y <strong>cancel\u00f3 las pruebas de neum\u00e1ticos previstas para la semana siguiente<\/strong> en Brasil.<\/p>\n\n\n\n<h2 class=\"wp-block-heading\">LA SEGURIDAD DE SERGIO P\u00c9REZ &#8211; Mayo de 2021<\/h2>\n\n\n\n<figure class=\"wp-block-image size-large\"><img decoding=\"async\" src=\"https:\/\/www.grandepremio.com\/br\/wp-content\/uploads\/2021\/05\/redbull-sergioperez-03-1024x659.jpg\" alt=\"\" class=\"wp-image-476355\"\/><figcaption class=\"wp-element-caption\">Sergio P\u00e9rez estaba en M\u00f3naco cuando su custodio fue baleado en Guadalajara (Foto: Red Bull Pool Content\/Getty Images)<\/figcaption><\/figure>\n\n\n\n<p class=\"wp-block-paragraph\">La \u00faltima historia ocurri\u00f3 en tiempos de pandemia, m\u00e1s precisamente en 2021. <strong><a href=\"https:\/\/grandepremio.com\/es\/\/?s=sergio+p%C3%A9rez\">Sergio P\u00e9rez<\/a><\/strong> se encontraba en <strong>M\u00f3naco<\/strong>, donde disputar\u00eda la tradicional carrera de <strong>Montecarlo<\/strong>.<strong> Sus guardias de seguridad personal en M\u00e9xico sufrieron un intento de robo en la ciudad de Guadalajara<\/strong>. Los delincuentes quisieron llevarse el coche del guardaespaldas de P\u00e9rez y en el proceso <strong>le dispararon al hombre que fue trasladado al hospital sin resultar herido de gravedad<\/strong>. <\/p>\n\n\n\n<p class=\"wp-block-paragraph\">Corri\u00f3 el rumor de que <strong>un miembro de la familia del mexicano estaba con \u00e9l en el momento del robo<\/strong> pero pronto se desminti\u00f3. La polic\u00eda detuvo a los ladrones poco despu\u00e9s, esa misma noche. <\/p>\n\n\n\n<p class=\"wp-block-paragraph\">La edici\u00f3n especial de recuerdos de deportes de motor de este a\u00f1o concluye el lunes, con recuerdos de figuras de otras categor\u00edas de todo el mundo.<\/p>\n","protected":false},"excerpt":{"rendered":"<p>En la segunda parte de nuestro especial sobre hechos delictivos en el automovilismo, GRANDE PR\u00caMIO EN ESPA\u00d1OL destaca algunos casos en los que han sido v\u00edctimas equipos y guardias de seguridad.<\/p>\n","protected":false},"author":0,"featured_media":1010104673,"comment_status":"closed","ping_status":"closed","sticky":false,"template":"","format":"standard","meta":{"42wp_featured_image_caption":"","42wp_featured_image_credits":"","42wp_featured_video":"","42wp_featured_image_hidden":false,"42wp_authors_list":[],"footnotes":""},"categories":[5],"tags":[1954,6544,181,496,179,475,2236,2237,474,197,188,520,497,294],"42wp_author":[14235],"class_list":["post-19573","post","type-post","status-publish","format-standard","has-post-thumbnail","hentry","category-f1","tag-accidente-schumacher","tag-brasil-2017","tag-f1","tag-force-india","tag-formula-1","tag-gp-brasil","tag-grande-premio-2","tag-grandepremio","tag-interlagos","tag-mercedes","tag-michael-schumacher","tag-pirelli","tag-sauber","tag-sergio-perez","42wp_author-barbara-mincioni"],"_links":{"self":[{"href":"https:\/\/grandepremio.com\/es\/wp-json\/wp\/v2\/posts\/19573","targetHints":{"allow":["GET"]}}],"collection":[{"href":"https:\/\/grandepremio.com\/es\/wp-json\/wp\/v2\/posts"}],"about":[{"href":"https:\/\/grandepremio.com\/es\/wp-json\/wp\/v2\/types\/post"}],"replies":[{"embeddable":true,"href":"https:\/\/grandepremio.com\/es\/wp-json\/wp\/v2\/comments?post=19573"}],"version-history":[{"count":0,"href":"https:\/\/grandepremio.com\/es\/wp-json\/wp\/v2\/posts\/19573\/revisions"}],"wp:featuredmedia":[{"embeddable":true,"href":"https:\/\/grandepremio.com\/es\/wp-json\/wp\/v2\/media\/1010104673"}],"wp:attachment":[{"href":"https:\/\/grandepremio.com\/es\/wp-json\/wp\/v2\/media?parent=19573"}],"wp:term":[{"taxonomy":"category","embeddable":true,"href":"https:\/\/grandepremio.com\/es\/wp-json\/wp\/v2\/categories?post=19573"},{"taxonomy":"post_tag","embeddable":true,"href":"https:\/\/grandepremio.com\/es\/wp-json\/wp\/v2\/tags?post=19573"},{"taxonomy":"42wp_author","embeddable":true,"href":"https:\/\/grandepremio.com\/es\/wp-json\/wp\/v2\/42wp_author?post=19573"}],"curies":[{"name":"wp","href":"https:\/\/api.w.org\/{rel}","templated":true}]}}