{"id":19574,"date":"2023-04-08T17:44:44","date_gmt":"2023-04-08T20:44:44","guid":{"rendered":"https:\/\/grandepremio.com\/es\/2023\/04\/08\/moto-gp-marquez-vuelve-entrenamientos-accidente\/"},"modified":"2023-04-08T17:44:58","modified_gmt":"2023-04-08T20:44:58","slug":"moto-gp-marquez-vuelve-entrenamientos-accidente","status":"publish","type":"post","link":"https:\/\/grandepremio.com\/es\/motogp\/moto-gp-marquez-vuelve-entrenamientos-accidente\/","title":{"rendered":"Marc M\u00e1rquez reanuda entrenamientos tras operaci\u00f3n y espera el recurso de Honda"},"content":{"rendered":"\n<p class=\"wp-block-paragraph\"><strong>Marc M\u00e1rquez<\/strong> dio otro paso importante en su carrera para volver a correr en<strong> <a href=\"https:\/\/grandepremio.com\/es\/\/motogp\/\">MotoGP<\/a><\/strong> el pr\u00f3ximo fin de semana, en el <strong>GP de las Am\u00e9ricas<\/strong>. El seis veces campe\u00f3n public\u00f3 un video en su cuenta oficial de Instagram que muestra su regreso a la rutina de entrenamiento f\u00edsico.<\/p>\n\n\n\n<p class=\"wp-block-paragraph\"><strong>\u00a1Conoce el canal de Grande Pr\u00eamio en Espa\u00f1ol en\u00a0<a href=\"https:\/\/www.youtube.com\/channel\/UCDxWojGVUi9gWYhrY0pGbIQ\" target=\"_blank\" rel=\"noreferrer noopener\">YouTube<\/a>!<br>\u00a1Sigue a\u00a0Grande Pr\u00eamio en Espa\u00f1ol\u00a0en\u00a0<a href=\"https:\/\/twitter.com\/grandepremioES\" target=\"_blank\" rel=\"noreferrer noopener\">Twitter\u00a0<\/a>y en\u00a0<a href=\"https:\/\/www.instagram.com\/grandepremioes\/\" target=\"_blank\" rel=\"noreferrer noopener\">Instagram<\/a>!<\/strong><\/p>\n\n\n\n<p class=\"wp-block-paragraph\"><strong>El regreso oficial del espa\u00f1ol a los entrenamientos se produjo el jueves<\/strong>, dato que M\u00e1rquez tambi\u00e9n comparti\u00f3 con sus seguidores. &#8220;De vuelta al trabajo en el gimnasio. Despacito, pero recuper\u00e1ndome poco a poco&#8221;, escribi\u00f3 el piloto #93.<\/p>\n\n\n\n<p class=\"wp-block-paragraph\">M\u00e1rquez<strong> reanud\u00f3 sus actividades 11 d\u00edas despu\u00e9s del <a href=\"https:\/\/grandepremio.com\/es\/\/motogp\/marc-marquez-toca-jorge-martin-arrolla-miguel-oliveira-gp-portugal\/\">accidente con Miguel Oliveira en Portugal<\/a><\/strong>. En aquella ocasi\u00f3n M\u00e1rquez perdi\u00f3 el control de su moto y golpe\u00f3 fuertemente al piloto portugu\u00e9s. Debido a la fuerte ca\u00edda el <strong>piloto de Honda<\/strong> fue trasladado a <strong>Barcelona<\/strong> con una presunta fractura. Tras ex\u00e1menes m\u00e1s detallados, se le diagnostic\u00f3 una fractura en el primer metacarpiano de la mano derecha y <a href=\"https:\/\/grandepremio.com\/es\/\/motogp\/marc-marquez-cirugia-mano-derecha-fuera-gp-argentina\/\">tuvo que ser operado<\/a>.<\/p>\n\n\n\n<figure class=\"wp-block-video\"><video class=\"video-js vjs-big-play-centered\" data-gp-vjs=\"1\" controls src=\"https:\/\/www.grandepremio.com\/br\/wp-content\/uploads\/2023\/04\/Marc-Marquez-treinamento-fisico.mp4\"><\/video><figcaption class=\"wp-element-caption\">Marc M\u00e1rquez volvi\u00f3 a entrenar y lo comunic\u00f3 en sus redes sociales (V\u00eddeo: reprodu\u00e7\u00e3o\/Instagram)<\/figcaption><\/figure>\n\n\n\n<p class=\"wp-block-paragraph\">La marca del ala dorada confirm\u00f3 la ausencia del espa\u00f1ol para la siguiente ronda en <strong>Argentina<\/strong> y a partir de entonces comenz\u00f3 la confusi\u00f3n sobre <strong><a href=\"https:\/\/grandepremio.com\/es\/\/motogp\/fim-marc-marquez-agresivo-sanciona-doble-vuelta-larga\/\">la doble vuelta larga<\/a><\/strong> que recibi\u00f3 M\u00e1rquez por el incidente.<strong> El Colegio de Comisarios emiti\u00f3 la sanci\u00f3n<\/strong> pero especific\u00f3 en el texto que el piloto tendr\u00eda que cumplirla en Termas de R\u00edo Hondo.<\/p>\n\n\n\n<p class=\"wp-block-paragraph\">Como el de Cervera no viaj\u00f3 a Argentina<strong> la sanci\u00f3n quedar\u00eda autom\u00e1ticamente invalidada<\/strong>. La <strong>FIM <\/strong>emiti\u00f3 entonces una nueva redacci\u00f3n en la que ahora se establec\u00eda que Marc tendr\u00eda que pagar la doble vuelta larga en la carrera en la que regresara.<\/p>\n\n\n\n<p class=\"wp-block-paragraph\">Honda decidi\u00f3 apelar alegando que se hab\u00eda producido &#8220;un cambio de criterio&#8221; que &#8220;no se ajustaba a la <a href=\"https:\/\/grandepremio.com\/es\/\/motogp\/fim-sancion-marc-marquez-argentina\/\">normativa vigente de la FIM<\/a>&#8220;. Tras ser estudiado por los Comisarios el recurso ser\u00e1 visto por el <strong>Tribunal de Apelaci\u00f3n de MotoGP<\/strong>.<\/p>\n\n\n\n<figure class=\"wp-block-embed is-type-video is-provider-youtube wp-block-embed-youtube wp-embed-aspect-16-9 wp-has-aspect-ratio\"><div class=\"wp-block-embed__wrapper\">\n<iframe loading=\"lazy\" title=\"HONDA SIGUE SIN LEVANTAR CABEZA EN UN NUEVO INICIO DEL MOTOGP\" width=\"500\" height=\"281\" src=\"https:\/\/www.youtube.com\/embed\/WnhvhZQus7o?feature=oembed\" frameborder=\"0\" allow=\"accelerometer; autoplay; clipboard-write; encrypted-media; gyroscope; picture-in-picture; web-share\" referrerpolicy=\"strict-origin-when-cross-origin\" allowfullscreen><\/iframe>\n<\/div><\/figure>\n","protected":false},"excerpt":{"rendered":"<p>Marc M\u00e1rquez ha vuelto a entrenar a menos de dos semanas despu\u00e9s de ser operado de su mano derecha. El espa\u00f1ol sigue a la espera del resultado de la apelaci\u00f3n de Honda sobre la doble vuelta larga que recibi\u00f3 tras su accidente con Miguel Oliveira.<\/p>\n","protected":false},"author":0,"featured_media":1010143078,"comment_status":"closed","ping_status":"closed","sticky":false,"template":"","format":"standard","meta":{"42wp_featured_image_caption":"","42wp_featured_image_credits":"","42wp_featured_video":"","42wp_featured_image_hidden":false,"42wp_authors_list":[],"footnotes":""},"categories":[8],"tags":[6342,2382,221,3687,1308,1392,1304,855,1293,2657,2308,2820,1357],"42wp_author":[14235],"class_list":["post-19574","post","type-post","status-publish","format-standard","has-post-thumbnail","hentry","category-motogp","tag-acidente-marc-marquez","tag-caida-de-marc-marquez","tag-honda","tag-honda-motogp","tag-marc-marquez","tag-marc-marquez-2","tag-moto-gp","tag-motociclismo","tag-motogp","tag-motogp-2023","tag-motogp-hoy","tag-operacion-marc-marquez","tag-repsol-honda","42wp_author-barbara-mincioni"],"_links":{"self":[{"href":"https:\/\/grandepremio.com\/es\/wp-json\/wp\/v2\/posts\/19574","targetHints":{"allow":["GET"]}}],"collection":[{"href":"https:\/\/grandepremio.com\/es\/wp-json\/wp\/v2\/posts"}],"about":[{"href":"https:\/\/grandepremio.com\/es\/wp-json\/wp\/v2\/types\/post"}],"replies":[{"embeddable":true,"href":"https:\/\/grandepremio.com\/es\/wp-json\/wp\/v2\/comments?post=19574"}],"version-history":[{"count":0,"href":"https:\/\/grandepremio.com\/es\/wp-json\/wp\/v2\/posts\/19574\/revisions"}],"wp:featuredmedia":[{"embeddable":true,"href":"https:\/\/grandepremio.com\/es\/wp-json\/wp\/v2\/media\/1010143078"}],"wp:attachment":[{"href":"https:\/\/grandepremio.com\/es\/wp-json\/wp\/v2\/media?parent=19574"}],"wp:term":[{"taxonomy":"category","embeddable":true,"href":"https:\/\/grandepremio.com\/es\/wp-json\/wp\/v2\/categories?post=19574"},{"taxonomy":"post_tag","embeddable":true,"href":"https:\/\/grandepremio.com\/es\/wp-json\/wp\/v2\/tags?post=19574"},{"taxonomy":"42wp_author","embeddable":true,"href":"https:\/\/grandepremio.com\/es\/wp-json\/wp\/v2\/42wp_author?post=19574"}],"curies":[{"name":"wp","href":"https:\/\/api.w.org\/{rel}","templated":true}]}}