{"id":19609,"date":"2023-04-04T18:19:38","date_gmt":"2023-04-04T21:19:38","guid":{"rendered":"https:\/\/grandepremio.com\/es\/2023\/04\/04\/formula-1-tsunoda-listo-para-red-bull-en-2025\/"},"modified":"2023-04-04T18:23:48","modified_gmt":"2023-04-04T21:23:48","slug":"formula-1-tsunoda-listo-para-red-bull-en-2025","status":"publish","type":"post","link":"https:\/\/grandepremio.com\/es\/f1\/formula-1-tsunoda-listo-para-red-bull-en-2025\/","title":{"rendered":"Tost considera a Tsunoda para Red Bull en 2025: &#8220;Ya est\u00e1 listo&#8221;"},"content":{"rendered":"\n<p class=\"wp-block-paragraph\">El panorama de <strong>AlphaTauri <\/strong>durante el inicio del 2023 no fue demasiado sobresaliente. La escuder\u00eda-academia de <strong>Red Bull<\/strong> desde los test de pretemporada pose\u00eda una presi\u00f3n extra sobre los resultados. Muchos rumores indicaban que AlphaTauri <strong>pod\u00eda mudar su sede por completo a Inglaterra<\/strong> a fin de recortar gastos o bien<strong> <a href=\"https:\/\/grandepremio.com\/es\/\/f1\/formula-1-alpha-tauri-a-la-venta\/\">pod\u00eda ser vendida<\/a><\/strong>. <\/p>\n\n\n\n<p class=\"wp-block-paragraph\"><strong><strong>\u00a1Conoce el canal de Grande Pr\u00eamio en Espa\u00f1ol en&nbsp;<a href=\"https:\/\/www.youtube.com\/channel\/UCDxWojGVUi9gWYhrY0pGbIQ\" target=\"_blank\" rel=\"noreferrer noopener\">YouTube<\/a>!<br>\u00a1Sigue a&nbsp;Grande Pr\u00eamio en Espa\u00f1ol&nbsp;en&nbsp;<a href=\"https:\/\/twitter.com\/grandepremioES\" target=\"_blank\" rel=\"noreferrer noopener\">Twitter&nbsp;<\/a>y en&nbsp;<a href=\"https:\/\/www.instagram.com\/grandepremioes\/\" target=\"_blank\" rel=\"noreferrer noopener\">Instagram<\/a>!<\/strong><\/strong><\/p>\n\n\n\n<p class=\"wp-block-paragraph\"><strong>Franz Tost<\/strong>, jefe de la escuder\u00eda es consciente del escenario que <strong>AlphaTauri<\/strong> deber\u00e1 sortear en 2023. Con una dupla de pilotos j\u00f3venes con gran proyecci\u00f3n la meta esta temporada es <a href=\"https:\/\/grandepremio.com\/es\/\/f1\/alphatauri-rechaza-posibilidad-venta-equipo-red-bull\/\">dar vuelta los pobres resultados<\/a> con los que se termin\u00f3 en 2022. En el equipo primo hermano de Red Bull, Tost no pierde de vista el objetivo. <\/p>\n\n\n\n<figure class=\"wp-block-image size-full\"><img decoding=\"async\" src=\"https:\/\/www.grandepremio.com\/br\/wp-content\/uploads\/2023\/04\/alphatauri-yukitsunoda-01.jpg\" alt=\"\" class=\"wp-image-139969\"\/><figcaption class=\"wp-element-caption\">Seg\u00fan Franz Tost, Tsnoda estar\u00eda listo para Red Bull en 2025 (Foto: AlphaTauri)<\/figcaption><\/figure>\n\n\n\n<p class=\"wp-block-paragraph\">En declaraciones recientes a <em>Sport1<\/em>, Tost asegur\u00f3 que <strong>el rol de academia de pilotos de AlphaTauri es una de las <a href=\"https:\/\/grandepremio.com\/es\/\/f1\/formula-1-red-bull-pide-crecimiento-a-alphatauri\/\">claves para seguir en el juego<\/a><\/strong>. Por eso, destac\u00f3 la labor de <strong>Yuki Tsunoda<\/strong>. El piloto ya lleva su tercer a\u00f1o como piloto en el equipo por lo que <strong>ya hizo bastante aprendizaje para proyectarse<\/strong> a otros equipos, principalmente Red Bull. <\/p>\n\n\n\n<p class=\"wp-block-paragraph\"><strong>Tost<\/strong> destac\u00f3 el progreso de<strong> Tsunoda<\/strong> pese a los resultados que no lo han acompa\u00f1ado e hizo hincapi\u00e9 en el contrato del mexicano <strong>Sergio P\u00e9rez <\/strong>con Red Bull. &#8220;Hasta donde yo s\u00e9, <a href=\"https:\/\/grandepremio.com\/es\/\/f1\/red-bull-sergio-perez-2024\/\">P\u00e9rez todav\u00eda tiene contrato para el pr\u00f3ximo a\u00f1o<\/a>. Todo lo que puedo decir es que Yuki est\u00e1 en el camino correcto y ha mejorado en todos los aspectos. Pero creo que <strong>deber\u00eda seguir en AlphaTauri en 2024<\/strong>&#8220;, asegur\u00f3. <\/p>\n\n\n\n<p class=\"wp-block-paragraph\">En cuanto al plazo de tiempo con el cual <a href=\"https:\/\/grandepremio.com\/es\/\/f1\/red-bull-alphatauri-tsunoda-de-vries-formula-1\/\">Tsunoda<\/a> puede proyectarse a equipos m\u00e1s relevantes, Tost fue contundente: &#8220;<strong>En 2025, creo que finalmente estar\u00e1 listo para Red Bull<\/strong>&#8220;. Tambi\u00e9n agreg\u00f3 que <strong>est\u00e1 muy contento con su desempe\u00f1o<\/strong> y dej\u00f3 en claro que <strong>no tiene la culpa de que el equipo a\u00fan no sea competitivo<\/strong>. <\/p>\n\n\n\n<p class=\"wp-block-paragraph\">Sin lugar a dudas, <strong>Nyck De Vries<\/strong> lleg\u00f3 como una de las grandes promesas a la F1 en 2023. El excampe\u00f3n de <strong>F\u00f3rmula E <\/strong>si bien corri\u00f3 temporalmente algunas carreras en 2022, es una de las grandes apuestas aunque para Tost &#8220;es un novato y todav\u00eda necesita tiempo. <strong>Pero est\u00e1 dentro de lo que esper\u00e1bamos<\/strong>&#8220;, finaliz\u00f3. <\/p>\n\n\n\n<figure class=\"wp-block-embed is-type-video is-provider-youtube wp-block-embed-youtube wp-embed-aspect-16-9 wp-has-aspect-ratio\"><div class=\"wp-block-embed__wrapper\">\n<iframe loading=\"lazy\" title=\"LOS 5 PUNTOS DESTACADOS DEL GP DE AUSTRALIA DE F\u00d3RMULA 1\" width=\"500\" height=\"281\" src=\"https:\/\/www.youtube.com\/embed\/ENFyXSBY1Vk?feature=oembed\" frameborder=\"0\" allow=\"accelerometer; autoplay; clipboard-write; encrypted-media; gyroscope; picture-in-picture; web-share\" referrerpolicy=\"strict-origin-when-cross-origin\" allowfullscreen><\/iframe>\n<\/div><\/figure>\n","protected":false},"excerpt":{"rendered":"<p>El jefe del equipo AlphaTauri, Franz Tost es consciente de la situaci\u00f3n compleja que atraviesa el equipo pero tambi\u00e9n del talento de Yuki Tsunoda. Seg\u00fan \u00e9l, el japon\u00e9s est\u00e1 m\u00e1s que listo para suplantar a Sergio P\u00e9rez en Red Bull a partir de 2025. <\/p>\n","protected":false},"author":0,"featured_media":1000663700,"comment_status":"closed","ping_status":"closed","sticky":false,"template":"","format":"standard","meta":{"42wp_featured_image_caption":"","42wp_featured_image_credits":"","42wp_featured_video":"","42wp_featured_image_hidden":false,"42wp_authors_list":[],"footnotes":""},"categories":[5],"tags":[426,508,179,1425,1488,2237,1540,206,1234,368],"42wp_author":[14235],"class_list":["post-19609","post","type-post","status-publish","format-standard","has-post-thumbnail","hentry","category-f1","tag-alpha-tauri","tag-alphatauri","tag-formula-1","tag-franz-tost","tag-grande-premio","tag-grandepremio","tag-nyck-de-vries","tag-red-bull","tag-tsunoda","tag-yuki-tsunoda","42wp_author-barbara-mincioni"],"_links":{"self":[{"href":"https:\/\/grandepremio.com\/es\/wp-json\/wp\/v2\/posts\/19609","targetHints":{"allow":["GET"]}}],"collection":[{"href":"https:\/\/grandepremio.com\/es\/wp-json\/wp\/v2\/posts"}],"about":[{"href":"https:\/\/grandepremio.com\/es\/wp-json\/wp\/v2\/types\/post"}],"replies":[{"embeddable":true,"href":"https:\/\/grandepremio.com\/es\/wp-json\/wp\/v2\/comments?post=19609"}],"version-history":[{"count":0,"href":"https:\/\/grandepremio.com\/es\/wp-json\/wp\/v2\/posts\/19609\/revisions"}],"wp:featuredmedia":[{"embeddable":true,"href":"https:\/\/grandepremio.com\/es\/wp-json\/wp\/v2\/media\/1000663700"}],"wp:attachment":[{"href":"https:\/\/grandepremio.com\/es\/wp-json\/wp\/v2\/media?parent=19609"}],"wp:term":[{"taxonomy":"category","embeddable":true,"href":"https:\/\/grandepremio.com\/es\/wp-json\/wp\/v2\/categories?post=19609"},{"taxonomy":"post_tag","embeddable":true,"href":"https:\/\/grandepremio.com\/es\/wp-json\/wp\/v2\/tags?post=19609"},{"taxonomy":"42wp_author","embeddable":true,"href":"https:\/\/grandepremio.com\/es\/wp-json\/wp\/v2\/42wp_author?post=19609"}],"curies":[{"name":"wp","href":"https:\/\/api.w.org\/{rel}","templated":true}]}}