{"id":19613,"date":"2023-04-04T13:43:37","date_gmt":"2023-04-04T16:43:37","guid":{"rendered":"https:\/\/grandepremio.com\/es\/2023\/04\/04\/formula-1-gasly-sancion-choque-ocon\/"},"modified":"2023-04-04T13:43:40","modified_gmt":"2023-04-04T16:43:40","slug":"formula-1-gasly-sancion-choque-ocon","status":"publish","type":"post","link":"https:\/\/grandepremio.com\/es\/f1\/formula-1-gasly-sancion-choque-ocon\/","title":{"rendered":"Gasly se libra de penalizaci\u00f3n por choque con Ocon: evita sanci\u00f3n en Azerbaiy\u00e1n"},"content":{"rendered":"\n<p class=\"wp-block-paragraph\"><strong>Pierre Gasly<\/strong> puede respirar tranquilo tras el extra\u00f1o accidente que puso fin a su domingo en <strong>Australia<\/strong>. El franc\u00e9s golpe\u00f3 a <strong><a href=\"https:\/\/grandepremio.com\/es\/\/f1\/formula-1-ocon-reprocha-pilotos-relanzamiento-australia\/\">Esteban Ocon<\/a><\/strong> y puso fin a la carrera de ambos. Sin embargo, termin\u00f3 sin ser sancionado por la direcci\u00f3n de carrera con puntos en su superlicencia, lo que garantiza su participaci\u00f3n en el <strong>GP de Azerbaiy\u00e1n<\/strong>.<\/p>\n\n\n\n<p class=\"wp-block-paragraph\"><strong><strong>\u00a1Conoce el canal de Grande Pr\u00eamio en Espa\u00f1ol en\u00a0<a href=\"https:\/\/www.youtube.com\/channel\/UCDxWojGVUi9gWYhrY0pGbIQ\" target=\"_blank\" rel=\"noreferrer noopener\">YouTube<\/a>!<br>\u00a1Sigue a\u00a0Grande Pr\u00eamio en Espa\u00f1ol\u00a0en\u00a0<a href=\"https:\/\/twitter.com\/grandepremioES\" target=\"_blank\" rel=\"noreferrer noopener\">Twitter\u00a0<\/a>y en\u00a0<a href=\"https:\/\/www.instagram.com\/grandepremioes\/\" target=\"_blank\" rel=\"noreferrer noopener\">Instagram<\/a>!<\/strong><\/strong><\/p>\n\n\n\n<p class=\"wp-block-paragraph\">&#8220;<strong>Los comisarios escucharon al piloto del coche #10 [Gasly], al piloto del coche #31 [Ocon] y a un representante del equipo<\/strong>, y revisando las pruebas de v\u00eddeo <strong><a href=\"https:\/\/grandepremio.com\/es\/\/f1\/fia-estudia-revision-regla-safety-car-gp-australia\/\">determinaron que fue un incidente<\/a> en la primera vuelta de la carrera<\/strong>. Ambos coches lo han reconocido y aceptado. En estas circunstancias <strong>no se tomar\u00e1n m\u00e1s medidas<\/strong>&#8220;, anuncia el comunicado.<\/p>\n\n\n\n<p class=\"wp-block-paragraph\">El reglamento de la <strong>F1 <\/strong>prev\u00e9 la <strong>suspensi\u00f3n autom\u00e1tica para cualquier piloto que alcance los 12 puntos<\/strong> en su superlicencia, y Gasly empez\u00f3 el a\u00f1o con diez puntos. As\u00ed tras el accidente en Melbourne, <strong>surgi\u00f3 la posibilidad de que el franc\u00e9s acabara suspendido en la pr\u00f3xima fecha<\/strong>. Sin embargo tras la decisi\u00f3n de la FIA, el piloto podr\u00e1 correr en Bak\u00fa.<\/p>\n\n\n\n<figure class=\"wp-block-image size-large\"><img decoding=\"async\" src=\"https:\/\/www.grandepremio.com\/br\/wp-content\/uploads\/2023\/04\/Relargada-1024x520.jpg\" alt=\"\" class=\"wp-image-668788\"\/><figcaption class=\"wp-element-caption\">Momento em que Gasly passa por fora da pista, instantes antes do acidente com Ocon (Foto: F1)<\/figcaption><\/figure>\n\n\n\n<p class=\"wp-block-paragraph\">Cabe destacar que como los puntos s\u00f3lo son v\u00e1lidos durante un a\u00f1o ser\u00e1n retirados por primera vez el 22 de mayo. El a\u00f1o pasado, <strong>Gasly recibi\u00f3 dos puntos de su superlicencia por una colisi\u00f3n con Lance Stroll<\/strong>.<\/p>\n\n\n\n<p class=\"wp-block-paragraph\">Gasly y Ocon <strong>chocaron poco despu\u00e9s de la tercera reanudaci\u00f3n en Albert Park<\/strong>. El piloto #10 se emparej\u00f3 con <strong><a href=\"https:\/\/grandepremio.com\/es\/\/f1\/fernando-alonso-sancion-dura-carlos-sainz-atractivo\/\">Carlos Sainz<\/a><\/strong> y se acerc\u00f3 a los l\u00edderes <strong>Lewis Hamilton y Max Verstappen<\/strong> en la curva 1 pero tuvo que enfriar sus neum\u00e1ticos para evitar el contacto con sus rivales. As\u00ed <strong>termin\u00f3 afuera de la pista y regres\u00f3 llev\u00e1ndose consigo a su compa\u00f1ero de equipo. Al final ambos tuvieron que retirarse<\/strong>.<\/p>\n\n\n\n<p class=\"wp-block-paragraph\">La situaci\u00f3n de Gasly suscit\u00f3 <strong>el debate sobre si el sistema deb\u00eda castigar tan severamente a los pilotos ya que el objetivo de los puntos<\/strong> del carn\u00e9 era acabar con la conducci\u00f3n peligrosa. Por ello, al inicio de la actual temporada la FIA acord\u00f3 cambiar la forma en que se reparten los puntos.<\/p>\n\n\n\n<figure class=\"wp-block-video\"><video class=\"video-js vjs-big-play-centered\" data-gp-vjs=\"1\" controls poster=\"https:\/\/www.grandepremio.com\/br\/wp-content\/uploads\/2023\/04\/Largada-poster.jpeg\" src=\"https:\/\/www.grandepremio.com\/br\/wp-content\/uploads\/2023\/04\/Largada.mp4\"><\/video><figcaption class=\"wp-element-caption\">Relargada ca\u00f3tica do GP da Austr\u00e1lia teve quatro abandonos e muita confus\u00e3o no fim (V\u00eddeo: Sky F1)<\/figcaption><\/figure>\n\n\n\n<p class=\"wp-block-paragraph\">As\u00ed las infracciones menores, como sobrepasar los l\u00edmites de la pista, ya no otorgan puntos en el carn\u00e9. <strong>La intenci\u00f3n de la FIA es garantizar que los castigos se apliquen en situaciones peligrosas<\/strong> cuando un competidor amenaza realmente la integridad de otro en la pista.<\/p>\n\n\n\n<p class=\"wp-block-paragraph\"><strong>Alpine<\/strong> lleg\u00f3 a pedir una <strong>revisi\u00f3n de los puntos de su piloto<\/strong> para reducir la posibilidad de una suspensi\u00f3n pero <strong>los equipos rivales se opusieron mayoritariamente y mantuvieron las sanciones para Gasly<\/strong>.<\/p>\n\n\n\n<figure class=\"wp-block-embed is-type-video is-provider-youtube wp-block-embed-youtube wp-embed-aspect-16-9 wp-has-aspect-ratio\"><div class=\"wp-block-embed__wrapper\">\n<iframe loading=\"lazy\" title=\"LOS 5 PUNTOS DESTACADOS DEL GP DE AUSTRALIA DE F\u00d3RMULA 1\" width=\"500\" height=\"281\" src=\"https:\/\/www.youtube.com\/embed\/ENFyXSBY1Vk?feature=oembed\" frameborder=\"0\" allow=\"accelerometer; autoplay; clipboard-write; encrypted-media; gyroscope; picture-in-picture; web-share\" referrerpolicy=\"strict-origin-when-cross-origin\" allowfullscreen><\/iframe>\n<\/div><\/figure>\n","protected":false},"excerpt":{"rendered":"<p>La FIA ha decidido no aplicar penalizaci\u00f3n a la superlicencia de Pierre Gasly tras su accidente en el GP de Australia. El piloto franc\u00e9s de Alpine de esta manera, se libra de la suspensi\u00f3n en Bak\u00fa pero a\u00fan sigue en suspenso.<\/p>\n","protected":false},"author":0,"featured_media":1000662306,"comment_status":"closed","ping_status":"closed","sticky":false,"template":"","format":"standard","meta":{"42wp_featured_image_caption":"","42wp_featured_image_credits":"","42wp_featured_video":"","42wp_featured_image_hidden":false,"42wp_authors_list":[],"footnotes":""},"categories":[5],"tags":[678,679,1385,181,1676,179,1318,1488,2237,427,3523],"42wp_author":[14235],"class_list":["post-19613","post","type-post","status-publish","format-standard","has-post-thumbnail","hentry","category-f1","tag-alpine","tag-alpine-f1","tag-azerbaiyan","tag-f1","tag-f1-2023","tag-formula-1","tag-gp-australia","tag-grande-premio","tag-grandepremio","tag-pierre-gasly","tag-pierre-gasly-y-esteban-ocon","42wp_author-barbara-mincioni"],"_links":{"self":[{"href":"https:\/\/grandepremio.com\/es\/wp-json\/wp\/v2\/posts\/19613","targetHints":{"allow":["GET"]}}],"collection":[{"href":"https:\/\/grandepremio.com\/es\/wp-json\/wp\/v2\/posts"}],"about":[{"href":"https:\/\/grandepremio.com\/es\/wp-json\/wp\/v2\/types\/post"}],"replies":[{"embeddable":true,"href":"https:\/\/grandepremio.com\/es\/wp-json\/wp\/v2\/comments?post=19613"}],"version-history":[{"count":0,"href":"https:\/\/grandepremio.com\/es\/wp-json\/wp\/v2\/posts\/19613\/revisions"}],"wp:featuredmedia":[{"embeddable":true,"href":"https:\/\/grandepremio.com\/es\/wp-json\/wp\/v2\/media\/1000662306"}],"wp:attachment":[{"href":"https:\/\/grandepremio.com\/es\/wp-json\/wp\/v2\/media?parent=19613"}],"wp:term":[{"taxonomy":"category","embeddable":true,"href":"https:\/\/grandepremio.com\/es\/wp-json\/wp\/v2\/categories?post=19613"},{"taxonomy":"post_tag","embeddable":true,"href":"https:\/\/grandepremio.com\/es\/wp-json\/wp\/v2\/tags?post=19613"},{"taxonomy":"42wp_author","embeddable":true,"href":"https:\/\/grandepremio.com\/es\/wp-json\/wp\/v2\/42wp_author?post=19613"}],"curies":[{"name":"wp","href":"https:\/\/api.w.org\/{rel}","templated":true}]}}