{"id":19655,"date":"2023-04-01T16:24:51","date_gmt":"2023-04-01T19:24:51","guid":{"rendered":"https:\/\/grandepremio.com\/es\/2023\/04\/01\/indycar-mclaren-revela-diseno-kanaan-indy-500\/"},"modified":"2023-04-19T16:38:40","modified_gmt":"2023-04-19T19:38:40","slug":"indycar-mclaren-revela-diseno-kanaan-indy-500","status":"publish","type":"post","link":"https:\/\/grandepremio.com\/es\/indy\/indycar-mclaren-revela-diseno-kanaan-indy-500\/","title":{"rendered":"McLaren devela el auto de Kanaan para las Indy 500 con estrellas de la Triple Corona"},"content":{"rendered":"\n<figure class=\"wp-block-video\"><video class=\"video-js vjs-big-play-centered\" data-gp-vjs=\"1\" controls src=\"https:\/\/www.grandepremio.com\/br\/wp-content\/uploads\/2023\/04\/McLaren-Kanaan.mp4\"><\/video><figcaption class=\"wp-element-caption\">El auto de Tony Kanaan para las 500 millas de Indian\u00e1polis de 2023 (V\u00eddeo: McLaren)<\/figcaption><\/figure>\n\n\n\n<p class=\"wp-block-paragraph\"><strong>McLaren<\/strong> ha develado el mi\u00e9rcoles pasado <a href=\"https:\/\/grandepremio.com\/es\/\/indy\/indycar-mclaren-revela-diseno-kanaan-indy-500\/\">la decoraci\u00f3n del coche de <strong>Tony Kanaan<\/strong><\/a> para las <strong>Indy 500<\/strong> que se celebrar\u00e1n el<strong> 28 de mayo<\/strong>. El piloto brasile\u00f1o ser\u00e1 el propietario del #66, que llevar\u00e1 la &#8216;<strong>Triple Corona<\/strong>&#8216;, elegida como su lema de la campa\u00f1a y que <strong>hace referencia a las victorias del equipo en las Indy 500, las 24 Horas de Le Mans y el GP de M\u00f3naco<\/strong>.<\/p>\n\n\n\n<p class=\"wp-block-paragraph\"><strong><strong>\u00a1Conoce el canal de Grande Pr\u00eamio en Espa\u00f1ol en&nbsp;<a href=\"https:\/\/www.youtube.com\/channel\/UCDxWojGVUi9gWYhrY0pGbIQ\" target=\"_blank\" rel=\"noreferrer noopener\">YouTube<\/a>!<br>\u00a1Sigue a&nbsp;Grande Pr\u00eamio en Espa\u00f1ol&nbsp;en&nbsp;<a href=\"https:\/\/twitter.com\/grandepremioES\" target=\"_blank\" rel=\"noreferrer noopener\">Twitter&nbsp;<\/a>y en&nbsp;<a href=\"https:\/\/www.instagram.com\/grandepremioes\/\" target=\"_blank\" rel=\"noreferrer noopener\">Instagram<\/a>!<\/strong><\/strong><\/p>\n\n\n\n<p class=\"wp-block-paragraph\">El pasado viernes <a href=\"https:\/\/grandepremio.com\/es\/\/indy\/mclaren-decoracion-indy-500-homenaje-triple-corona\/\"><strong>McLaren<\/strong> mostr\u00f3 los dise\u00f1os<\/a> de <strong>Pato O&#8217;Ward<\/strong>, <strong>Felix Rosenqvist <\/strong>y <strong>Alexander Rossi <\/strong>que llevar\u00e1n colores diferentes. <strong>O&#8217;Ward <\/strong>estar\u00e1 con un coche negro en homenaje a la victoria en las <strong>24 Horas de Le Mans de 1995<\/strong> con el tr\u00edo formado por JJ Lehto, Yannick Dalmas y Masanori Sekiya a los mandos del McLaren F1 GTR-BMW.<\/p>\n\n\n\n<p class=\"wp-block-paragraph\">Rosenqvist estar\u00e1 a bordo del blanco con detalles naranjas en alusi\u00f3n al McLaren MP4\/2 utilizado por Alain Prost en el <strong>GP de M\u00f3naco de 1984<\/strong>, la primera de las 15 victorias del equipo en el principado. Por \u00faltimo, Rossi llevar\u00e1 el coche naranja y azul, en homenaje al M16C\/D que Johnny Rutherford utiliz\u00f3 para ganar las <strong>500 Millas de Indian\u00e1polis de 1974<\/strong>.<\/p>\n\n\n\n<figure class=\"wp-block-image size-large\"><img decoding=\"async\" src=\"https:\/\/www.grandepremio.com\/br\/wp-content\/uploads\/2023\/04\/McLaren-Tony-Kanaan-2-1024x576.png\" alt=\"\" class=\"wp-image-673326\"\/><figcaption class=\"wp-element-caption\">El auto #66 de Tony Kanaan llevar\u00e1 las tres estrellas que simbolizan la &#8220;Triple Corona&#8221; del deporte motor (Foto: McLaren)<\/figcaption><\/figure>\n\n\n\n<p class=\"wp-block-paragraph\">El #66 de Kanaan <strong>re\u00fane todos los homenajes en un solo coche<\/strong>. La pintura ser\u00e1 mayoritariamente negra y los detalles naranjas estar\u00e1n delineados por las estrellas que fueron la &#8216;Triple Corona&#8217; de las carreras m\u00e1s tradicionales del automovilismo.<\/p>\n\n\n\n<p class=\"wp-block-paragraph\">A sus 48 a\u00f1os, <strong>la participaci\u00f3n en las 500 Millas de Indian\u00e1polis de 2023 <a href=\"https:\/\/grandepremio.com\/es\/\/indy\/tony-kanaan-anuncia-retiro-indy-500-millas-indianapolis-2023\/\">ser\u00e1 la \u00faltima carrera de Kanaan en la Indy<\/a><\/strong>, ya que el brasile\u00f1o se retirar\u00e1 de la categor\u00eda tras la carrera. Tony intentar\u00e1 su segunda victoria en la m\u00e1s tradicional de las carreras siendo la primera fue en 2013, con el modesto KV. Adem\u00e1s, <strong>ser\u00e1 la carrera n\u00famero 390 del piloto<\/strong> unificando los per\u00edodos de CART, IRL e Indy &#8211; hasta ahora, son 17 victorias, 14 poles y 79 podios.<\/p>\n\n\n\n<p class=\"wp-block-paragraph\">Las Indy 500 de 2023 tendr\u00e1n lugar el<strong> 28 de mayo<\/strong>. Los pilotos, sin embargo, empiezan a probar ya esta semana, con una sesi\u00f3n colectiva entre el jueves (20) y el viernes (21), si la lluvia lo permite.<\/p>\n\n\n\n<figure class=\"wp-block-embed is-type-video is-provider-youtube wp-block-embed-youtube wp-embed-aspect-16-9 wp-has-aspect-ratio\"><div class=\"wp-block-embed__wrapper\">\n<iframe loading=\"lazy\" title=\"\u00a1LONG BEACH APLICA UN BA\u00d1O DE REALIDAD A CANAPINO EN INDYCAR!\" width=\"500\" height=\"281\" src=\"https:\/\/www.youtube.com\/embed\/SH9B3qJTkvI?feature=oembed\" frameborder=\"0\" allow=\"accelerometer; autoplay; clipboard-write; encrypted-media; gyroscope; picture-in-picture; web-share\" referrerpolicy=\"strict-origin-when-cross-origin\" allowfullscreen><\/iframe>\n<\/div><\/figure>\n","protected":false},"excerpt":{"rendered":"<p>Tony Kanaan har\u00e1 su \u00faltima aparici\u00f3n en Indy con un coche que rinde homenaje a las victorias de McLaren en las Indy 500, el GP de M\u00f3naco y las 24 Horas de Le Mans, siguiendo el modelo presentado por el equipo con Alexander Rossi, Felix Rosenqvist y Pato O&#8217;Ward.<\/p>\n","protected":false},"author":0,"featured_media":1000673327,"comment_status":"closed","ping_status":"closed","sticky":false,"template":"","format":"standard","meta":{"42wp_featured_image_caption":"","42wp_featured_image_credits":"","42wp_featured_video":"","42wp_featured_image_hidden":false,"42wp_authors_list":[],"footnotes":""},"categories":[7],"tags":[1607,2373,925,2805,619,599,310,2549,6760,269,5646,3374,1310,1326],"42wp_author":[14235],"class_list":["post-19655","post","type-post","status-publish","format-standard","has-post-thumbnail","hentry","category-indy","tag-alexander-rossi","tag-felix-rosenqvist","tag-indy","tag-indy-2023","tag-indy-500","tag-indy500","tag-indycar","tag-indycar-2023","tag-kanaan","tag-mclaren","tag-mclaren-2023","tag-mclaren-indy","tag-patricio-oward","tag-tony-kanaan","42wp_author-barbara-mincioni"],"_links":{"self":[{"href":"https:\/\/grandepremio.com\/es\/wp-json\/wp\/v2\/posts\/19655","targetHints":{"allow":["GET"]}}],"collection":[{"href":"https:\/\/grandepremio.com\/es\/wp-json\/wp\/v2\/posts"}],"about":[{"href":"https:\/\/grandepremio.com\/es\/wp-json\/wp\/v2\/types\/post"}],"replies":[{"embeddable":true,"href":"https:\/\/grandepremio.com\/es\/wp-json\/wp\/v2\/comments?post=19655"}],"version-history":[{"count":0,"href":"https:\/\/grandepremio.com\/es\/wp-json\/wp\/v2\/posts\/19655\/revisions"}],"wp:featuredmedia":[{"embeddable":true,"href":"https:\/\/grandepremio.com\/es\/wp-json\/wp\/v2\/media\/1000673327"}],"wp:attachment":[{"href":"https:\/\/grandepremio.com\/es\/wp-json\/wp\/v2\/media?parent=19655"}],"wp:term":[{"taxonomy":"category","embeddable":true,"href":"https:\/\/grandepremio.com\/es\/wp-json\/wp\/v2\/categories?post=19655"},{"taxonomy":"post_tag","embeddable":true,"href":"https:\/\/grandepremio.com\/es\/wp-json\/wp\/v2\/tags?post=19655"},{"taxonomy":"42wp_author","embeddable":true,"href":"https:\/\/grandepremio.com\/es\/wp-json\/wp\/v2\/42wp_author?post=19655"}],"curies":[{"name":"wp","href":"https:\/\/api.w.org\/{rel}","templated":true}]}}