{"id":1969,"date":"2026-03-29T05:07:23","date_gmt":"2026-03-29T08:07:23","guid":{"rendered":"https:\/\/grandepremio.com\/es\/2026\/03\/29\/oscar-piastri-mclaren-podio-gp-japon-f1-2026\/"},"modified":"2026-03-29T05:07:27","modified_gmt":"2026-03-29T08:07:27","slug":"oscar-piastri-mclaren-podio-gp-japon-f1-2026","status":"publish","type":"post","link":"https:\/\/grandepremio.com\/es\/f1\/oscar-piastri-mclaren-podio-gp-japon-f1-2026\/","title":{"rendered":"Piastri celebra segundo puesto en Jap\u00f3n y admite: &#8220;Ten\u00eda ritmo para ganar&#8221;"},"content":{"rendered":"\n<p class=\"wp-block-paragraph\"><strong>Oscar Piastri<\/strong> finalmente complet\u00f3 una carrera en la temporada 2026 de <strong>F\u00f3rmula 1<\/strong> hasta el final. En el <strong>GP de Jap\u00f3n<\/strong>, disputado en la madrugada del domingo, el australiano logr\u00f3 el segundo puesto y lament\u00f3 haber perdido la victoria con la salida del coche de seguridad. Sin embargo, tambi\u00e9n reconoci\u00f3 que termin\u00f3 la prueba en \u00abuna muy buena posici\u00f3n\u00bb.<\/p>\n\n\n\n<p class=\"wp-block-paragraph\">\ud83d\udfe5&nbsp;<strong><em>\u00a1Todas las novedades te esperan en el canal de&nbsp;<\/em><\/strong><a href=\"https:\/\/www.youtube.com\/@GrandePremioES\"><em>YouTube<\/em><\/a><strong><em>&nbsp;de Grande Pr\u00eamio en Espa\u00f1ol!<\/em><\/strong>&nbsp;\ud83d\udfe8<\/p>\n\n\n\n<p class=\"wp-block-paragraph\">El piloto de <strong>McLaren <\/strong>sali\u00f3 tercero, adelant\u00f3 a los <strong>Mercedes <\/strong>en la largada y lleg\u00f3 a liderar la carrera. Sin embargo, un coche de seguridad provocado por un fuerte choque de <strong>Oliver Bearman<\/strong> cambi\u00f3 el panorama. <\/p>\n\n\n\n<p class=\"wp-block-paragraph\">Los que a\u00fan necesitaban cambiar de neum\u00e1ticos se vieron favorecidos, pero no fue el caso de <strong>Piastri<\/strong>, que acab\u00f3 perdiendo la posici\u00f3n ante <strong>Andrea Kimi Antonelli<\/strong> y termin\u00f3 la carrera detr\u00e1s del italiano.<\/p>\n\n\n\n<p class=\"wp-block-paragraph\">\u00abHubiera sido muy interesante ver qu\u00e9 habr\u00eda pasado sin eso [el coche de seguridad]. Consegu\u00ed mantener a <strong>George <\/strong>[<strong>Russell<\/strong>] detr\u00e1s y, justo antes de las paradas, incluso est\u00e1bamos consiguiendo ventaja de nuevo\u00bb, declar\u00f3.<\/p>\n\n\n\n<p class=\"wp-block-paragraph\">\u23e9\u00a0<strong><em>\u00a1Seguinos en redes por\u00a0<\/em><\/strong><a href=\"https:\/\/twitter.com\/grandepremioES\"><em>Twitter\u00a0<\/em><\/a><strong><em>e\u00a0<\/em><\/strong><a href=\"https:\/\/www.instagram.com\/grandepremioes\/\"><em>Instagram!<\/em><\/a><br>\u23e9\u00a0<strong><em>Adem\u00e1s, tenemos nuestro\u00a0<\/em><\/strong><a href=\"https:\/\/whatsapp.com\/channel\/0029VaDZ5zb0gcfDxuwxBM05\"><em>canal de Whatsapp<\/em><\/a><strong><em>\u00a0con toda la informaci\u00f3n al instante<\/em><\/strong>\u00a0\ud83c\udfc1<\/p>\n\n\n\n<figure class=\"wp-block-image size-large\"><img decoding=\"async\" src=\"https:\/\/grandepremio.com\/es\/wp-content\/uploads\/2026\/03\/HEjgLFQbcAAomxH_4_11zon-1024x682.webp\" alt=\"\" class=\"wp-image-396962\"\/><figcaption class=\"wp-element-caption\">Oscar Piastri fue uno de los protagonistas del GP de Jap\u00f3n. (Foto: McLaren)<\/figcaption><\/figure>\n\n\n\n<p class=\"wp-block-paragraph\">\u00abEs una pena que nunca pudi\u00e9ramos ver qu\u00e9 habr\u00eda pasado. Pero, para nosotros, a estas alturas, sentirnos decepcionados por terminar segundos\u2026 es un muy buen lugar en el que estar\u00bb, a\u00f1adi\u00f3.<\/p>\n\n\n\n<p class=\"wp-block-paragraph\">Con el resultado de <strong>Suzuka<\/strong>, <strong>Piastri <\/strong>pasa a ocupar la sexta posici\u00f3n en el <strong>Mundial de Pilotos<\/strong>, con 21 puntos. <strong>McLaren<\/strong>, por su parte, es el tercer equipo en el <strong>Mundial de Constructores<\/strong>, con 46 puntos.<\/p>\n\n\n\n<p class=\"wp-block-paragraph\">La&nbsp;<strong>F\u00f3rmula 1<\/strong>&nbsp;entra en un par\u00f3n de cinco semanas debido a la suspensi\u00f3n de las fechas en&nbsp;<strong>Bahr\u00e9in&nbsp;<\/strong>y&nbsp;<strong>Arabia Saudita<\/strong>&nbsp;por el conflicto en&nbsp;<strong>Oriente Medio<\/strong>. El campeonato volver\u00e1 a la acci\u00f3n entre el 1 y 3 de mayo con el&nbsp;<strong>Gran Premio de Miami<\/strong>, cuarta prueba de la temporada 2026.<\/p>\n\n\n\n<p class=\"wp-block-paragraph\"><\/p>\n","protected":false},"excerpt":{"rendered":"<p>Oscar Piastri sali\u00f3 tercero y lleg\u00f3 a liderar la carrera en las primeras vueltas, aunque regres\u00f3 a su posici\u00f3n de salida y cerr\u00f3 el top-3 en el GP de Jap\u00f3n<\/p>\n","protected":false},"author":0,"featured_media":1010396999,"comment_status":"closed","ping_status":"closed","sticky":false,"template":"","format":"standard","meta":{"42wp_featured_image_caption":"","42wp_featured_image_credits":"","42wp_featured_video":"","42wp_featured_image_hidden":false,"42wp_authors_list":[],"footnotes":""},"categories":[5],"tags":[181,1680,179,2429,13947,1488,269,278,4010],"42wp_author":[14239],"class_list":["post-1969","post","type-post","status-publish","format-standard","has-post-thumbnail","hentry","category-f1","tag-f1","tag-f1-2026","tag-formula-1","tag-formula-1-2026","tag-gp-de-japon-2026","tag-grande-premio","tag-mclaren","tag-oscar-piastri","tag-temporada-2026-f1","42wp_author-jp-otrosky"],"_links":{"self":[{"href":"https:\/\/grandepremio.com\/es\/wp-json\/wp\/v2\/posts\/1969","targetHints":{"allow":["GET"]}}],"collection":[{"href":"https:\/\/grandepremio.com\/es\/wp-json\/wp\/v2\/posts"}],"about":[{"href":"https:\/\/grandepremio.com\/es\/wp-json\/wp\/v2\/types\/post"}],"replies":[{"embeddable":true,"href":"https:\/\/grandepremio.com\/es\/wp-json\/wp\/v2\/comments?post=1969"}],"version-history":[{"count":0,"href":"https:\/\/grandepremio.com\/es\/wp-json\/wp\/v2\/posts\/1969\/revisions"}],"wp:featuredmedia":[{"embeddable":true,"href":"https:\/\/grandepremio.com\/es\/wp-json\/wp\/v2\/media\/1010396999"}],"wp:attachment":[{"href":"https:\/\/grandepremio.com\/es\/wp-json\/wp\/v2\/media?parent=1969"}],"wp:term":[{"taxonomy":"category","embeddable":true,"href":"https:\/\/grandepremio.com\/es\/wp-json\/wp\/v2\/categories?post=1969"},{"taxonomy":"post_tag","embeddable":true,"href":"https:\/\/grandepremio.com\/es\/wp-json\/wp\/v2\/tags?post=1969"},{"taxonomy":"42wp_author","embeddable":true,"href":"https:\/\/grandepremio.com\/es\/wp-json\/wp\/v2\/42wp_author?post=1969"}],"curies":[{"name":"wp","href":"https:\/\/api.w.org\/{rel}","templated":true}]}}