{"id":19697,"date":"2023-03-31T01:40:21","date_gmt":"2023-03-31T04:40:21","guid":{"rendered":"https:\/\/grandepremio.com\/es\/2023\/03\/31\/sergio-perez-condiciones-max-verstappen-red-bull-formula-1\/"},"modified":"2023-03-31T01:40:40","modified_gmt":"2023-03-31T04:40:40","slug":"sergio-perez-condiciones-max-verstappen-red-bull-formula-1","status":"publish","type":"post","link":"https:\/\/grandepremio.com\/es\/f1\/sergio-perez-condiciones-max-verstappen-red-bull-formula-1\/","title":{"rendered":"P\u00e9rez afirma que tiene las mismas condiciones que Verstappen en Red Bull: &#8220;Tengo mi lugar\u201d"},"content":{"rendered":"\n<p class=\"wp-block-paragraph\"><strong>Sergio P\u00e9rez<\/strong> es el piloto de <strong>Red Bull<\/strong> que cosech\u00f3 m\u00e1s \u00e9xitos como compa\u00f1ero de <strong>Max Verstappen <\/strong>desde la marcha de<strong> Daniel Ricciardo<\/strong> a finales de 2018. El mexicano gan\u00f3 cuatro veces con la escuder\u00eda de <strong>Milton Keynes<\/strong>, <a href=\"https:\/\/grandepremio.com\/es\/\/f1\/sergio-perez-victoria-gp-arabia-saudita-formula-1\/\" target=\"_blank\" rel=\"noreferrer noopener\">incluyendo la m\u00e1s reciente carrera de F1 en <strong>Arabia Saudita.<\/strong><\/a><\/p>\n\n\n\n<p class=\"wp-block-paragraph\">En la conferencia de prensa del <strong>GP de Australia<\/strong>, a &#8216;Checo&#8217; le preguntaron si siente que tiene el mismo respeto y espacio que Verstappen en el equipo. Y al respecto, P\u00e9rez respondi\u00f3 que se ve en la misma posici\u00f3n que el actual bicampe\u00f3n del mundo, y asegur\u00f3 que la escuder\u00eda tiene dos autos competitivos.<\/p>\n\n\n\n<p class=\"wp-block-paragraph\">&#8220;Creo plenamente en eso. Ciertamente, cuando llegu\u00e9 al equipo, las cosas eran muy diferentes. B\u00e1sicamente, corr\u00edan con dos coches porque lo necesitaban. Ahora puedo decir que realmente me siento parte del equipo. Siento que tengo mi sitio y que me respetan mucho, y creo que es bueno tener eso como piloto. Realmente creo que tengo todo el apoyo del equipo tanto como Max, y que tendr\u00e9 todas las oportunidades de ganar el campeonato tanto como \u00e9l&#8221;, declar\u00f3 P\u00e9rez.<\/p>\n\n\n\n<p class=\"wp-block-paragraph\"><strong><strong>\u00a1Conoce el canal de Grande Pr\u00eamio en Espa\u00f1ol en\u00a0<a href=\"https:\/\/www.youtube.com\/channel\/UCDxWojGVUi9gWYhrY0pGbIQ\" target=\"_blank\" rel=\"noreferrer noopener\">YouTube<\/a>!<br>\u00a1Sigue a\u00a0Grande Pr\u00eamio en Espa\u00f1ol\u00a0en\u00a0<a href=\"https:\/\/twitter.com\/grandepremioES\" target=\"_blank\" rel=\"noreferrer noopener\">Twitter\u00a0<\/a>y en\u00a0<a href=\"https:\/\/www.instagram.com\/grandepremioes\/\" target=\"_blank\" rel=\"noreferrer noopener\">Instagram<\/a>!<\/strong><\/strong><\/p>\n\n\n\n<figure class=\"wp-block-image size-large\"><img decoding=\"async\" src=\"https:\/\/www.grandepremio.com\/br\/wp-content\/uploads\/2023\/03\/redbull-sergioperez-12-1024x660.jpg\" alt=\"\" class=\"wp-image-662891\"\/><figcaption class=\"wp-element-caption\">Sergio P\u00e9rez gan\u00f3 el GP de Arabia Saudita (Foto: Red Bull Content Pool)<\/figcaption><\/figure>\n\n\n\n<p class=\"wp-block-paragraph\">Otra se\u00f1al positiva para el mexicano es en relaci\u00f3n a que el RB19 se adapta mejor a su estilo de conducci\u00f3n. En la temporada 2022, Red Bull redujo el peso del RB18 y eso hizo que P\u00e9rez no se sintiera tan c\u00f3modo con su estilo de pilotaje como antes, provocando un ligero descenso en el rendimiento en carrera. Eso sirvi\u00f3 como proceso de aprendizaje para construir un paquete a\u00fan m\u00e1s fuerte para 2023.<\/p>\n\n\n\n<p class=\"wp-block-paragraph\">&#8220;Sin duda me siento m\u00e1s c\u00f3modo en el auto&#8221;, explic\u00f3. &#8220;Creo que tambi\u00e9n aprendimos mucho sobre la direcci\u00f3n que tomamos el a\u00f1o pasado. No s\u00f3lo con el coche en s\u00ed, sino tambi\u00e9n c\u00f3mo lo configuramos y c\u00f3mo intentamos compensar las debilidades. Ahora tenemos un coche muy fuerte y un paquete con el que me siento c\u00f3modo&#8221;, coment\u00f3.<\/p>\n\n\n\n<p class=\"wp-block-paragraph\">&#8220;Ciertamente, el a\u00f1o pasado, cuando empezamos a evolucionar, o b\u00e1sicamente cuando quitamos peso al coche, se adapt\u00f3 m\u00e1s a Max y la diferencia aument\u00f3. Creo que en este momento estamos pidiendo lo mismo&#8221;, se\u00f1al\u00f3 P\u00e9rez.<\/p>\n\n\n\n<figure class=\"wp-block-image size-large\"><img decoding=\"async\" src=\"https:\/\/www.grandepremio.com\/br\/wp-content\/uploads\/2023\/03\/Fsbxt-oWAAAOyrS-1024x683.jpg\" alt=\"\" class=\"wp-image-666595\"\/><figcaption class=\"wp-element-caption\">Sergio P\u00e9rez y Max Verstappen tienen una victoria cada uno en la F1 2023. (Foto: F1)<\/figcaption><\/figure>\n\n\n\n<p class=\"wp-block-paragraph\">El equilibrio en el rendimiento entre los dos pilotos de <strong>Red Bull<\/strong> es notable, y eso se nota en los resultados. Tanto P\u00e9rez como Verstappen suman una victoria y un segundo puesto hasta el momento, y el piloto de 33 a\u00f1os tambi\u00e9n ha visto la cercan\u00eda de ambos hasta el momento.<\/p>\n\n\n\n<p class=\"wp-block-paragraph\">&#8220;En esas primeras carreras, est\u00e1bamos muy, muy cerca en el equilibrio y pedimos un tipo similar de puesta a punto. As\u00ed que, en ese sentido, es algo bueno por ahora&#8221;, dijo.<\/p>\n\n\n\n<p class=\"wp-block-paragraph\">La actividad en Melbourne proseguir\u00e1 este mismo viernes, con el segundo entrenamiento del\u00a0<strong>GP de Australia<\/strong>.\u00a0<strong>Grande Pr\u00eamio en Espa\u00f1ol cubre todas las acciones de la\u00a0<a href=\"https:\/\/grandepremio.com\/es\/\/f1\/\" target=\"_blank\" rel=\"noreferrer noopener\"><\/a><a href=\"https:\/\/grandepremio.com\/es\/\/f1\/\" target=\"_blank\" rel=\"noreferrer noopener\"><\/a><a href=\"https:\/\/grandepremio.com\/es\/\/f1\/\" target=\"_blank\" rel=\"noreferrer noopener\"><\/a><a href=\"https:\/\/grandepremio.com\/es\/\/f1\/\" target=\"_blank\" rel=\"noreferrer noopener\"><\/a><a href=\"https:\/\/grandepremio.com\/es\/\/f1\/\" target=\"_blank\" rel=\"noreferrer noopener\">F\u00f3rmula 1<\/a>\u00a0en vivo y en tiempo real.<\/strong><\/p>\n","protected":false},"excerpt":{"rendered":"<p>En la previa del GP de Australia, Sergio P\u00e9rez afirm\u00f3 tener espacio y respeto dentro de Red Bull, y consider\u00f3 que tiene las mismas herramientas que Max Verstappen para pelear el campeonato de F\u00f3rmula 1.<\/p>\n","protected":false},"author":0,"featured_media":1000662265,"comment_status":"closed","ping_status":"closed","sticky":false,"template":"","format":"standard","meta":{"42wp_featured_image_caption":"","42wp_featured_image_credits":"","42wp_featured_video":"","42wp_featured_image_hidden":false,"42wp_authors_list":[],"footnotes":""},"categories":[5],"tags":[181,1676,179,2534,1488,3438,2237,249,206,294],"42wp_author":[14223],"class_list":["post-19697","post","type-post","status-publish","format-standard","has-post-thumbnail","hentry","category-f1","tag-f1","tag-f1-2023","tag-formula-1","tag-formula-1-2023","tag-grande-premio","tag-grande-premio-en-espanol","tag-grandepremio","tag-max-verstappen","tag-red-bull","tag-sergio-perez","42wp_author-esteban-nieto"],"_links":{"self":[{"href":"https:\/\/grandepremio.com\/es\/wp-json\/wp\/v2\/posts\/19697","targetHints":{"allow":["GET"]}}],"collection":[{"href":"https:\/\/grandepremio.com\/es\/wp-json\/wp\/v2\/posts"}],"about":[{"href":"https:\/\/grandepremio.com\/es\/wp-json\/wp\/v2\/types\/post"}],"replies":[{"embeddable":true,"href":"https:\/\/grandepremio.com\/es\/wp-json\/wp\/v2\/comments?post=19697"}],"version-history":[{"count":0,"href":"https:\/\/grandepremio.com\/es\/wp-json\/wp\/v2\/posts\/19697\/revisions"}],"wp:featuredmedia":[{"embeddable":true,"href":"https:\/\/grandepremio.com\/es\/wp-json\/wp\/v2\/media\/1000662265"}],"wp:attachment":[{"href":"https:\/\/grandepremio.com\/es\/wp-json\/wp\/v2\/media?parent=19697"}],"wp:term":[{"taxonomy":"category","embeddable":true,"href":"https:\/\/grandepremio.com\/es\/wp-json\/wp\/v2\/categories?post=19697"},{"taxonomy":"post_tag","embeddable":true,"href":"https:\/\/grandepremio.com\/es\/wp-json\/wp\/v2\/tags?post=19697"},{"taxonomy":"42wp_author","embeddable":true,"href":"https:\/\/grandepremio.com\/es\/wp-json\/wp\/v2\/42wp_author?post=19697"}],"curies":[{"name":"wp","href":"https:\/\/api.w.org\/{rel}","templated":true}]}}