{"id":1970,"date":"2026-03-29T05:02:09","date_gmt":"2026-03-29T08:02:09","guid":{"rendered":"https:\/\/grandepremio.com\/es\/2026\/03\/29\/colapinto-lamenta-coche-seguridad-tras-16-gp-japon-f1-2026\/"},"modified":"2026-03-29T07:10:53","modified_gmt":"2026-03-29T10:10:53","slug":"colapinto-lamenta-coche-seguridad-tras-16-gp-japon-f1-2026","status":"publish","type":"post","link":"https:\/\/grandepremio.com\/es\/f1\/colapinto-lamenta-coche-seguridad-tras-16-gp-japon-f1-2026\/","title":{"rendered":"Colapinto lamenta el coche de seguridad tras ser 16\u00b0 en el GP de Jap\u00f3n"},"content":{"rendered":"\n<p class=\"wp-block-paragraph\"><strong>Franco Colapinto<\/strong> finaliz\u00f3 el <strong>Gran Premio de Jap\u00f3n<\/strong> en 16ta posici\u00f3n. El argentino fue afectado por la salida del coche de seguridad en la tercera prueba de la <strong>temporada 2026<\/strong> de <strong>F\u00f3rmula 1<\/strong> y qued\u00f3 relegado en el pelot\u00f3n. Luego de la competencia, el piloto de <strong>Alpine<\/strong> dej\u00f3 un comentario sobre los pr\u00f3ximos planes por la cancelaci\u00f3n de los Grandes Premios en abril y aludi\u00f3 a la posible exhibici\u00f3n en <strong>Argentina<\/strong>.<\/p>\n\n\n\n<p class=\"wp-block-paragraph\">El #43 larg\u00f3 15\u00b0 en <strong>Suzuka<\/strong> y alcanz\u00f3 el 13er puesto en las primeras vueltas. Colapinto se detuvo en la vuelta 18 y sali\u00f3 por delante de <strong>Oliver Bearman<\/strong>. El brit\u00e1nico intent\u00f3 superarlo en la curva <strong>Spoon<\/strong> y lleg\u00f3 con una amplia diferencia de velocidad por la gesti\u00f3n de energ\u00eda, intent\u00f3 buscar un lugar para superar al argentino, pero perdi\u00f3 el control del <strong>Haas<\/strong> y se golpe\u00f3 contra las protecciones, provocando la salida del auto de seguridad.<\/p>\n\n\n\n<p class=\"wp-block-paragraph\">\ud83d\udfe5&nbsp;<strong><em>\u00a1Todas las novedades te esperan en el canal de&nbsp;<\/em><\/strong><a href=\"https:\/\/www.youtube.com\/@GrandePremioES\"><em>YouTube<\/em><\/a><strong><em>&nbsp;de Grande Pr\u00eamio en Espa\u00f1ol!<\/em><\/strong>&nbsp;\ud83d\udfe8<\/p>\n\n\n\n<figure class=\"wp-block-embed is-type-video is-provider-youtube wp-block-embed-youtube wp-embed-aspect-16-9 wp-has-aspect-ratio\"><div class=\"wp-block-embed__wrapper\">\n<iframe loading=\"lazy\" title=\"ANTONELLI Y UNA VICTORIA HIST\u00d3RICA EN JAP\u00d3N; COLAPINTO, 16\u00b0\" width=\"500\" height=\"281\" src=\"https:\/\/www.youtube.com\/embed\/u7SUsFXhEs4?feature=oembed\" frameborder=\"0\" allow=\"accelerometer; autoplay; clipboard-write; encrypted-media; gyroscope; picture-in-picture; web-share\" referrerpolicy=\"strict-origin-when-cross-origin\" allowfullscreen><\/iframe>\n<\/div><\/figure>\n\n\n\n<p class=\"wp-block-paragraph\">Esta situaci\u00f3n comprometi\u00f3 el resto de la competencia para Colapinto, que con su detenci\u00f3n apenas cumplida, no pudo avanzar del 16\u00b0 puesto. Finalmente, termin\u00f3 por detr\u00e1s de <strong>Carlos Sainz<\/strong> en un nuevo duelo con el espa\u00f1ol.<\/p>\n\n\n\n<p class=\"wp-block-paragraph\">&#8220;Estoy cansado de ver el <strong>Williams<\/strong> otra vez&#8221;, brome\u00f3 Franco en declaraciones a <em>ESPN<\/em> y declar\u00f3 su cari\u00f1o por la escuder\u00eda dirigida por <strong>James Vowles<\/strong>, recordando su paso por el equipo en la <strong>temporada 2024<\/strong>.<\/p>\n\n\n\n<p class=\"wp-block-paragraph\">&#8220;Hice una muy buena largada, despu\u00e9s me qued\u00e9 trabado atr\u00e1s de<strong> [Liam] Lawson<\/strong>. Iba m\u00e1s r\u00e1pido, \u00e9l ven\u00eda patinando en todos lados, empec\u00e9 a ahorrar gomas, pero no pude hacer mucho. Entr\u00e9 [a boxes] para hacer el undercut y sali\u00f3 el safety car y despu\u00e9s \u00e9l termin\u00f3 9\u00b0. As\u00ed que viendo c\u00f3mo termin\u00f3 \u00e9l y el ritmo que ten\u00edamos nosotros que era mejor que el suyo es una pena, porque est\u00e1bamos ah\u00ed para pelearle los puntos&#8221;, lament\u00f3.<\/p>\n\n\n\n<p class=\"wp-block-paragraph\">&#8220;Creo que en general fue otra carrera en la que nos comprometi\u00f3 mucho el safety car. Hay que enfocarse en la pr\u00f3xima. Por suerte hay un break para entender un par de cosas, para mejorar en lo que pensamos que nos falta. Hay muchas \u00e1reas por entender por qu\u00e9 nos est\u00e1 costando y por qu\u00e9 hay una diferencia con <strong>Pierre [Gasly]<\/strong> en algunos momentos del fin de semana&#8221;, asegur\u00f3.<\/p>\n\n\n\n<figure class=\"wp-block-image size-large\"><img decoding=\"async\" src=\"https:\/\/grandepremio.com\/es\/wp-content\/uploads\/2026\/03\/HEjkSSEa0AAlV1U_9_11zon-1024x682.webp\" alt=\"\" class=\"wp-image-396965\"\/><figcaption class=\"wp-element-caption\">Franco Colapinto lament\u00f3 la salida del coche de seguridad en \nSuzuka. (Foto: Alpine)<\/figcaption><\/figure>\n\n\n\n<p class=\"wp-block-paragraph\">\u23e9&nbsp;<strong><em>\u00a1Seguinos en redes por&nbsp;<\/em><\/strong><a href=\"https:\/\/twitter.com\/grandepremioES\"><em>Twitter&nbsp;<\/em><\/a><strong><em>e&nbsp;<\/em><\/strong><a href=\"https:\/\/www.instagram.com\/grandepremioes\/\"><em>Instagram!<br><\/em><\/a>\u23e9&nbsp;<strong><em>Adem\u00e1s, tenemos nuestro&nbsp;<\/em><\/strong><a href=\"https:\/\/whatsapp.com\/channel\/0029VaDZ5zb0gcfDxuwxBM05\"><em>canal de Whatsapp<\/em><\/a><strong><em>&nbsp;con toda la informaci\u00f3n al instante<\/em><\/strong>&nbsp;\ud83c\udfc1<\/p>\n\n\n\n<p class=\"wp-block-paragraph\">El pr\u00f3ximo compromiso de la F1 ser\u00e1 el <strong>Gran Premio de Miami<\/strong> entre el 1 y 3 de mayo debido a las cancelaciones de los <strong>Grandes Premios de Bahr\u00e9in<\/strong> y <strong>Arabia Saudita<\/strong>, originalmente pactados en abril, por el conflicto b\u00e9lico en <strong>Oriente Medio<\/strong>. Por eso, Alpine y el <strong>Gobierno de la Ciudad de Buenos Aires<\/strong> aprovechan el espacio libre para organizar una exhibici\u00f3n en la ciudad capital de argentina y Colapinto se volvi\u00f3 a expresar sobre la posibilidad del evento.<\/p>\n\n\n\n<p class=\"wp-block-paragraph\">&#8220;La pr\u00f3xima yo creo que va a ser en casa. Vamos a ver, ojal\u00e1&#8221;, dijo Franco sonriente ante la pregunta.<\/p>\n\n\n\n<p class=\"wp-block-paragraph\">La <strong>F\u00f3rmula 1<\/strong> afronta ahora un receso durante abril y regresar\u00e1 a principios de mayo para el <strong>Gran Premio de Miami<\/strong>, cuarta prueba de la <strong>temporada 2026<\/strong>.<\/p>\n","protected":false},"excerpt":{"rendered":"<p>El argentino se\u00f1al\u00f3 que la salida del auto de seguridad en Suzuka volvi\u00f3 a comprometer su carrera y asegur\u00f3 que ten\u00eda ritmo para pelear por puntos.<\/p>\n","protected":false},"author":0,"featured_media":1010396763,"comment_status":"closed","ping_status":"closed","sticky":false,"template":"","format":"standard","meta":{"42wp_featured_image_caption":"","42wp_featured_image_credits":"","42wp_featured_video":"","42wp_featured_image_hidden":false,"42wp_authors_list":[],"footnotes":""},"categories":[5],"tags":[13445,678,302,1680,179,814,1422,279,427,3484,204],"42wp_author":[14240],"class_list":["post-1970","post","type-post","status-publish","format-standard","has-post-thumbnail","hentry","category-f1","tag-a526","tag-alpine","tag-carlos-sainz","tag-f1-2026","tag-formula-1","tag-franco-colapinto","tag-gp-de-japon","tag-liam-lawson","tag-pierre-gasly","tag-suzuka","tag-williams","42wp_author-ignacio-bogado"],"_links":{"self":[{"href":"https:\/\/grandepremio.com\/es\/wp-json\/wp\/v2\/posts\/1970","targetHints":{"allow":["GET"]}}],"collection":[{"href":"https:\/\/grandepremio.com\/es\/wp-json\/wp\/v2\/posts"}],"about":[{"href":"https:\/\/grandepremio.com\/es\/wp-json\/wp\/v2\/types\/post"}],"replies":[{"embeddable":true,"href":"https:\/\/grandepremio.com\/es\/wp-json\/wp\/v2\/comments?post=1970"}],"version-history":[{"count":0,"href":"https:\/\/grandepremio.com\/es\/wp-json\/wp\/v2\/posts\/1970\/revisions"}],"wp:featuredmedia":[{"embeddable":true,"href":"https:\/\/grandepremio.com\/es\/wp-json\/wp\/v2\/media\/1010396763"}],"wp:attachment":[{"href":"https:\/\/grandepremio.com\/es\/wp-json\/wp\/v2\/media?parent=1970"}],"wp:term":[{"taxonomy":"category","embeddable":true,"href":"https:\/\/grandepremio.com\/es\/wp-json\/wp\/v2\/categories?post=1970"},{"taxonomy":"post_tag","embeddable":true,"href":"https:\/\/grandepremio.com\/es\/wp-json\/wp\/v2\/tags?post=1970"},{"taxonomy":"42wp_author","embeddable":true,"href":"https:\/\/grandepremio.com\/es\/wp-json\/wp\/v2\/42wp_author?post=1970"}],"curies":[{"name":"wp","href":"https:\/\/api.w.org\/{rel}","templated":true}]}}