{"id":19700,"date":"2023-03-31T01:03:08","date_gmt":"2023-03-31T04:03:08","guid":{"rendered":"https:\/\/grandepremio.com\/es\/2023\/03\/31\/jefe-f1-calendario-mas-30-gps-todo-mundo-quiere-uno\/"},"modified":"2023-03-31T01:15:25","modified_gmt":"2023-03-31T04:15:25","slug":"jefe-f1-calendario-mas-30-gps-todo-mundo-quiere-uno","status":"publish","type":"post","link":"https:\/\/grandepremio.com\/es\/f1\/jefe-f1-calendario-mas-30-gps-todo-mundo-quiere-uno\/","title":{"rendered":"Jefe de F1 dice que el calendario podr\u00eda tener &#8220;m\u00e1s de 30 GPs&#8221;: &#8220;Todo el mundo quiere uno&#8221;"},"content":{"rendered":"\n<p class=\"wp-block-paragraph\">Con 23 carreras programadas, la temporada 2023 de <a href=\"https:\/\/grandepremio.com\/es\/\/f1\/\" target=\"_blank\" rel=\"noreferrer noopener\">F\u00f3rmula 1<\/a> cuenta con el mayor calendario de la historia de la categor\u00eda. Pero el n\u00famero, acordado entre la <strong>FIA <\/strong>(Federaci\u00f3n Internacional del Autom\u00f3vil) y <strong>Liberty Media<\/strong> (grupo propietario de los derechos comerciales), podr\u00eda ser mucho m\u00e1s grande, seg\u00fan el jefe de la <strong>F1<\/strong>, <strong>Stefano Domenicali.<\/strong><\/p>\n\n\n\n<p class=\"wp-block-paragraph\">El dirigente italiano tambi\u00e9n revel\u00f3 que varios pa\u00edses est\u00e1n interesados en albergar un GP de la mayor categor\u00eda automovil\u00edstica del mundo: &#8220;Hoy podr\u00edamos tener m\u00e1s de 30, incluso 32 GPs, porque todo el mundo quiere uno&#8221;.<\/p>\n\n\n\n<p class=\"wp-block-paragraph\">Entre las naciones que han hecho p\u00fablico su inter\u00e9s se encuentran <strong>Sud\u00e1frica, Grecia y Croacia.<\/strong> Adem\u00e1s, el <strong>GP de Rusia <\/strong>en <strong>Sochi <\/strong>est\u00e1 fuera del calendario por la guerra de Ucrania, pero no se descarta su regreso tras el conflicto.<\/p>\n\n\n\n<p class=\"wp-block-paragraph\"><strong>Domenicali <\/strong>tambi\u00e9n explic\u00f3 que el crecimiento de la categor\u00eda se debe al lanzamiento de la serie <em><strong>Drive To Survive<\/strong><\/em> en <strong>Netflix<\/strong>. Seg\u00fan el italiano, &#8220;uno de cada tres aficionados que va a un GP, va por primera vez&#8221;, y esto tiene relaci\u00f3n con el tama\u00f1o del calendario.<\/p>\n\n\n\n<p class=\"wp-block-paragraph\"><strong><strong>\u00a1Conoce el canal de Grande Pr\u00eamio en Espa\u00f1ol en\u00a0<a href=\"https:\/\/www.youtube.com\/channel\/UCDxWojGVUi9gWYhrY0pGbIQ\" target=\"_blank\" rel=\"noreferrer noopener\">YouTube<\/a>!<br>\u00a1Sigue a\u00a0Grande Pr\u00eamio en Espa\u00f1ol\u00a0en\u00a0<a href=\"https:\/\/twitter.com\/grandepremioES\" target=\"_blank\" rel=\"noreferrer noopener\">Twitter\u00a0<\/a>y en\u00a0<a href=\"https:\/\/www.instagram.com\/grandepremioes\/\" target=\"_blank\" rel=\"noreferrer noopener\">Instagram<\/a>!<\/strong><\/strong><\/p>\n\n\n\n<figure class=\"wp-block-image size-full\"><img decoding=\"async\" src=\"https:\/\/www.grandepremio.com\/br\/wp-content\/uploads\/2023\/03\/Las-Vegas.png\" alt=\"\" class=\"wp-image-666505\"\/><figcaption class=\"wp-element-caption\">Previsto para el 18 de noviembre, el GP de Las Vegas ser\u00e1 una de las novedades de la F1 en el calendario de 2023 (Foto: F1 \/ Reproducci\u00f3n)<\/figcaption><\/figure>\n\n\n\n<p class=\"wp-block-paragraph\">Un ejemplo citado por el jefe fue la incorporaci\u00f3n de uno a tres GPs celebrados en <strong>Estados Unidos <\/strong>&#8211; <strong>Miami <\/strong>hizo su debut el a\u00f1o pasado y<strong> Las Vegas<\/strong> participar\u00e1 en la temporada por primera vez este a\u00f1o, ambos se unen a <strong>Austin<\/strong>, en el <strong>Circuito de las Am\u00e9ricas<\/strong>, que &#8220;durante tres a\u00f1os estaba siendo evaluado para su continuidad&#8221;.<\/p>\n\n\n\n<p class=\"wp-block-paragraph\">No es la primera vez que el <strong>CEO de la F1<\/strong> habla de aumentar el n\u00famero de pruebas en una temporada. En octubre del a\u00f1o pasado, en una entrevista con el portal alem\u00e1n <em>Motorsport-Magazin.com<\/em>, cont\u00f3 que &#8220;de 23 a 24 carreras son buenos n\u00fameros&#8221; y que &#8220;las sedes se establecen en torno a estos n\u00fameros&#8221;, considerados los m\u00e1ximos.<\/p>\n\n\n\n<p class=\"wp-block-paragraph\">&#8220;Antes ten\u00edamos 15 carreras, pero era una situaci\u00f3n diferente. Ahora hay mucho inter\u00e9s, y espero que crezca a\u00fan m\u00e1s en el futuro. A la hora de crear el calendario, el aspecto financiero es muy importante. Hay muchas m\u00e1s ofertas que fechas disponibles. Tenemos en cuenta la belleza del propio circuito, la inversi\u00f3n, las actividades para los aficionados y el inter\u00e9s de los equipos fabricantes implicados&#8221;, explic\u00f3.<\/p>\n\n\n\n<p class=\"wp-block-paragraph\">La previsi\u00f3n es que en 2024 la <strong>F1 <\/strong>alcance el l\u00edmite de 24 carreras con el regreso del<strong> GP de China<\/strong>, que renunci\u00f3 a ser sede este a\u00f1o y no fue sustituida, seg\u00fan <strong>Domenicali<\/strong>, porque &#8220;el beneficio econ\u00f3mico de una carrera de reemplazo no val\u00eda las consideraciones log\u00edsticas y de sostenibilidad para la <strong>F1 <\/strong>y nuestros equipos&#8221;.<\/p>\n","protected":false},"excerpt":{"rendered":"<p>El jefe de la F1, Stefano Domenicali, revel\u00f3 que varios pa\u00edses est\u00e1n interesados en albergar carreras de F1, pero que 24 carreras es el n\u00famero m\u00e1ximo actual para el calendario.<\/p>\n","protected":false},"author":0,"featured_media":1010138500,"comment_status":"closed","ping_status":"closed","sticky":false,"template":"","format":"standard","meta":{"42wp_featured_image_caption":"","42wp_featured_image_credits":"","42wp_featured_video":"","42wp_featured_image_hidden":false,"42wp_authors_list":[],"footnotes":""},"categories":[5],"tags":[2645,1131,1706,1703,181,1676,263,179,2534,1475,6406,2236,3438,2237,1476,789],"42wp_author":[14233],"class_list":["post-19700","post","type-post","status-publish","format-standard","has-post-thumbnail","hentry","category-f1","tag-australia-2","tag-calendario","tag-calendario-de-f1","tag-ceo-de-la-f1","tag-f1","tag-f1-2023","tag-fia","tag-formula-1","tag-formula-1-2023","tag-gp-de-australia","tag-gps","tag-grande-premio-2","tag-grande-premio-en-espanol","tag-grandepremio","tag-melbourne","tag-stefano-domenicali","42wp_author-eric-calduch"],"_links":{"self":[{"href":"https:\/\/grandepremio.com\/es\/wp-json\/wp\/v2\/posts\/19700","targetHints":{"allow":["GET"]}}],"collection":[{"href":"https:\/\/grandepremio.com\/es\/wp-json\/wp\/v2\/posts"}],"about":[{"href":"https:\/\/grandepremio.com\/es\/wp-json\/wp\/v2\/types\/post"}],"replies":[{"embeddable":true,"href":"https:\/\/grandepremio.com\/es\/wp-json\/wp\/v2\/comments?post=19700"}],"version-history":[{"count":0,"href":"https:\/\/grandepremio.com\/es\/wp-json\/wp\/v2\/posts\/19700\/revisions"}],"wp:featuredmedia":[{"embeddable":true,"href":"https:\/\/grandepremio.com\/es\/wp-json\/wp\/v2\/media\/1010138500"}],"wp:attachment":[{"href":"https:\/\/grandepremio.com\/es\/wp-json\/wp\/v2\/media?parent=19700"}],"wp:term":[{"taxonomy":"category","embeddable":true,"href":"https:\/\/grandepremio.com\/es\/wp-json\/wp\/v2\/categories?post=19700"},{"taxonomy":"post_tag","embeddable":true,"href":"https:\/\/grandepremio.com\/es\/wp-json\/wp\/v2\/tags?post=19700"},{"taxonomy":"42wp_author","embeddable":true,"href":"https:\/\/grandepremio.com\/es\/wp-json\/wp\/v2\/42wp_author?post=19700"}],"curies":[{"name":"wp","href":"https:\/\/api.w.org\/{rel}","templated":true}]}}