{"id":1971,"date":"2026-03-29T04:37:05","date_gmt":"2026-03-29T07:37:05","guid":{"rendered":"https:\/\/grandepremio.com\/es\/2026\/03\/29\/charles-leclerc-ferrari-gp-japon-f1-2026\/"},"modified":"2026-03-29T04:37:08","modified_gmt":"2026-03-29T07:37:08","slug":"charles-leclerc-ferrari-gp-japon-f1-2026","status":"publish","type":"post","link":"https:\/\/grandepremio.com\/es\/f1\/charles-leclerc-ferrari-gp-japon-f1-2026\/","title":{"rendered":"Leclerc cita impacto del coche de seguridad en el &#8220;agotador&#8221; GP de Jap\u00f3n"},"content":{"rendered":"\n<p class=\"wp-block-paragraph\"><strong>Charles Leclerc<\/strong> resisti\u00f3 la presi\u00f3n ejercida por <strong>George Russell<\/strong> en las \u00faltimas vueltas del <strong>Gran Premio de Jap\u00f3n<\/strong> y logr\u00f3 su segundo podio de la temporada 2026 de <strong>F\u00f3rmula 1<\/strong>. El monegasco destac\u00f3 c\u00f3mo el coche de seguridad influy\u00f3 en el desarrollo de la carrera, pero se mostr\u00f3 satisfecho con el ritmo que mostr\u00f3 el <strong>Ferrari <\/strong>durante la segunda tanda, con los neum\u00e1ticos duros.<\/p>\n\n\n\n<p class=\"wp-block-paragraph\">\ud83d\udfe5&nbsp;<strong><em>\u00a1Todas las novedades te esperan en el canal de&nbsp;<\/em><\/strong><a href=\"https:\/\/www.youtube.com\/@GrandePremioES\"><em>YouTube<\/em><\/a><strong><em>&nbsp;de Grande Pr\u00eamio en Espa\u00f1ol!<\/em><\/strong>&nbsp;\ud83d\udfe8<\/p>\n\n\n\n<p class=\"wp-block-paragraph\">El #16 sali\u00f3 desde la cuarta posici\u00f3n y se coloc\u00f3 segundo nada m\u00e1s dar la salida, quedando solo por detr\u00e1s de <strong>Oscar Piastri<\/strong>. Al realizar el cambio de neum\u00e1ticos justo antes de la parada causada por el grave accidente de <strong>Oliver Bearman<\/strong>, acab\u00f3 vi\u00e9ndose perjudicado, pero fue capaz de remontar para cruzar la l\u00ednea de meta en tercera posici\u00f3n, a 15s270 del ganador, <strong>Andrea Kimi Antonelli<\/strong>.<\/p>\n\n\n\n<p class=\"wp-block-paragraph\">\u00ab\u00a1Fue una carrera agotadora! Con el coche de seguridad tuvimos un poco de mala suerte, as\u00ed que, a partir de ah\u00ed, sab\u00eda que estaba en desventaja, especialmente respecto a <strong>Kimi <\/strong>y a <strong>Lewis <\/strong>[<strong>Hamilton<\/strong>]\u00bb, comenz\u00f3 <strong>Leclerc<\/strong>. <\/p>\n\n\n\n<p class=\"wp-block-paragraph\">\u23e9\u00a0<strong><em>\u00a1Seguinos en redes por\u00a0<\/em><\/strong><a href=\"https:\/\/twitter.com\/grandepremioES\"><em>Twitter\u00a0<\/em><\/a><strong><em>e\u00a0<\/em><\/strong><a href=\"https:\/\/www.instagram.com\/grandepremioes\/\"><em>Instagram!<\/em><\/a><br>\u23e9\u00a0<strong><em>Adem\u00e1s, tenemos nuestro\u00a0<\/em><\/strong><a href=\"https:\/\/whatsapp.com\/channel\/0029VaDZ5zb0gcfDxuwxBM05\"><em>canal de Whatsapp<\/em><\/a><strong><em>\u00a0con toda la informaci\u00f3n al instante<\/em><\/strong>\u00a0\ud83c\udfc1<\/p>\n\n\n\n<figure class=\"wp-block-image size-large\"><img decoding=\"async\" src=\"https:\/\/grandepremio.com\/es\/wp-content\/uploads\/2026\/03\/02f85545-8185-4684-ac91-a98c0fb4679d-1024x683.jpg\" alt=\"\" class=\"wp-image-396994\"\/><figcaption class=\"wp-element-caption\">Charles Leclerc destac\u00f3 la importancia de la salida del safety car durante el GP de Jap\u00f3n (Foto: Reproducci\u00f3n)<\/figcaption><\/figure>\n\n\n\n<p class=\"wp-block-paragraph\">\u00abDespu\u00e9s pens\u00e9: \u201cVamos a seguir presionando e intentar cuidar los neum\u00e1ticos para llevarlos hasta el final\u201d. Pero no fue una desventaja tan grande como imaginaba\u00bb, analiz\u00f3.<\/p>\n\n\n\n<p class=\"wp-block-paragraph\">\u00abLos neum\u00e1ticos estaban, de hecho, bastante bien. Las vueltas que hice no fueron malas, solo que acabamos perdiendo algunas posiciones. Fue una carrera muy divertida. No fue suficiente para alcanzar a <strong>Oscar<\/strong>, pero fue una carrera genial\u00bb, concluy\u00f3 el piloto de <strong>Ferrari<\/strong>.<\/p>\n\n\n\n<p class=\"wp-block-paragraph\">La <strong>F\u00f3rmula 1<\/strong> entra en un par\u00f3n de cinco semanas debido a la suspensi\u00f3n de las fechas en <strong>Bahr\u00e9in <\/strong>y <strong>Arabia Saudita<\/strong> por el conflicto en <strong>Oriente Medio<\/strong>. El campeonato volver\u00e1 a la acci\u00f3n entre el 1 y 3 de mayo con el <strong>Gran Premio de Miami<\/strong>, cuarta prueba de la temporada 2026.<\/p>\n","protected":false},"excerpt":{"rendered":"<p>A pesar de verse perjudicado por la salida del coche de seguridad, Charles Leclerc elogi\u00f3 el ritmo de Ferrari en la lucha por el podio en Suzuka<\/p>\n","protected":false},"author":0,"featured_media":1010396992,"comment_status":"closed","ping_status":"closed","sticky":false,"template":"","format":"standard","meta":{"42wp_featured_image_caption":"","42wp_featured_image_credits":"","42wp_featured_video":"","42wp_featured_image_hidden":false,"42wp_authors_list":[],"footnotes":""},"categories":[5],"tags":[247,181,1680,185,179,2429,13947,1488,4010],"42wp_author":[14239],"class_list":["post-1971","post","type-post","status-publish","format-standard","has-post-thumbnail","hentry","category-f1","tag-charles-leclerc","tag-f1","tag-f1-2026","tag-ferrari","tag-formula-1","tag-formula-1-2026","tag-gp-de-japon-2026","tag-grande-premio","tag-temporada-2026-f1","42wp_author-jp-otrosky"],"_links":{"self":[{"href":"https:\/\/grandepremio.com\/es\/wp-json\/wp\/v2\/posts\/1971","targetHints":{"allow":["GET"]}}],"collection":[{"href":"https:\/\/grandepremio.com\/es\/wp-json\/wp\/v2\/posts"}],"about":[{"href":"https:\/\/grandepremio.com\/es\/wp-json\/wp\/v2\/types\/post"}],"replies":[{"embeddable":true,"href":"https:\/\/grandepremio.com\/es\/wp-json\/wp\/v2\/comments?post=1971"}],"version-history":[{"count":0,"href":"https:\/\/grandepremio.com\/es\/wp-json\/wp\/v2\/posts\/1971\/revisions"}],"wp:featuredmedia":[{"embeddable":true,"href":"https:\/\/grandepremio.com\/es\/wp-json\/wp\/v2\/media\/1010396992"}],"wp:attachment":[{"href":"https:\/\/grandepremio.com\/es\/wp-json\/wp\/v2\/media?parent=1971"}],"wp:term":[{"taxonomy":"category","embeddable":true,"href":"https:\/\/grandepremio.com\/es\/wp-json\/wp\/v2\/categories?post=1971"},{"taxonomy":"post_tag","embeddable":true,"href":"https:\/\/grandepremio.com\/es\/wp-json\/wp\/v2\/tags?post=1971"},{"taxonomy":"42wp_author","embeddable":true,"href":"https:\/\/grandepremio.com\/es\/wp-json\/wp\/v2\/42wp_author?post=1971"}],"curies":[{"name":"wp","href":"https:\/\/api.w.org\/{rel}","templated":true}]}}