{"id":19744,"date":"2023-03-26T12:09:03","date_gmt":"2023-03-26T15:09:03","guid":{"rendered":"https:\/\/grandepremio.com\/es\/2023\/03\/26\/marc-marquez-toca-jorge-martin-arrolla-miguel-oliveira-gp-portugal\/"},"modified":"2023-03-26T12:20:47","modified_gmt":"2023-03-26T15:20:47","slug":"marc-marquez-toca-jorge-martin-arrolla-miguel-oliveira-gp-portugal","status":"publish","type":"post","link":"https:\/\/grandepremio.com\/es\/motogp\/marc-marquez-toca-jorge-martin-arrolla-miguel-oliveira-gp-portugal\/","title":{"rendered":"Marc M\u00e1rquez toca a Mart\u00edn y arrolla a Oliveira en fuerte accidente en el GP de Portugal"},"content":{"rendered":"\n<figure class=\"wp-block-video\"><video class=\"video-js vjs-big-play-centered\" data-gp-vjs=\"1\" controls src=\"https:\/\/grandepremio.com\/es\/\/wp-content\/uploads\/2023\/03\/KTCYMxo1QNQ4oTAw.mp4\"><\/video><figcaption class=\"wp-element-caption\">El fuerte accidente entre Marc M\u00e1rquez y Miguel Oliveira en Portimao (Video: Reproducci\u00f3n \/ Dazn)<\/figcaption><\/figure>\n\n\n\n<p class=\"wp-block-paragraph\">Final de carrera para<strong> Miguel Oliveira<\/strong> y <strong>Marc M\u00e1rquez<\/strong> en el <em>GP de Portugal<\/em> de <a href=\"https:\/\/grandepremio.com\/es\/\/motogp\/\">MotoGP<\/a>, disputado el domingo, en <strong>Portim\u00e3o<\/strong>. Al tomar la curva tres, el piloto espa\u00f1ol se toc\u00f3 con<strong> Jorge Mart\u00edn<\/strong> y se cay\u00f3, golpeando accidentalmente al portugu\u00e9s, que sali\u00f3 disparado de la moto.<\/p>\n\n\n\n<p class=\"wp-block-paragraph\">El accidente lleg\u00f3 a preocupar porque <strong>Oliveira <\/strong>fue golpeado cuando ya estaba trazando la curva. El piloto ha sido atendido inmediatamente por el equipo m\u00e9dico y se ha levantado sin problemas, pero deber\u00e1 ser derivado al centro m\u00e9dico de <strong>MotoGP <\/strong>para realizarle m\u00e1s pruebas. Tanto el #88 como el #93 tuvieron que abandonar la carrera. Por su parte, <strong>Mart\u00edn<\/strong>, que consigui\u00f3 mantener el equilibrio de la <strong>Desmosedici<\/strong>, cay\u00f3 hasta la 15\u00aa plaza.<\/p>\n\n\n\n<p class=\"wp-block-paragraph\"><strong><strong>\u00a1Conoce el canal de Grande Pr\u00eamio en Espa\u00f1ol en\u00a0<a href=\"https:\/\/www.youtube.com\/channel\/UCDxWojGVUi9gWYhrY0pGbIQ\" target=\"_blank\" rel=\"noreferrer noopener\">YouTube<\/a>!<br>\u00a1Sigue a\u00a0Grande Pr\u00eamio en Espa\u00f1ol\u00a0en\u00a0<a href=\"https:\/\/twitter.com\/grandepremioES\" target=\"_blank\" rel=\"noreferrer noopener\">Twitter\u00a0<\/a>y en\u00a0<a href=\"https:\/\/www.instagram.com\/grandepremioes\/\" target=\"_blank\" rel=\"noreferrer noopener\">Instagram<\/a>!<\/strong><\/strong><\/p>\n\n\n\n<figure class=\"wp-block-image aligncenter size-full\"><img decoding=\"async\" src=\"https:\/\/www.grandepremio.com\/br\/wp-content\/uploads\/2023\/03\/FsJgmsgWAAQ2Xyw.jpg\" alt=\"MOTOGP - CORRIDA - GP DE PORTUGAL - DIOGO MOREIRA\" class=\"wp-image-665390\"\/><figcaption class=\"wp-element-caption\">Miguel Oliveira fue atendido y llevado al centro m\u00e9dico para realizar pruebas (Foto: Reproducci\u00f3n \/ MotoGP)<\/figcaption><\/figure>\n\n\n\n<p class=\"wp-block-paragraph\">En el momento de la ca\u00edda, <strong>Oliveira <\/strong>luchaba por el liderato con <strong>Francesco Bagnaia<\/strong>, que termin\u00f3 ganando en <strong>Portimao<\/strong>. <strong>Maverick Vin\u00e3les<\/strong> y <strong>Marco Bezzecchi<\/strong> cerraron el podio aprovechando el accidente m\u00faltiple.<\/p>\n","protected":false},"excerpt":{"rendered":"<p>M\u00e1rquez y Oliveira tuvieron que abandonar la carrera en Portim\u00e3o. El portugu\u00e9s fue golpeado cuando trazaba la curva y fue trasladado al centro m\u00e9dico.<\/p>\n","protected":false},"author":0,"featured_media":1000665389,"comment_status":"closed","ping_status":"closed","sticky":false,"template":"","format":"standard","meta":{"42wp_featured_image_caption":"","42wp_featured_image_credits":"","42wp_featured_video":"","42wp_featured_image_hidden":false,"42wp_authors_list":[],"footnotes":""},"categories":[8],"tags":[972,2236,3438,2237,1526,1308,1403,855,1293,2657,1764,455,956,1363,1357,5502],"42wp_author":[14233],"class_list":["post-19744","post","type-post","status-publish","format-standard","has-post-thumbnail","hentry","category-motogp","tag-gp-de-portugal","tag-grande-premio-2","tag-grande-premio-en-espanol","tag-grandepremio","tag-jorge-martin","tag-marc-marquez","tag-miguel-oliveira","tag-motociclismo","tag-motogp","tag-motogp-2023","tag-mundial-de-motociclismo","tag-portimao","tag-portugal","tag-pramac","tag-repsol-honda","tag-rnf-aprilia","42wp_author-eric-calduch"],"_links":{"self":[{"href":"https:\/\/grandepremio.com\/es\/wp-json\/wp\/v2\/posts\/19744","targetHints":{"allow":["GET"]}}],"collection":[{"href":"https:\/\/grandepremio.com\/es\/wp-json\/wp\/v2\/posts"}],"about":[{"href":"https:\/\/grandepremio.com\/es\/wp-json\/wp\/v2\/types\/post"}],"replies":[{"embeddable":true,"href":"https:\/\/grandepremio.com\/es\/wp-json\/wp\/v2\/comments?post=19744"}],"version-history":[{"count":0,"href":"https:\/\/grandepremio.com\/es\/wp-json\/wp\/v2\/posts\/19744\/revisions"}],"wp:featuredmedia":[{"embeddable":true,"href":"https:\/\/grandepremio.com\/es\/wp-json\/wp\/v2\/media\/1000665389"}],"wp:attachment":[{"href":"https:\/\/grandepremio.com\/es\/wp-json\/wp\/v2\/media?parent=19744"}],"wp:term":[{"taxonomy":"category","embeddable":true,"href":"https:\/\/grandepremio.com\/es\/wp-json\/wp\/v2\/categories?post=19744"},{"taxonomy":"post_tag","embeddable":true,"href":"https:\/\/grandepremio.com\/es\/wp-json\/wp\/v2\/tags?post=19744"},{"taxonomy":"42wp_author","embeddable":true,"href":"https:\/\/grandepremio.com\/es\/wp-json\/wp\/v2\/42wp_author?post=19744"}],"curies":[{"name":"wp","href":"https:\/\/api.w.org\/{rel}","templated":true}]}}