{"id":19760,"date":"2023-03-24T16:46:34","date_gmt":"2023-03-24T19:46:34","guid":{"rendered":"https:\/\/grandepremio.com\/es\/2023\/03\/24\/pol-espargaro-contusion-politraumatica-motogp\/"},"modified":"2023-03-25T09:19:49","modified_gmt":"2023-03-25T12:19:49","slug":"pol-espargaro-contusion-politraumatica-motogp","status":"publish","type":"post","link":"https:\/\/grandepremio.com\/es\/motogp\/pol-espargaro-contusion-politraumatica-motogp\/","title":{"rendered":"MotoGP niega da\u00f1o neurol\u00f3gico, pero confirma politraumatismos en Pol Espargar\u00f3"},"content":{"rendered":"\n<p class=\"wp-block-paragraph\"><strong>\u00c1ngel Charte,<\/strong> m\u00e9dico del <strong>MotoGP,<\/strong> dio m\u00e1s detalles sobre el estado de salud de <strong>Pol Espargar\u00f3,<\/strong> quien este viernes sufri\u00f3 una <strong>violenta ca\u00edda<\/strong> durante el segundo entrenamiento del <strong>GP de Portugal <\/strong>en <strong>Portimao. <\/strong>El facultativo explic\u00f3 que el piloto del <strong>Tech3 <\/strong>sufri\u00f3 &#8220;una gran contusi\u00f3n politraum\u00e1tica&#8221; con el accidente, pero descart\u00f3 la presencia de da\u00f1os neurol\u00f3gicos.<\/p>\n\n\n\n<p class=\"wp-block-paragraph\">Pol perdi\u00f3 el control de su moto en la curva 10 y cay\u00f3 con fuerza, cuando quedaban 14 minutos para el final de la sesi\u00f3n vespertina. Bandera roja mediante, el equipo m\u00e9dico apareci\u00f3 en la pista para darle una atenci\u00f3n de primeros auxilios al hermano de Aleix. A continuaci\u00f3n, la categor\u00eda emiti\u00f3 una nota oficial en la que confirmaba que el piloto estaba consciente.<\/p>\n\n\n\n<p class=\"wp-block-paragraph\"><strong><strong>\u00a1Conoce el canal de Grande Pr\u00eamio en Espa\u00f1ol en&nbsp;<a href=\"https:\/\/www.youtube.com\/channel\/UCDxWojGVUi9gWYhrY0pGbIQ\" target=\"_blank\" rel=\"noreferrer noopener\">YouTube<\/a>!<br>\u00a1Sigue a&nbsp;Grande Pr\u00eamio en Espa\u00f1ol&nbsp;en&nbsp;<a href=\"https:\/\/twitter.com\/grandepremioES\" target=\"_blank\" rel=\"noreferrer noopener\">Twitter&nbsp;<\/a>y en&nbsp;<a href=\"https:\/\/www.instagram.com\/grandepremioes\/\" target=\"_blank\" rel=\"noreferrer noopener\">Instagram<\/a>!<\/strong><\/strong><\/p>\n\n\n\n<figure class=\"wp-block-image size-large\"><img decoding=\"async\" src=\"https:\/\/www.grandepremio.com\/br\/wp-content\/uploads\/2023\/03\/Fr_46fFWIAE1HGL-1024x576.jpg\" alt=\"\" class=\"wp-image-664295\"\/><figcaption class=\"wp-element-caption\">Pol Espargar\u00f3 tuvo una fuerte ca\u00edda en el segundo entrenamiento del MotoGP en Portugal (Foto: Reproducci\u00f3n\/MotoGP)<\/figcaption><\/figure>\n\n\n\n<p class=\"wp-block-paragraph\">&#8220;Tuvo una ca\u00edda de alto impacto, con una gran contusi\u00f3n politraum\u00e1tica a nivel de toda la columna dorsal, lumbar y sacra&#8221;, detall\u00f3 el doctor Charte. &#8220;Tendremos que ver el alcance despu\u00e9s de los ex\u00e1menes realizados en el hospital de Faro. Cervicalmente, est\u00e1 perfectamente. Neurol\u00f3gicamente est\u00e1 bien, no ha perdido el conocimiento en ning\u00fan momento&#8221;, asegur\u00f3.<\/p>\n\n\n\n<p class=\"wp-block-paragraph\">&#8220;No hemos tenido que intubarlo en ning\u00fan momento y su saturaci\u00f3n es buena, pero lo cierto es que tiene una fuerte contusi\u00f3n pulmonar&#8221;, asegur\u00f3 el m\u00e9dico. &#8220;Est\u00e1 consciente y orientado, un poco sedado, pero la exploraci\u00f3n neurol\u00f3gica es perfectamente normal&#8221;, a\u00f1adi\u00f3.<\/p>\n\n\n\n<figure class=\"wp-block-video\"><video class=\"video-js vjs-big-play-centered\" data-gp-vjs=\"1\" controls src=\"https:\/\/grandepremio.com\/es\/\/wp-content\/uploads\/2023\/03\/p6qhR_B9aRWrU2eH.mp4\"><\/video><figcaption class=\"wp-element-caption\">Pol Espargar\u00f3 sufri\u00f3 una fuerte ca\u00edda en el segundo entrenamiento del MotoGP. (Video: MotoGP)<\/figcaption><\/figure>\n\n\n\n<p class=\"wp-block-paragraph\">En un primer momento, <strong>MotoGP<\/strong> retuvo las im\u00e1genes del accidente. Al cabo de unos minutos, la categor\u00eda hizo p\u00fablica la repetici\u00f3n de la ca\u00edda, en la que se ve a Pol siendo expulsado por la moto #44 y golpeando fuertemente contra el suelo. Sin embargo, no es posible asegurar si el piloto fue golpeado por la m\u00e1quina en el impacto final. En el video, se puede ver que la moto golpea la barrera de contenci\u00f3n a gran velocidad y cae hacia el lugar adonde se encontraba Espargar\u00f3.<\/p>\n\n\n\n<p class=\"wp-block-paragraph\">Tras recibir las primeras atenciones, el espa\u00f1ol abandon\u00f3 la pista en ambulancia. <a href=\"https:\/\/grandepremio.com\/es\/\/motogp\/jack-miller-entrenamiento-portugal-motogp\/\" target=\"_blank\" rel=\"noreferrer noopener\">Y luego del final del segundo entrenamiento, liderado por Jack Miller,<\/a> el MotoGP inform\u00f3 a trav\u00e9s de sus redes sociales de que Pol Espargar\u00f3 hab\u00eda sufrido &#8220;una contusi\u00f3n pulmonar, fractura de mand\u00edbula y fractura de una v\u00e9rtebra dorsal&#8221;.<\/p>\n\n\n\n<figure class=\"wp-block-embed is-type-video is-provider-youtube wp-block-embed-youtube wp-embed-aspect-16-9 wp-has-aspect-ratio\"><div class=\"wp-block-embed__wrapper\">\n<iframe loading=\"lazy\" title=\"PECCO BAGNAIA, SU FAVORITISMO Y UNA MALDICI\u00d3N EN MOTOGP\" width=\"500\" height=\"281\" src=\"https:\/\/www.youtube.com\/embed\/xEC7UQxmY9o?feature=oembed\" frameborder=\"0\" allow=\"accelerometer; autoplay; clipboard-write; encrypted-media; gyroscope; picture-in-picture; web-share\" referrerpolicy=\"strict-origin-when-cross-origin\" allowfullscreen><\/iframe>\n<\/div><\/figure>\n\n\n\n<p class=\"wp-block-paragraph\">Finalmente, en declaraciones a la web de MotoGP, el jefe de Tech3, Herv\u00e9 Poncharal, confirm\u00f3 que Pol golpe\u00f3 el muro en la ca\u00edda, pero no recibi\u00f3 el impacto de la moto.<\/p>\n\n\n\n<p class=\"wp-block-paragraph\">&#8220;Fue un accidente realmente grave, golpe\u00f3 la barrera a gran velocidad&#8221;, confirm\u00f3 Poncharal. &#8220;Por suerte, la moto no lo golpe\u00f3. No estaba entre el muro y la moto, que era nuestra primera preocupaci\u00f3n&#8221;, se\u00f1al\u00f3. Por el momento, no fue divulgado c\u00f3mo encarar\u00e1 el equipo el resto del fin de semana en Portimao. <\/p>\n\n\n\n<p class=\"wp-block-paragraph\"><\/p>\n","protected":false},"excerpt":{"rendered":"<p>\u00c1ngel Charte, m\u00e9dico del MotoGP, confirm\u00f3 que Pol Espargar\u00f3 sufri\u00f3 &#8220;una fuerte contusi\u00f3n pulmonar&#8221;, aunque sin necesidad de requerir intubaci\u00f3n.  <\/p>\n","protected":false},"author":0,"featured_media":1000664285,"comment_status":"closed","ping_status":"closed","sticky":false,"template":"","format":"standard","meta":{"42wp_featured_image_caption":"","42wp_featured_image_credits":"","42wp_featured_video":"","42wp_featured_image_hidden":false,"42wp_authors_list":[],"footnotes":""},"categories":[8],"tags":[6295,6294,972,1293,5814,1564,1528],"42wp_author":[14223],"class_list":["post-19760","post","type-post","status-publish","format-standard","has-post-thumbnail","hentry","category-motogp","tag-accidente-de-pol-espargaro","tag-angel-charte","tag-gp-de-portugal","tag-motogp","tag-motogp2023","tag-pol-espargaro","tag-tech3","42wp_author-esteban-nieto"],"_links":{"self":[{"href":"https:\/\/grandepremio.com\/es\/wp-json\/wp\/v2\/posts\/19760","targetHints":{"allow":["GET"]}}],"collection":[{"href":"https:\/\/grandepremio.com\/es\/wp-json\/wp\/v2\/posts"}],"about":[{"href":"https:\/\/grandepremio.com\/es\/wp-json\/wp\/v2\/types\/post"}],"replies":[{"embeddable":true,"href":"https:\/\/grandepremio.com\/es\/wp-json\/wp\/v2\/comments?post=19760"}],"version-history":[{"count":0,"href":"https:\/\/grandepremio.com\/es\/wp-json\/wp\/v2\/posts\/19760\/revisions"}],"wp:featuredmedia":[{"embeddable":true,"href":"https:\/\/grandepremio.com\/es\/wp-json\/wp\/v2\/media\/1000664285"}],"wp:attachment":[{"href":"https:\/\/grandepremio.com\/es\/wp-json\/wp\/v2\/media?parent=19760"}],"wp:term":[{"taxonomy":"category","embeddable":true,"href":"https:\/\/grandepremio.com\/es\/wp-json\/wp\/v2\/categories?post=19760"},{"taxonomy":"post_tag","embeddable":true,"href":"https:\/\/grandepremio.com\/es\/wp-json\/wp\/v2\/tags?post=19760"},{"taxonomy":"42wp_author","embeddable":true,"href":"https:\/\/grandepremio.com\/es\/wp-json\/wp\/v2\/42wp_author?post=19760"}],"curies":[{"name":"wp","href":"https:\/\/api.w.org\/{rel}","templated":true}]}}