{"id":19828,"date":"2023-03-19T14:23:49","date_gmt":"2023-03-19T17:23:49","guid":{"rendered":"https:\/\/grandepremio.com\/es\/2023\/03\/19\/formula-1-alonso-recargado-con-5-segundos-en-jeddah\/"},"modified":"2023-03-19T14:31:37","modified_gmt":"2023-03-19T17:31:37","slug":"formula-1-alonso-recargado-con-5-segundos-en-jeddah","status":"publish","type":"post","link":"https:\/\/grandepremio.com\/es\/f1\/formula-1-alonso-recargado-con-5-segundos-en-jeddah\/","title":{"rendered":"Alonso recibe 5s de sanci\u00f3n por mala ubicaci\u00f3n en largada de Jeddah"},"content":{"rendered":"\n<p class=\"wp-block-paragraph\">El <strong>GP de Arabia Saudita<\/strong> fue el escenario ideal para <strong>Aston Martin<\/strong>, especialmente para <strong>Fernando Alonso <\/strong>que nuevamente se luci\u00f3 en la clasificaci\u00f3n. A ra\u00edz del<a href=\"https:\/\/grandepremio.com\/es\/\/f1\/ferrari-cambia-motores-charles-leclerc-carlos-sainz-jeddah-1\/\"> recargo aplicado a <strong>Charles Leclerc<\/strong><\/a> por cambios en su auto, el asturiano larg\u00f3 en la segunda posici\u00f3n. El poleman fue el mexicano Sergio P\u00e9rez de Red Bull, el equipo a batir. <\/p>\n\n\n\n<p class=\"wp-block-paragraph\"><strong><strong>\u00a1Conoce el canal de Grande Pr\u00eamio en Espa\u00f1ol en\u00a0<a href=\"https:\/\/www.youtube.com\/channel\/UCDxWojGVUi9gWYhrY0pGbIQ\" target=\"_blank\" rel=\"noreferrer noopener\">YouTube<\/a>!<br>\u00a1Sigue a\u00a0Grande Pr\u00eamio en Espa\u00f1ol\u00a0en\u00a0<a href=\"https:\/\/twitter.com\/grandepremioES\" target=\"_blank\" rel=\"noreferrer noopener\">Twitter\u00a0<\/a>y en\u00a0<a href=\"https:\/\/www.instagram.com\/grandepremioes\/\" target=\"_blank\" rel=\"noreferrer noopener\">Instagram<\/a>!<\/strong><\/strong><\/p>\n\n\n\n<figure class=\"wp-block-image size-large\"><img decoding=\"async\" src=\"https:\/\/grandepremio.com\/es\/\/wp-content\/uploads\/2023\/03\/astonmartin-fernandoalonso-afp-041-1024x683.jpg\" alt=\"\" class=\"wp-image-133380\"\/><figcaption class=\"wp-element-caption\">Alonso fue apercibido por su posici\u00f3n en el caj\u00f3n de largada. (Foto: AFP)<\/figcaption><\/figure>\n\n\n\n<p class=\"wp-block-paragraph\">La carrera comenz\u00f3 y a pocos metros, <strong>Alonso lograba adelantar a P\u00e9rez <\/strong>dando muestra de su talento en las largadas. Sin embargo los <strong>Comisarios Deportivos<\/strong> decidieron iniciar una investigaci\u00f3n sobre la posici\u00f3n de salida del piloto de Aston Martin. Tras revisiones, determinaron que Alonso se encontraba mal ubicado, lo que posiblemente haya sido una ventaja al sobrepasar al <strong>Red Bull <\/strong>poleman.<\/p>\n\n\n\n<p class=\"wp-block-paragraph\">De esta manera, iniciando la segunda vuelta en <strong>Jeddah<\/strong> se anuncia una sanci\u00f3n para Alonso: se aplicar\u00e1n 5 segundos de recargo al piloto. Desde <strong>Aston Martin<\/strong> le informaron a su piloto que deb\u00eda cumplir la penalizaci\u00f3n en la primera parada en boxes. Dada la situaci\u00f3n, P\u00e9rez recuper\u00f3 la posici\u00f3n de punta al momento que se anunci\u00f3 la penalidad. <\/p>\n\n\n\n<p class=\"wp-block-paragraph\"><strong>NOTICIA EN DESARROLLO<\/strong><\/p>\n\n\n\n<p class=\"wp-block-paragraph\"><\/p>\n","protected":false},"excerpt":{"rendered":"<p>Fernando Alonso recibi\u00f3 una penalizaci\u00f3n de 5 segundos por su largada en el GP de Arabia Saudita. El piloto de Aston Martin larg\u00f3 en el segundo caj\u00f3n de salida. <\/p>\n","protected":false},"author":0,"featured_media":1000661979,"comment_status":"closed","ping_status":"closed","sticky":false,"template":"","format":"standard","meta":{"42wp_featured_image_caption":"","42wp_featured_image_credits":"","42wp_featured_video":"","42wp_featured_image_hidden":false,"42wp_authors_list":[],"footnotes":""},"categories":[5],"tags":[181,1676,184,5722,5340,179,1488,2237],"42wp_author":[14235],"class_list":["post-19828","post","type-post","status-publish","format-standard","has-post-thumbnail","hentry","category-f1","tag-f1","tag-f1-2023","tag-fernando-alonso","tag-fernando-alonso-2023","tag-fernando-alonso-en-aston-martin","tag-formula-1","tag-grande-premio","tag-grandepremio","42wp_author-barbara-mincioni"],"_links":{"self":[{"href":"https:\/\/grandepremio.com\/es\/wp-json\/wp\/v2\/posts\/19828","targetHints":{"allow":["GET"]}}],"collection":[{"href":"https:\/\/grandepremio.com\/es\/wp-json\/wp\/v2\/posts"}],"about":[{"href":"https:\/\/grandepremio.com\/es\/wp-json\/wp\/v2\/types\/post"}],"replies":[{"embeddable":true,"href":"https:\/\/grandepremio.com\/es\/wp-json\/wp\/v2\/comments?post=19828"}],"version-history":[{"count":0,"href":"https:\/\/grandepremio.com\/es\/wp-json\/wp\/v2\/posts\/19828\/revisions"}],"wp:featuredmedia":[{"embeddable":true,"href":"https:\/\/grandepremio.com\/es\/wp-json\/wp\/v2\/media\/1000661979"}],"wp:attachment":[{"href":"https:\/\/grandepremio.com\/es\/wp-json\/wp\/v2\/media?parent=19828"}],"wp:term":[{"taxonomy":"category","embeddable":true,"href":"https:\/\/grandepremio.com\/es\/wp-json\/wp\/v2\/categories?post=19828"},{"taxonomy":"post_tag","embeddable":true,"href":"https:\/\/grandepremio.com\/es\/wp-json\/wp\/v2\/tags?post=19828"},{"taxonomy":"42wp_author","embeddable":true,"href":"https:\/\/grandepremio.com\/es\/wp-json\/wp\/v2\/42wp_author?post=19828"}],"curies":[{"name":"wp","href":"https:\/\/api.w.org\/{rel}","templated":true}]}}