{"id":19851,"date":"2023-03-18T10:04:58","date_gmt":"2023-03-18T13:04:58","guid":{"rendered":"https:\/\/grandepremio.com\/es\/2023\/03\/18\/alphatauri-franz-tost-aerodinamia-at04-formula-1\/"},"modified":"2023-03-18T10:05:45","modified_gmt":"2023-03-18T13:05:45","slug":"alphatauri-franz-tost-aerodinamia-at04-formula-1","status":"publish","type":"post","link":"https:\/\/grandepremio.com\/es\/f1\/alphatauri-franz-tost-aerodinamia-at04-formula-1\/","title":{"rendered":"Jefe de AlphaTauri critica a los responsables por la aerodinamia del AT04: &#8220;No conf\u00edo m\u00e1s&#8221;"},"content":{"rendered":"\n<figure class=\"wp-block-embed is-type-video is-provider-youtube wp-block-embed-youtube wp-embed-aspect-16-9 wp-has-aspect-ratio\"><div class=\"wp-block-embed__wrapper\">\n<iframe loading=\"lazy\" title=\"\u00a1P\u00c9REZ EST\u00c1 LISTO PARA MOSTRAR TODO SU POTENCIAL CON RED BULL!\" width=\"500\" height=\"281\" src=\"https:\/\/www.youtube.com\/embed\/kNA9N886F_k?start=103&amp;feature=oembed\" frameborder=\"0\" allow=\"accelerometer; autoplay; clipboard-write; encrypted-media; gyroscope; picture-in-picture; web-share\" referrerpolicy=\"strict-origin-when-cross-origin\" allowfullscreen><\/iframe>\n<\/div><\/figure>\n\n\n\n<p class=\"wp-block-paragraph\">El inicio de temporada de <strong>AlphaTauri <\/strong>result\u00f3 ca\u00f3tico y lleno de quejas sobre el <strong>AT04.<\/strong> Este viernes, el jefe del equipo, <strong>Franz Tost,<\/strong> ech\u00f3 a\u00fan m\u00e1s le\u00f1a al fuego al quejarse de la deficiente carga aerodin\u00e1mica del auto con un fuerte reproche, al revelar que ya no conf\u00eda en los responsables de esa \u00e1rea espec\u00edfica del auto.<\/p>\n\n\n\n<p class=\"wp-block-paragraph\">Todo empez\u00f3 cuando Tost fue preguntado sobre los problemas de AlphaTauri detectados por los ingenieros. El jefe cont\u00f3 que actualmente la mayor dificultad es &#8220;el nivel de rendimiento, porque esper\u00e1bamos un coche mucho mejor&#8221;.<\/p>\n\n\n\n<p class=\"wp-block-paragraph\"><strong><strong>\u00a1Conoce el canal de Grande Pr\u00eamio en Espa\u00f1ol en\u00a0<a href=\"https:\/\/www.youtube.com\/channel\/UCDxWojGVUi9gWYhrY0pGbIQ\" target=\"_blank\" rel=\"noreferrer noopener\">YouTube<\/a>!<br>\u00a1Sigue a\u00a0Grande Pr\u00eamio en Espa\u00f1ol\u00a0en\u00a0<a href=\"https:\/\/twitter.com\/grandepremioES\" target=\"_blank\" rel=\"noreferrer noopener\">Twitter\u00a0<\/a>y en\u00a0<a href=\"https:\/\/www.instagram.com\/grandepremioes\/\" target=\"_blank\" rel=\"noreferrer noopener\">Instagram<\/a>!<\/strong><\/strong><\/p>\n\n\n\n<figure class=\"wp-block-image size-large\"><img decoding=\"async\" src=\"https:\/\/www.grandepremio.com\/br\/wp-content\/uploads\/2021\/10\/SI202110080243_hires_jpeg_24bit_rgb-1024x683.jpg\" alt=\"\" class=\"wp-image-515853\"\/><figcaption class=\"wp-element-caption\">Franz Tost critic\u00f3 p\u00fablicamente al equipo de aerodinamia de AlphaTauri. (Foto: Red Bull Content Pool)<\/figcaption><\/figure>\n\n\n\n<p class=\"wp-block-paragraph\">&#8220;No hay suficiente carga aerodin\u00e1mica. As\u00ed que el coche es inestable en las frenadas, sobrecalienta las gomas traseras, interrumpe el v\u00e9rtice [de aceleraci\u00f3n], la tracci\u00f3n, todo lo que se necesita para hacer un buen tiempo por vuelta&#8221;, enumer\u00f3.<\/p>\n\n\n\n<p class=\"wp-block-paragraph\">Y para Tost, los culpables de este fiasco del AT04 son ya conocidos: el equipo de aerodin\u00e1mica. Por eso, el austr\u00edaco explic\u00f3 las razones que actualmente generan desconfianza por parte de la direcci\u00f3n de AlphaTauri y tambi\u00e9n de Red Bull, empresa propietaria de la escuder\u00eda italiana.<\/p>\n\n\n\n<p class=\"wp-block-paragraph\">&#8220;[Hay problemas] especialmente en la parte aerodin\u00e1mica. Se est\u00e1n haciendo diferentes mejoras y los ingenieros me dicen que hemos progresado mucho. Pero ya no me f\u00edo de ellos. S\u00f3lo quiero ver el tiempo por vuelta, porque es lo \u00fanico que cuenta&#8221;, inst\u00f3 Tost.<\/p>\n\n\n\n<p class=\"wp-block-paragraph\">&#8220;Durante los meses de receso, ellos [los ingenieros] me dijeron &#8216;el auto es fant\u00e1stico, hemos hecho grandes progresos&#8217;, luego fuimos a Bahr\u00e9in y no llegamos a ninguna parte. \u00bfQu\u00e9 quieres que te diga?<\/p>\n\n\n\n<figure class=\"wp-block-image size-large\"><img decoding=\"async\" src=\"https:\/\/www.grandepremio.com\/br\/wp-content\/uploads\/2023\/02\/SI202302250074_hires_jpeg_24bit_rgb-1024x683.jpg\" alt=\"\" class=\"wp-image-655322\"\/><figcaption class=\"wp-element-caption\">Nyck de Vries, nuevo piloto de AlphaTauri, reclam\u00f3 por las fallas del AT04. (Foto: Peter Fox\/Getty Images\/Red Bull Content Pool)<\/figcaption><\/figure>\n\n\n\n<p class=\"wp-block-paragraph\">A pesar de las dificultades con el auto, Tost espera que AlphaTauri pueda lograr un buen rendimiento en el <strong>GP de Arabia Saudita<\/strong>, ya que las caracter\u00edsticas del circuito son diferentes en comparaci\u00f3n con anterior GP de Bahr\u00e9in. Las particularidades de la pista bahrein\u00ed han sido se\u00f1aladas por otros equipos como obst\u00e1culos, que no se encontrar\u00e1n en Jeddah.<\/p>\n\n\n\n<p class=\"wp-block-paragraph\">&#8220;Tuvimos dificultades en Bahr\u00e9in, pero aqu\u00ed parece un poco diferente. Espero que al menos estemos con un auto en la Q3, pero tenemos que hacer muchas cosas para que el coche sea m\u00e1s r\u00e1pido&#8221;, cerr\u00f3 el jefe de la escuder\u00eda.<\/p>\n\n\n\n<p class=\"wp-block-paragraph\">La actividad proseguir\u00e1 este s\u00e1bado, con el tercer entrenamiento y la clasificaci\u00f3n del\u00a0<strong>GP de Arabia Saudita<\/strong>.\u00a0<strong>Grande Pr\u00eamio en Espa\u00f1ol cubre todas las acciones de la\u00a0<a href=\"https:\/\/grandepremio.com\/es\/\/f1\/\" target=\"_blank\" rel=\"noreferrer noopener\"><\/a><a href=\"https:\/\/grandepremio.com\/es\/\/f1\/\" target=\"_blank\" rel=\"noreferrer noopener\"><\/a><a href=\"https:\/\/grandepremio.com\/es\/\/f1\/\" target=\"_blank\" rel=\"noreferrer noopener\"><\/a><a href=\"https:\/\/grandepremio.com\/es\/\/f1\/\" target=\"_blank\" rel=\"noreferrer noopener\"><\/a><a href=\"https:\/\/grandepremio.com\/es\/\/f1\/\" target=\"_blank\" rel=\"noreferrer noopener\">F\u00f3rmula 1<\/a>\u00a0en vivo y en tiempo real.<\/strong><\/p>\n","protected":false},"excerpt":{"rendered":"<p>Franz Tost, jefe de AlphaTauri, reclam\u00f3 por la poca competitivdad del nuevo AT04, y acus\u00f3 al \u00e1rea responsable por la aerodinamia de haberle prometido &#8220;un auto fant\u00e1stico&#8221; antes del inicio de la temporada. <\/p>\n","protected":false},"author":0,"featured_media":1000657617,"comment_status":"closed","ping_status":"closed","sticky":false,"template":"","format":"standard","meta":{"42wp_featured_image_caption":"","42wp_featured_image_credits":"","42wp_featured_video":"","42wp_featured_image_hidden":false,"42wp_authors_list":[],"footnotes":""},"categories":[5],"tags":[508,5605,181,1676,179,2534,1425,1505,1488,3438,2237,1540,206,368],"42wp_author":[14223],"class_list":["post-19851","post","type-post","status-publish","format-standard","has-post-thumbnail","hentry","category-f1","tag-alphatauri","tag-alphatauri-at04","tag-f1","tag-f1-2023","tag-formula-1","tag-formula-1-2023","tag-franz-tost","tag-gp-de-arabia-saudita","tag-grande-premio","tag-grande-premio-en-espanol","tag-grandepremio","tag-nyck-de-vries","tag-red-bull","tag-yuki-tsunoda","42wp_author-esteban-nieto"],"_links":{"self":[{"href":"https:\/\/grandepremio.com\/es\/wp-json\/wp\/v2\/posts\/19851","targetHints":{"allow":["GET"]}}],"collection":[{"href":"https:\/\/grandepremio.com\/es\/wp-json\/wp\/v2\/posts"}],"about":[{"href":"https:\/\/grandepremio.com\/es\/wp-json\/wp\/v2\/types\/post"}],"replies":[{"embeddable":true,"href":"https:\/\/grandepremio.com\/es\/wp-json\/wp\/v2\/comments?post=19851"}],"version-history":[{"count":0,"href":"https:\/\/grandepremio.com\/es\/wp-json\/wp\/v2\/posts\/19851\/revisions"}],"wp:featuredmedia":[{"embeddable":true,"href":"https:\/\/grandepremio.com\/es\/wp-json\/wp\/v2\/media\/1000657617"}],"wp:attachment":[{"href":"https:\/\/grandepremio.com\/es\/wp-json\/wp\/v2\/media?parent=19851"}],"wp:term":[{"taxonomy":"category","embeddable":true,"href":"https:\/\/grandepremio.com\/es\/wp-json\/wp\/v2\/categories?post=19851"},{"taxonomy":"post_tag","embeddable":true,"href":"https:\/\/grandepremio.com\/es\/wp-json\/wp\/v2\/tags?post=19851"},{"taxonomy":"42wp_author","embeddable":true,"href":"https:\/\/grandepremio.com\/es\/wp-json\/wp\/v2\/42wp_author?post=19851"}],"curies":[{"name":"wp","href":"https:\/\/api.w.org\/{rel}","templated":true}]}}