{"id":19869,"date":"2023-03-17T12:38:24","date_gmt":"2023-03-17T15:38:24","guid":{"rendered":"https:\/\/grandepremio.com\/es\/2023\/03\/17\/charles-leclerc-carlos-sainz-niegan-rumores-tension-ferrari\/"},"modified":"2023-03-17T12:38:26","modified_gmt":"2023-03-17T15:38:26","slug":"charles-leclerc-carlos-sainz-niegan-rumores-tension-ferrari","status":"publish","type":"post","link":"https:\/\/grandepremio.com\/es\/f1\/charles-leclerc-carlos-sainz-niegan-rumores-tension-ferrari\/","title":{"rendered":"Sainz y Leclerc niegan los rumores de tensi\u00f3n en Ferrari: &#8220;Intentan desestabilizar al equipo&#8221;"},"content":{"rendered":"\n<p class=\"wp-block-paragraph\">En v\u00edsperas del inicio del fin de semana del <strong>GP de Arabia Saudita<\/strong>, <strong>Charles Leclerc<\/strong> y <strong>Carlos Sainz<\/strong> fueron preguntados por los rumores que apuntan a una crisis en el garaje de <strong>Ferrari<\/strong>. Las especulaciones surgieron a ra\u00edz de los <a href=\"https:\/\/grandepremio.com\/es\/\/f1\/ferrari-reestructuracion-diego-tondi-formula-1\/\">cambios t\u00e9cnicos en el seno del equipo<\/a>, liderados por el jefe <strong>Fr\u00e9d\u00e9ric Vasseur<\/strong>, as\u00ed como por el pobre rendimiento mostrado por la <strong>Scuderia<\/strong> en <strong>Bahr\u00e9in<\/strong>, ronda inaugural de la temporada 2023 de <strong>F\u00f3rmula 1<\/strong>. La pareja neg\u00f3 cualquier clima de tensi\u00f3n.<\/p>\n\n\n\n<p class=\"wp-block-paragraph\">Cuarto clasificado en <strong>Sakhir<\/strong>, Sainz declar\u00f3 que <a href=\"https:\/\/grandepremio.com\/es\/\/f1\/carlos-sainz-problema-motor-ferrari-sorpresa\/\">entiende que el rendimiento del equipo en el desierto estuvo lejos de ser el ideal<\/a>. El espa\u00f1ol tambi\u00e9n cit\u00f3 el <a href=\"https:\/\/grandepremio.com\/es\/\/f1\/charles-leclerc-problemas-sf-23-abandona-podio-bahrein\/\">abandono de Leclerc<\/a> en la parte final de la carrera debido a un problema en la unidad de potencia, pero dijo que Ferrari sabe a d\u00f3nde quiere llegar.<\/p>\n\n\n\n<p class=\"wp-block-paragraph\">&#8220;Mirando a Bahr\u00e9in y escuchando los \u00faltimos rumores sobre nuestro equipo, da la impresi\u00f3n de que no estamos en un buen momento&#8221;, coment\u00f3 el madrile\u00f1o. &#8220;[Pero] tenemos muy claro hacia d\u00f3nde tenemos que evolucionar, c\u00f3mo debemos hacerlo y cu\u00e1les son nuestros objetivos a corto, medio y largo plazo. Por eso me sorprende la cantidad de gente que intenta desestabilizar al equipo&#8221;, a\u00f1adi\u00f3.<\/p>\n\n\n\n<p class=\"wp-block-paragraph\"><strong><strong><strong><strong><strong><strong><strong>\u00a1Conoce el canal de Grande Pr\u00eamio en Espa\u00f1ol en&nbsp;<a href=\"https:\/\/www.youtube.com\/channel\/UCDxWojGVUi9gWYhrY0pGbIQ\" target=\"_blank\" rel=\"noreferrer noopener\">YouTube<\/a>!<br>\u00a1Sigue a&nbsp;Grande Pr\u00eamio en Espa\u00f1ol&nbsp;en&nbsp;<a href=\"https:\/\/twitter.com\/grandepremioES\" target=\"_blank\" rel=\"noreferrer noopener\">Twitter&nbsp;<\/a>y en&nbsp;<a href=\"https:\/\/www.instagram.com\/grandepremioes\/\" target=\"_blank\" rel=\"noreferrer noopener\">Instagram<\/a>!<\/strong><\/strong><\/strong><\/strong><\/strong><\/strong><\/strong><\/p>\n\n\n\n<figure class=\"wp-block-image size-large\"><img decoding=\"async\" src=\"https:\/\/www.grandepremio.com\/br\/wp-content\/uploads\/2023\/03\/230005-saudi-arabian-gp-thursday-gallery-1024x683.jpg\" alt=\"\" class=\"wp-image-661733\"\/><figcaption class=\"wp-element-caption\">Charles Leclerc y Carlos Sainz niegan problemas en Ferrari (Foto: Ferrari)<\/figcaption><\/figure>\n\n\n\n<p class=\"wp-block-paragraph\">La semana pasada, la prensa italiana tambi\u00e9n se hizo eco de un rumor sobre una conversaci\u00f3n entre Leclerc y el presidente de Ferrari, <strong>John Elkann<\/strong>. El monegasco fue categ\u00f3rico al desmentir la informaci\u00f3n: &#8220;Completamente falso&#8221;, exclam\u00f3. &#8220;Hay varios rumores sobre el equipo y, de hecho, el 90% de ellos son completamente infundados&#8221;, asegur\u00f3.<\/p>\n\n\n\n<p class=\"wp-block-paragraph\">Debido al cambio de una pieza del motor, Leclerc perder\u00e1 diez posiciones en la parrilla de <strong>Jeddah<\/strong>. A pesar de ello, Sainz ve potencial para un buen fin de semana. Seg\u00fan Carlos, las curvas de alta velocidad y las largas rectas pueden encajar mejor con el dise\u00f1o del coche y la unidad de potencia. Batir a <strong>Red Bull<\/strong>, sin embargo, podr\u00eda no estar en el radar todav\u00eda. &#8220;Va a ser extremadamente dif\u00edcil&#8221;, opin\u00f3.<\/p>\n\n\n\n<p class=\"wp-block-paragraph\">El GP de Arabia Saudita se celebra este fin de semana, del 17 al 19 de marzo. <strong>GRANDE PR\u00caMIO<\/strong> sigue todas las actividades en el circuito urbano de Jeddah.<\/p>\n\n\n\n<figure class=\"wp-block-embed is-type-video is-provider-youtube wp-block-embed-youtube wp-embed-aspect-16-9 wp-has-aspect-ratio\"><div class=\"wp-block-embed__wrapper\">\n<iframe loading=\"lazy\" title=\"WILLIAMS VA POR BUEN CAMINO PARA RESURGIR EN LA F\u00d3RMULA 1\" width=\"500\" height=\"281\" src=\"https:\/\/www.youtube.com\/embed\/9sROo7CY_TE?feature=oembed\" frameborder=\"0\" allow=\"accelerometer; autoplay; clipboard-write; encrypted-media; gyroscope; picture-in-picture; web-share\" referrerpolicy=\"strict-origin-when-cross-origin\" allowfullscreen><\/iframe>\n<\/div><figcaption class=\"wp-element-caption\">Williams evoluciona y va por buen camino para resurgir en la F\u00f3rmula 1<\/figcaption><\/figure>\n","protected":false},"excerpt":{"rendered":"<p>Charles Leclerc y Carlos Sainz hablaron sobre las especulaciones que apuntan a un ambiente tenso en el garaje de Ferrari. Ambos negaron el descontento interno en la escuder\u00eda italiana y destacaron la unidad de cara a la nueva temporada.<\/p>\n","protected":false},"author":0,"featured_media":1000661733,"comment_status":"closed","ping_status":"closed","sticky":false,"template":"","format":"standard","meta":{"42wp_featured_image_caption":"","42wp_featured_image_credits":"","42wp_featured_video":"","42wp_featured_image_hidden":false,"42wp_authors_list":[],"footnotes":""},"categories":[5],"tags":[302,247,181,1676,185,179,1892,1505,1096,1488,2237,1813,2641,1095],"42wp_author":[14234],"class_list":["post-19869","post","type-post","status-publish","format-standard","has-post-thumbnail","hentry","category-f1","tag-carlos-sainz","tag-charles-leclerc","tag-f1","tag-f1-2023","tag-ferrari","tag-formula-1","tag-frederic-vasseur-3","tag-gp-de-arabia-saudita","tag-gp-de-bahrein","tag-grande-premio","tag-grandepremio","tag-jeddah","tag-john-elkann","tag-sakhir","42wp_author-douglas-rocha"],"_links":{"self":[{"href":"https:\/\/grandepremio.com\/es\/wp-json\/wp\/v2\/posts\/19869","targetHints":{"allow":["GET"]}}],"collection":[{"href":"https:\/\/grandepremio.com\/es\/wp-json\/wp\/v2\/posts"}],"about":[{"href":"https:\/\/grandepremio.com\/es\/wp-json\/wp\/v2\/types\/post"}],"replies":[{"embeddable":true,"href":"https:\/\/grandepremio.com\/es\/wp-json\/wp\/v2\/comments?post=19869"}],"version-history":[{"count":0,"href":"https:\/\/grandepremio.com\/es\/wp-json\/wp\/v2\/posts\/19869\/revisions"}],"wp:featuredmedia":[{"embeddable":true,"href":"https:\/\/grandepremio.com\/es\/wp-json\/wp\/v2\/media\/1000661733"}],"wp:attachment":[{"href":"https:\/\/grandepremio.com\/es\/wp-json\/wp\/v2\/media?parent=19869"}],"wp:term":[{"taxonomy":"category","embeddable":true,"href":"https:\/\/grandepremio.com\/es\/wp-json\/wp\/v2\/categories?post=19869"},{"taxonomy":"post_tag","embeddable":true,"href":"https:\/\/grandepremio.com\/es\/wp-json\/wp\/v2\/tags?post=19869"},{"taxonomy":"42wp_author","embeddable":true,"href":"https:\/\/grandepremio.com\/es\/wp-json\/wp\/v2\/42wp_author?post=19869"}],"curies":[{"name":"wp","href":"https:\/\/api.w.org\/{rel}","templated":true}]}}