{"id":19907,"date":"2023-03-14T08:51:21","date_gmt":"2023-03-14T11:51:21","guid":{"rendered":"https:\/\/grandepremio.com\/es\/2023\/03\/14\/red-bull-mercedes-problemas-formula-1-2023\/"},"modified":"2023-03-14T08:51:24","modified_gmt":"2023-03-14T11:51:24","slug":"red-bull-mercedes-problemas-formula-1-2023","status":"publish","type":"post","link":"https:\/\/grandepremio.com\/es\/f1\/red-bull-mercedes-problemas-formula-1-2023\/","title":{"rendered":"Red Bull considera que Mercedes tiene &#8220;varios problemas&#8221;: &#8220;Ni un nuevo W14 funcionar\u00eda&#8221;"},"content":{"rendered":"\n<figure class=\"wp-block-embed is-type-video is-provider-youtube wp-block-embed-youtube wp-embed-aspect-16-9 wp-has-aspect-ratio\"><div class=\"wp-block-embed__wrapper\">\n<iframe loading=\"lazy\" title=\"MERCEDES ARRANCA MAL EN BAHR\u00c9IN Y SE HUNDE EN UNA NUEVA CRISIS\" width=\"500\" height=\"281\" src=\"https:\/\/www.youtube.com\/embed\/QYU7q4q6MgE?feature=oembed\" frameborder=\"0\" allow=\"accelerometer; autoplay; clipboard-write; encrypted-media; gyroscope; picture-in-picture; web-share\" referrerpolicy=\"strict-origin-when-cross-origin\" allowfullscreen><\/iframe>\n<\/div><\/figure>\n\n\n\n<p class=\"wp-block-paragraph\">Desde la pretemporada, el <strong>W14<\/strong> no cumpli\u00f3 con las expectativas de Mercedes. Y tras el <strong>GP de Bahr\u00e9in,<\/strong> el equipo alem\u00e1n lleg\u00f3 a un consenso: el auto de 2023 est\u00e1 lejos de funcionar como imaginaban. Por eso, <strong>Toto Wolff,<\/strong> jefe de la escuder\u00eda, lleg\u00f3 a decir que est\u00e1 en estudio implementar cambios radicales en su dise\u00f1o. As\u00ed que esta es la pregunta: con el techo presupuestario, \u00bfmerece la pena rendirse y pensar en la pr\u00f3xima temporada?<\/p>\n\n\n\n<p class=\"wp-block-paragraph\">La respuesta para<strong> Helmut Marko <\/strong>es directa: s\u00ed. Para el asesor de<strong> Red Bull, <\/strong><a href=\"https:\/\/grandepremio.com\/es\/\/f1\/max-verstappen-red-bull-fernando-alonso-gp-bahrein-formula-1\/\" target=\"_blank\" rel=\"noreferrer noopener\">que volvi\u00f3 a empezar el campeonato en gran forma<\/a>, el escenario del rival es realmente desesperado.<\/p>\n\n\n\n<p class=\"wp-block-paragraph\">&#8220;Mercedes no tiene un solo problema de concepto este a\u00f1o, son varios&#8221;, afirm\u00f3 el austr\u00edaco. &#8220;No pudieron encontrar una soluci\u00f3n en invierno. Va a ser dif\u00edcil, no se pueden dise\u00f1ar dos o tres autos diferentes. Va a ser complicado con el presupuesto. Un auto nuevo tampoco funciona, porque hay que ser competitivo desde el principio. Van a faltar los d\u00edas de test y la experiencia en carrera&#8221;, sigui\u00f3.<\/p>\n\n\n\n<p class=\"wp-block-paragraph\"><strong><strong>\u00a1Conoce el canal de Grande Pr\u00eamio en Espa\u00f1ol en\u00a0<a href=\"https:\/\/www.youtube.com\/channel\/UCDxWojGVUi9gWYhrY0pGbIQ\" target=\"_blank\" rel=\"noreferrer noopener\">YouTube<\/a>!<br>\u00a1Sigue a\u00a0Grande Pr\u00eamio en Espa\u00f1ol\u00a0en\u00a0<a href=\"https:\/\/twitter.com\/grandepremioES\" target=\"_blank\" rel=\"noreferrer noopener\">Twitter\u00a0<\/a>y en\u00a0<a href=\"https:\/\/www.instagram.com\/grandepremioes\/\" target=\"_blank\" rel=\"noreferrer noopener\">Instagram<\/a>!<\/strong><\/strong><\/p>\n\n\n\n<figure class=\"wp-block-image size-large\"><img decoding=\"async\" src=\"https:\/\/www.grandepremio.com\/br\/wp-content\/uploads\/2023\/03\/mercedes-lewishamilton-05-1024x683.jpg\" alt=\"\" class=\"wp-image-658777\"\/><figcaption class=\"wp-element-caption\">Lewis Hamilton termin\u00f3 quinto en el GP de Bahr\u00e9in. (Foto: Mercedes)<\/figcaption><\/figure>\n\n\n\n<p class=\"wp-block-paragraph\">Marko aprovech\u00f3 la ocasi\u00f3n para reiterar que, por muy bueno que haya sido el inicio del a\u00f1o, mantienen los pies en la tierra. Y es que las circunstancias de Bahr\u00e9in tambi\u00e9n ayudaron al rendimiento del <strong>RB19<\/strong>.<\/p>\n\n\n\n<p class=\"wp-block-paragraph\">&#8220;La gente dice que ya estamos completamente euf\u00f3ricos y que nos vemos como campeones, pero Bahr\u00e9in es un circuito aparte. La carrera fue buena, pero no significa que vayan a ser as\u00ed las pr\u00f3ximas&#8221;, explic\u00f3.<\/p>\n\n\n\n<p class=\"wp-block-paragraph\">&#8220;[<strong>Ferrari<\/strong>] sigue teniendo problemas con el desgaste de los neum\u00e1ticos. A una vuelta est\u00e1n ah\u00ed y sin duda conseguir\u00e1n la pole a veces&#8221;, cerr\u00f3 Marko.<\/p>\n\n\n\n<p class=\"wp-block-paragraph\">La F\u00f3rmula 1 regresar\u00e1 el pr\u00f3ximo fin de semana con la segunda carrera del campeonato. El <strong>GP de Arabia Saudita <\/strong>se disputar\u00e1 en el circuito callejero de Jeddah del 17 al 19 de marzo.<\/p>\n","protected":false},"excerpt":{"rendered":"<p>Helmut Marko, asesor de Red Bull, afirm\u00f3 que Mercedes est\u00e1 en una situaci\u00f3n compleja en la F1 2023, ya que seg\u00fan \u00e9l, ni la construcci\u00f3n de un nuevo auto alcanzar\u00eda para recuperar la competitividad. <\/p>\n","protected":false},"author":0,"featured_media":1000658237,"comment_status":"closed","ping_status":"closed","sticky":false,"template":"","format":"standard","meta":{"42wp_featured_image_caption":"","42wp_featured_image_credits":"","42wp_featured_video":"","42wp_featured_image_hidden":false,"42wp_authors_list":[],"footnotes":""},"categories":[5],"tags":[181,1676,185,179,2534,253,1096,1488,2237,1358,199,249,197,4561,206,4006,3270],"42wp_author":[14223],"class_list":["post-19907","post","type-post","status-publish","format-standard","has-post-thumbnail","hentry","category-f1","tag-f1","tag-f1-2023","tag-ferrari","tag-formula-1","tag-formula-1-2023","tag-george-russell","tag-gp-de-bahrein","tag-grande-premio","tag-grandepremio","tag-helmut-marko","tag-lewis-hamilton","tag-max-verstappen","tag-mercedes","tag-mercedes-w14","tag-red-bull","tag-temporada-2023-f1","tag-w14","42wp_author-esteban-nieto"],"_links":{"self":[{"href":"https:\/\/grandepremio.com\/es\/wp-json\/wp\/v2\/posts\/19907","targetHints":{"allow":["GET"]}}],"collection":[{"href":"https:\/\/grandepremio.com\/es\/wp-json\/wp\/v2\/posts"}],"about":[{"href":"https:\/\/grandepremio.com\/es\/wp-json\/wp\/v2\/types\/post"}],"replies":[{"embeddable":true,"href":"https:\/\/grandepremio.com\/es\/wp-json\/wp\/v2\/comments?post=19907"}],"version-history":[{"count":0,"href":"https:\/\/grandepremio.com\/es\/wp-json\/wp\/v2\/posts\/19907\/revisions"}],"wp:featuredmedia":[{"embeddable":true,"href":"https:\/\/grandepremio.com\/es\/wp-json\/wp\/v2\/media\/1000658237"}],"wp:attachment":[{"href":"https:\/\/grandepremio.com\/es\/wp-json\/wp\/v2\/media?parent=19907"}],"wp:term":[{"taxonomy":"category","embeddable":true,"href":"https:\/\/grandepremio.com\/es\/wp-json\/wp\/v2\/categories?post=19907"},{"taxonomy":"post_tag","embeddable":true,"href":"https:\/\/grandepremio.com\/es\/wp-json\/wp\/v2\/tags?post=19907"},{"taxonomy":"42wp_author","embeddable":true,"href":"https:\/\/grandepremio.com\/es\/wp-json\/wp\/v2\/42wp_author?post=19907"}],"curies":[{"name":"wp","href":"https:\/\/api.w.org\/{rel}","templated":true}]}}