{"id":19919,"date":"2023-03-13T10:26:07","date_gmt":"2023-03-13T13:26:07","guid":{"rendered":"https:\/\/grandepremio.com\/es\/2023\/03\/13\/ceo-laurent-rossi-alpine-entorno-comodo-esteban-ocon\/"},"modified":"2023-03-13T10:43:33","modified_gmt":"2023-03-13T13:43:33","slug":"ceo-laurent-rossi-alpine-entorno-comodo-esteban-ocon","status":"publish","type":"post","link":"https:\/\/grandepremio.com\/es\/f1\/ceo-laurent-rossi-alpine-entorno-comodo-esteban-ocon\/","title":{"rendered":"CEO revela que Alpine busc\u00f3 un &#8220;entorno c\u00f3modo&#8221; para Ocon &#8220;crecer como piloto&#8221;"},"content":{"rendered":"\n<p class=\"wp-block-paragraph\">Desde el final de la temporada 2021, <strong>Esteban Ocon<\/strong> respira un poco m\u00e1s tranquilo en la <strong>F\u00f3rmula 1<\/strong>, despu\u00e9s de todo, el franc\u00e9s ha visto garantizada su permanencia en <strong>Alpine<\/strong> hasta el final de la temporada 2024. A\u00fan as\u00ed, el eventual papel de &#8220;escudero&#8221; de <strong>Fernando Alonso<\/strong>, aunque impl\u00edcito, siempre ha planteado dudas sobre si el piloto de 26 a\u00f1os podr\u00eda convertirse en un l\u00edder en el equipo. Para el CEO <strong>Laurent Rossi<\/strong>, sin embargo, Ocon nunca ha sido un segundo piloto, aunque una frase del propio directivo haya causado tal impresi\u00f3n.<\/p>\n\n\n\n<p class=\"wp-block-paragraph\">En declaraciones al podcast de <strong>F1<\/strong> <em>Beyond the Grid<\/em>, Rossi aprovech\u00f3 la oportunidad para aclarar cuando se refiri\u00f3 a Esteban como &#8220;un excelente segundo piloto&#8221;. El CEO de Alpine explic\u00f3 que siempre hab\u00eda visto a Ocon como un piloto con talento. No obstante, consideraba necesario darle primero un entorno &#8220;c\u00f3modo&#8221; y tiempo para crecer.<\/p>\n\n\n\n<p class=\"wp-block-paragraph\"><strong><strong><strong>\u00a1Conoce el canal de Grande Pr\u00eamio en Espa\u00f1ol en\u00a0<a href=\"https:\/\/www.youtube.com\/channel\/UCDxWojGVUi9gWYhrY0pGbIQ\" target=\"_blank\" rel=\"noreferrer noopener\">YouTube<\/a>!<br>\u00a1Sigue a\u00a0Grande Pr\u00eamio en Espa\u00f1ol\u00a0en\u00a0<a href=\"https:\/\/twitter.com\/grandepremioES\" target=\"_blank\" rel=\"noreferrer noopener\">Twitter\u00a0<\/a>y en\u00a0<a href=\"https:\/\/www.instagram.com\/grandepremioes\/\" target=\"_blank\" rel=\"noreferrer noopener\">Instagram<\/a>!<\/strong><\/strong><\/strong><\/p>\n\n\n\n<figure class=\"wp-block-image size-large\"><img decoding=\"async\" src=\"https:\/\/www.grandepremio.com\/br\/wp-content\/uploads\/2023\/03\/alpine-estebanocon-01-1024x684.jpg\" alt=\"\" class=\"wp-image-657375\"\/><figcaption class=\"wp-element-caption\">Esteban Ocon es visto como un l\u00edder potencial por el CEO de Alpine (Foto: Alpine)<\/figcaption><\/figure>\n\n\n\n<p class=\"wp-block-paragraph\">&#8220;No es ning\u00fan secreto que intent\u00e9 que Esteban se sintiera c\u00f3modo en el equipo r\u00e1pidamente&#8221;, comenz\u00f3 Rossi. &#8220;Independientemente, tambi\u00e9n sab\u00eda que ha tenido \u00e9xito en todas las categor\u00edas, ha competido contra <strong>Max<\/strong> [<strong>Verstappen<\/strong>], <strong>Charles<\/strong> [<strong>Leclerc<\/strong>], todos los que son los mejores pilotos hoy en d\u00eda, y les ha ganado en el pasado&#8221;, a\u00f1adi\u00f3.<\/p>\n\n\n\n<p class=\"wp-block-paragraph\">&#8220;As\u00ed que pens\u00e9 &#8216;S\u00ed, tiene potencial, pong\u00e1mosle en una zona m\u00e1s c\u00f3moda&#8217;, no del todo, porque necesita estar alerta todo el tiempo, pero veamos lo que tiene guardado si le damos el entorno y un poco de tranquilidad. Por eso apostamos por \u00e9l durante tres a\u00f1os. Y, sinceramente, nadie quer\u00eda venir a Alpine en ese momento, as\u00ed que era el mejor piloto que pod\u00edamos conseguir&#8221;, a\u00f1adi\u00f3 Rossi. A continuaci\u00f3n, coment\u00f3 la declaraci\u00f3n que levant\u00f3 pol\u00e9mica.<\/p>\n\n\n\n<p class=\"wp-block-paragraph\">&#8220;Y siempre dije que Esteban era al menos un muy buen segundo piloto, y todo el mundo lo interpret\u00f3 de diferentes maneras. Pero cuando digo eso, es como si no hubiera un n\u00famero 1 y un n\u00famero 2 en <strong>Ferrari<\/strong>, pero estoy seguro de que muchos piensan que hay un n\u00famero 2. No hay un n\u00famero 1 y un n\u00famero 2 en <strong>Mercedes<\/strong>, y es dif\u00edcil averiguar qui\u00e9n es el n\u00famero 2, para ser honesto. No hay un n\u00famero 1 y un n\u00famero 2 en Mercedes, y es dif\u00edcil saber qui\u00e9n es el n\u00famero 2, para ser honesto. Creo que Esteban ser\u00eda uno de esos dos, cualquiera que elijas en esos dos equipos. Eso es lo que quer\u00eda decir&#8221;, argument\u00f3.<\/p>\n\n\n\n<p class=\"wp-block-paragraph\"><strong>VER TAMBI\u00c9N<br><a href=\"https:\/\/grandepremio.com\/es\/\/f1\/formula-1-alpine-destaca-ritmo-gasly\/\">Alpine destaca ritmo de Gasly en Bahrein y afirma que luchar\u00e1n por el cuarto lugar<\/a><br><a href=\"https:\/\/grandepremio.com\/es\/\/f1\/aston-martin-llego-momento-progresar-f1\/\">Aston Martin dice que \u00ablleg\u00f3 el momento de progresar\u00bb en F1: \u00abDimos un paso al frente\u00bb<\/a><\/strong><br><a href=\"https:\/\/grandepremio.com\/es\/\/f1\/mark-webber-experiencia-fernando-alonso-44-anos\/\"><strong>Webber elogia experiencia de Alonso y prev\u00e9 su permanencia en F1 \u00abhasta los 44 a\u00f1os\u00bb<\/strong><\/a><\/p>\n\n\n\n<p class=\"wp-block-paragraph\">En opini\u00f3n de Laurent, la renovaci\u00f3n del contrato ha ayudado a quitarse un peso de encima a Ocon, que ha empezado a conducir &#8220;de forma m\u00e1s eficiente y a organizar las cosas a largo plazo, sin intentar impresionar a todo el mundo en cada carrera&#8221;.<\/p>\n\n\n\n<p class=\"wp-block-paragraph\">&#8220;Era diferente. Le dije que ahora tendr\u00eda que crecer, ya sabes, crecer en muchos aspectos, como equipo y como \u00e9l mismo. Eso significa que tienes que ser m\u00e1s estrat\u00e9gico y un l\u00edder, lo cual es muy diferente a ser simplemente un chico genial y s\u00faper r\u00e1pido&#8221;, sigui\u00f3.<\/p>\n\n\n\n<p class=\"wp-block-paragraph\">&#8220;A la larga, construir un equipo, reunir a gente a tu alrededor, extraer el m\u00e1ximo rendimiento de tu coche, y no s\u00f3lo de \u00e9l, sino de la f\u00e1brica, de las 1.200 personas que te apoyan, es un juego diferente. Y eso es lo que le dije que hiciera. Le di esos tres a\u00f1os a cambio de ascender en el equipo&#8221;, concluy\u00f3 el CEO de Alpine.<\/p>\n","protected":false},"excerpt":{"rendered":"<p>En declaraciones al podcast Beyond the Grid, Laurent Rossi aclar\u00f3 una vieja frase sobre Esteban Ocon como &#8220;un buen segundo piloto&#8221; y dijo que la apuesta a largo plazo se hizo porque sab\u00eda que ten\u00eda potencial para liderar Alpine.<\/p>\n","protected":false},"author":0,"featured_media":1000657508,"comment_status":"closed","ping_status":"closed","sticky":false,"template":"","format":"standard","meta":{"42wp_featured_image_caption":"","42wp_featured_image_credits":"","42wp_featured_video":"","42wp_featured_image_hidden":false,"42wp_authors_list":[],"footnotes":""},"categories":[5],"tags":[678,247,362,181,1676,179,1488,2237,1500,249],"42wp_author":[14234],"class_list":["post-19919","post","type-post","status-publish","format-standard","has-post-thumbnail","hentry","category-f1","tag-alpine","tag-charles-leclerc","tag-esteban-ocon","tag-f1","tag-f1-2023","tag-formula-1","tag-grande-premio","tag-grandepremio","tag-laurent-rossi","tag-max-verstappen","42wp_author-douglas-rocha"],"_links":{"self":[{"href":"https:\/\/grandepremio.com\/es\/wp-json\/wp\/v2\/posts\/19919","targetHints":{"allow":["GET"]}}],"collection":[{"href":"https:\/\/grandepremio.com\/es\/wp-json\/wp\/v2\/posts"}],"about":[{"href":"https:\/\/grandepremio.com\/es\/wp-json\/wp\/v2\/types\/post"}],"replies":[{"embeddable":true,"href":"https:\/\/grandepremio.com\/es\/wp-json\/wp\/v2\/comments?post=19919"}],"version-history":[{"count":0,"href":"https:\/\/grandepremio.com\/es\/wp-json\/wp\/v2\/posts\/19919\/revisions"}],"wp:featuredmedia":[{"embeddable":true,"href":"https:\/\/grandepremio.com\/es\/wp-json\/wp\/v2\/media\/1000657508"}],"wp:attachment":[{"href":"https:\/\/grandepremio.com\/es\/wp-json\/wp\/v2\/media?parent=19919"}],"wp:term":[{"taxonomy":"category","embeddable":true,"href":"https:\/\/grandepremio.com\/es\/wp-json\/wp\/v2\/categories?post=19919"},{"taxonomy":"post_tag","embeddable":true,"href":"https:\/\/grandepremio.com\/es\/wp-json\/wp\/v2\/tags?post=19919"},{"taxonomy":"42wp_author","embeddable":true,"href":"https:\/\/grandepremio.com\/es\/wp-json\/wp\/v2\/42wp_author?post=19919"}],"curies":[{"name":"wp","href":"https:\/\/api.w.org\/{rel}","templated":true}]}}