{"id":19926,"date":"2023-03-12T13:29:51","date_gmt":"2023-03-12T16:29:51","guid":{"rendered":"https:\/\/grandepremio.com\/es\/2023\/03\/12\/haas-guenther-steiner-salida-mick-schumacher\/"},"modified":"2023-03-12T13:32:24","modified_gmt":"2023-03-12T16:32:24","slug":"haas-guenther-steiner-salida-mick-schumacher","status":"publish","type":"post","link":"https:\/\/grandepremio.com\/es\/f1\/haas-guenther-steiner-salida-mick-schumacher\/","title":{"rendered":"Jefe de Haas habla de salida de Schumacher: &#8220;Dos a\u00f1os y no llegamos a d\u00f3nde quer\u00edamos&#8221;"},"content":{"rendered":"\n<p class=\"wp-block-paragraph\"><strong>Guenther Steiner<\/strong> gan\u00f3 notoriedad al mostrar su lado m\u00e1s aut\u00e9ntico ante las c\u00e1maras de <strong>Netflix <\/strong>en la serie <strong>Drive to Survive.<\/strong> Y en uno de los episodios de la nueva temporada, el documental mostr\u00f3 c\u00f3mo fue el proceso para que el jefe de<strong> Haas<\/strong> <a href=\"https:\/\/grandepremio.com\/es\/\/f1\/haas-salida-mick-schumacher-formula-1-2023\/\" target=\"_blank\" rel=\"noreferrer noopener\">decidiera no renovar su v\u00ednculo con Mick Schumacher a finales de 2022.<\/a><\/p>\n\n\n\n<p class=\"wp-block-paragraph\">Schumacher debi\u00f3 lidiar con errores propios y accidentes en 2022, y eso oblig\u00f3 a la escuder\u00eda estadounidense a destinar parte de su limitado presupuesto a reparaciones en el <strong>VF-22<\/strong>. Por ello, Steiner se dio cuenta de que necesitaba un piloto m\u00e1s calificado, y <a href=\"https:\/\/grandepremio.com\/es\/\/f1\/haas-nico-hulkenberg-magnussen-formula-1-2023\/\" target=\"_blank\" rel=\"noreferrer noopener\">de ah\u00ed surgi\u00f3 la idea de contar con el trabajo del experimentado <strong>Nico H\u00fclkenberg<\/strong><\/a>. En una entrevista concedida al portal brit\u00e1nico Inews, el directivo italiano explic\u00f3 c\u00f3mo se tom\u00f3 la decisi\u00f3n de no continuar con Mick.<\/p>\n\n\n\n<p class=\"wp-block-paragraph\"><strong><strong>\u00a1Conoce el canal de Grande Pr\u00eamio en Espa\u00f1ol en\u00a0<a href=\"https:\/\/www.youtube.com\/channel\/UCDxWojGVUi9gWYhrY0pGbIQ\" target=\"_blank\" rel=\"noreferrer noopener\">YouTube<\/a>!<br>\u00a1Sigue a\u00a0Grande Pr\u00eamio en Espa\u00f1ol\u00a0en\u00a0<a href=\"https:\/\/twitter.com\/grandepremioES\" target=\"_blank\" rel=\"noreferrer noopener\">Twitter\u00a0<\/a>y en\u00a0<a href=\"https:\/\/www.instagram.com\/grandepremioes\/\" target=\"_blank\" rel=\"noreferrer noopener\">Instagram<\/a>!<\/strong><\/strong><\/p>\n\n\n\n<figure class=\"wp-block-image size-large\"><img decoding=\"async\" src=\"https:\/\/www.grandepremio.com\/br\/wp-content\/uploads\/2022\/11\/IMG_3030-1024x683.jpg\" alt=\"\" class=\"wp-image-631393\"\/><figcaption class=\"wp-element-caption\">Guenther Steiner dio detalles sobre la salida de Mick Schumacher en Haas. (Foto: Rodrigo Berton\/Grande Pr\u00eamio)<\/figcaption><\/figure>\n\n\n\n<p class=\"wp-block-paragraph\">&#8220;Me sent\u00e9 con \u00e9l y le expliqu\u00e9 que necesit\u00e1bamos sacar adelante el equipo con un piloto experimentado. Es parte del trabajo. No es algo agradable de hacer. No me gusta, pero hay que ser profesional&#8221;, recuerda el jefe de Haas.<\/p>\n\n\n\n<p class=\"wp-block-paragraph\">&#8220;Tratar con un Schumacher no es f\u00e1cil, como puedes imaginar. No estaba contento. Tuvo dos a\u00f1os y no llegamos a donde quer\u00edamos. As\u00ed que tuve que hacer algunos cambios&#8221;, admiti\u00f3 Steiner.<\/p>\n\n\n\n<figure class=\"wp-block-video\"><video class=\"video-js vjs-big-play-centered\" data-gp-vjs=\"1\" controls src=\"https:\/\/www.grandepremio.com\/br\/wp-content\/uploads\/2022\/05\/VIDEO-Monaco-Grand-Prix-2022-huge-crash-from-Mick-Schumacher.-MickSchumacher-Schumacher-MonacoGP-F1-Formule1-charlesleclerc-MaxVe.mp4\"><\/video><figcaption class=\"wp-element-caption\">Mick Schumacher sufri\u00f3 un fuerte accidente durante la disputa del GP de M\u00f3naco (Video: Reproducci\u00f3n\/F1)<\/figcaption><\/figure>\n\n\n\n<p class=\"wp-block-paragraph\">Un pasaje de Drive to Survive mostr\u00f3 la frustraci\u00f3n de Guenther con Mick por su pobre rendimiento durante la carrera. El piloto alem\u00e1n no establec\u00eda un ritmo satisfactorio y estaba preocupado por la temperatura de los frenos. En ese momento, Steiner dio otra muestra de su temperamento y dijo que Schumacher era &#8220;tan lento que no necesitaba los frenos&#8221;. Todav\u00eda al portal brit\u00e1nico, el manager de Haas explic\u00f3 el comportamiento.<\/p>\n\n\n\n<p class=\"wp-block-paragraph\">&#8220;En una situaci\u00f3n de carrera, te emocionas, \u00bfsabes? A veces dices cosas que no dir\u00edas cuando est\u00e1s pensando con claridad. Una hora m\u00e1s tarde har\u00edas algo completamente diferente&#8221;, sigui\u00f3. &#8220;Despu\u00e9s de un tiempo aprendes a lidiar con eso, cu\u00e1ndo necesitas presionar y cu\u00e1ndo necesitas calmar las cosas. En momentos de demasiada presi\u00f3n, la gente se asusta. Hay que devolverles la confianza para que puedan hacerlo&#8221;, finaliz\u00f3.<\/p>\n\n\n\n<p class=\"wp-block-paragraph\">La<strong> F\u00f3rmula 1<\/strong> reanudar\u00e1 sus actividades el d\u00eda 19, fecha prevista para el <strong>Gran Premio de Arabia Saudita<\/strong>.<\/p>\n","protected":false},"excerpt":{"rendered":"<p>Mick Schumacher corri\u00f3 dos a\u00f1os en Haas, pero nunca deslumbr\u00f3 al jefe del equipo, Guenther Steiner. En una entrevista con la prensa brit\u00e1nica, el dirigente record\u00f3 el momento en que debi\u00f3 comunicarle su salida al alem\u00e1n. <\/p>\n","protected":false},"author":0,"featured_media":1010131114,"comment_status":"closed","ping_status":"closed","sticky":false,"template":"","format":"standard","meta":{"42wp_featured_image_caption":"","42wp_featured_image_credits":"","42wp_featured_video":"","42wp_featured_image_hidden":false,"42wp_authors_list":[],"footnotes":""},"categories":[5],"tags":[181,1676,179,2534,1488,2237,1469,414,371,2388],"42wp_author":[14223],"class_list":["post-19926","post","type-post","status-publish","format-standard","has-post-thumbnail","hentry","category-f1","tag-f1","tag-f1-2023","tag-formula-1","tag-formula-1-2023","tag-grande-premio","tag-grandepremio","tag-guenther-steiner","tag-haas","tag-mick-schumacher","tag-nico-hulkenberg-2","42wp_author-esteban-nieto"],"_links":{"self":[{"href":"https:\/\/grandepremio.com\/es\/wp-json\/wp\/v2\/posts\/19926","targetHints":{"allow":["GET"]}}],"collection":[{"href":"https:\/\/grandepremio.com\/es\/wp-json\/wp\/v2\/posts"}],"about":[{"href":"https:\/\/grandepremio.com\/es\/wp-json\/wp\/v2\/types\/post"}],"replies":[{"embeddable":true,"href":"https:\/\/grandepremio.com\/es\/wp-json\/wp\/v2\/comments?post=19926"}],"version-history":[{"count":0,"href":"https:\/\/grandepremio.com\/es\/wp-json\/wp\/v2\/posts\/19926\/revisions"}],"wp:featuredmedia":[{"embeddable":true,"href":"https:\/\/grandepremio.com\/es\/wp-json\/wp\/v2\/media\/1010131114"}],"wp:attachment":[{"href":"https:\/\/grandepremio.com\/es\/wp-json\/wp\/v2\/media?parent=19926"}],"wp:term":[{"taxonomy":"category","embeddable":true,"href":"https:\/\/grandepremio.com\/es\/wp-json\/wp\/v2\/categories?post=19926"},{"taxonomy":"post_tag","embeddable":true,"href":"https:\/\/grandepremio.com\/es\/wp-json\/wp\/v2\/tags?post=19926"},{"taxonomy":"42wp_author","embeddable":true,"href":"https:\/\/grandepremio.com\/es\/wp-json\/wp\/v2\/42wp_author?post=19926"}],"curies":[{"name":"wp","href":"https:\/\/api.w.org\/{rel}","templated":true}]}}