{"id":19927,"date":"2023-03-12T12:42:38","date_gmt":"2023-03-12T15:42:38","guid":{"rendered":"https:\/\/grandepremio.com\/es\/2023\/03\/12\/formula-1-mercedes-admite-altas-expectativas\/"},"modified":"2023-03-12T12:42:40","modified_gmt":"2023-03-12T15:42:40","slug":"formula-1-mercedes-admite-altas-expectativas","status":"publish","type":"post","link":"https:\/\/grandepremio.com\/es\/f1\/formula-1-mercedes-admite-altas-expectativas\/","title":{"rendered":"Mercedes admite que se ha fijado &#8220;objetivos muy altos&#8221; para 2023"},"content":{"rendered":"\n<p class=\"wp-block-paragraph\">Que <strong>Mercedes<\/strong> <a href=\"https:\/\/grandepremio.com\/es\/\/f1\/mercedes-cambios-radicales-w14-f1-2023\/\">modificar\u00e1 el concepto del<strong> W14<\/strong><\/a> tras su rendimiento en el <strong>GP de Bahrein<\/strong> ya es seguro. En palabras de <strong>Toto Wolff<\/strong> el equipo se hab\u00eda fijado &#8220;objetivos muy altos&#8221; en cuanto a la mejora del rendimiento para este a\u00f1o. Por eso, la situaci\u00f3n actual es a\u00fan m\u00e1s complicada.<\/p>\n\n\n\n<p class=\"wp-block-paragraph\">En la carrera disputada en <strong>Bahrein<\/strong>, <strong>Mercedes<\/strong> <a href=\"https:\/\/grandepremio.com\/es\/\/f1\/lewis-hamilton-mercedes-camino-equivocado-formula-1\/\">cruz\u00f3 la l\u00ednea de meta<\/a> a m\u00e1s de 50s de <strong>Red Bull<\/strong>. <strong>Lewis Hamilton<\/strong> fue quinto superado por el <strong>Ferrari<\/strong> de <strong>Carlos Sainz<\/strong> y el <strong>Aston Martin<\/strong> de <strong>Fernando Alonso<\/strong>. El otro coche comandado por <strong>George Russell<\/strong> finaliz\u00f3 <a href=\"https:\/\/grandepremio.com\/es\/\/f1\/george-russell-impotencia-falta-de-competitividade-mercedes-bahrein\/\">en el s\u00e9ptimo lugar<\/a>.<\/p>\n\n\n\n<p class=\"wp-block-paragraph\">&#8220;<strong>Nos pusimos objetivos muy altos y los alcanzamos<\/strong>&#8220;, admiti\u00f3 <a href=\"https:\/\/grandepremio.com\/es\/\/?s=toto+wolff\">Wolff<\/a> al ser interrogado por el trabajo realizado por la escuder\u00eda alemana tras la temporada 2022. &#8220;Creo que se trata de d\u00f3nde fijamos esos objetivos colectivamente y c\u00f3mo necesitamos cambiar la perspectiva, lo que es un ejercicio interesante. <strong>Es algo que espero impacientemente<\/strong>&#8220;, reconoci\u00f3.<\/p>\n\n\n\n<p class=\"wp-block-paragraph\"><strong><strong>\u00a1Conoce el canal de Grande Pr\u00eamio en Espa\u00f1ol en\u00a0<a href=\"https:\/\/www.youtube.com\/channel\/UCDxWojGVUi9gWYhrY0pGbIQ\" target=\"_blank\" rel=\"noreferrer noopener\">YouTube<\/a>!<br>\u00a1Sigue a\u00a0Grande Pr\u00eamio en Espa\u00f1ol\u00a0en\u00a0<a href=\"https:\/\/twitter.com\/grandepremioES\" target=\"_blank\" rel=\"noreferrer noopener\">Twitter\u00a0<\/a>y en\u00a0<a href=\"https:\/\/www.instagram.com\/grandepremioes\/\" target=\"_blank\" rel=\"noreferrer noopener\">Instagram<\/a>!<\/strong><\/strong><\/p>\n\n\n\n<figure class=\"wp-block-image size-large\"><img decoding=\"async\" src=\"https:\/\/www.grandepremio.com\/br\/wp-content\/uploads\/2022\/06\/M277410-1024x683.jpg\" alt=\"\" class=\"wp-image-579401\"\/><figcaption class=\"wp-element-caption\">Toto Wolff cree que Mercedes s\u00f3lo necesita aplicar la informaci\u00f3n de la manera correcta (Foto: Mercedes\/Steve Etherington)<\/figcaption><\/figure>\n\n\n\n<p class=\"wp-block-paragraph\">&#8220;Prefiero ganar todas las carreras y ganar campeonato tras campeonato. Pero <strong>ese es nuestro verdadero reto ahora<\/strong> y es interesante para m\u00ed, pero a la vez doloroso&#8221;, a\u00f1adi\u00f3 Wolff subrayando que Mercedes tiene la informaci\u00f3n en sus manos para ese salto en el campeonato.<\/p>\n\n\n\n<p class=\"wp-block-paragraph\">&#8220;Est\u00e1 muy claro d\u00f3nde deber\u00edamos estar. <strong>S\u00f3lo tenemos que hacer que los datos funcionen<\/strong>. Y creo que lo m\u00e1s importante es restablecer una l\u00ednea de base y decir &#8216;estamos aqu\u00ed y no hay sorpresas en otra direcci\u00f3n'&#8221;, a\u00f1adi\u00f3.<\/p>\n\n\n\n<p class=\"wp-block-paragraph\">La expectativa es que el revolucionario concepto de <em>sidepod<\/em> nulo deje de utilizarse a partir del <strong>GP de Emilia-Roma\u00f1a<\/strong>. <strong><a href=\"https:\/\/grandepremio.com\/es\/\/?s=mercedes\">Mercedes<\/a><\/strong> ya ha se\u00f1alado que tendr\u00e1 un paquete de actualizaciones en \u00cdmola, y Wolff asegur\u00f3 que <strong>el equipo sigue trabajando en qu\u00e9 cambios se har\u00e1n para el resto de la <a href=\"https:\/\/grandepremio.com\/es\/\/f1\/wolff-calendario-2023-no-sostenible\/\">temporada<\/a><\/strong>.<\/p>\n\n\n\n<p class=\"wp-block-paragraph\">&#8220;Hemos estudiado otras ideas y a\u00fan no hemos parado. Lo hicimos durante un tiempo para abrir la mente, haciendo hincapi\u00e9 en que esto funcionara. Pero estamos estudiando otros caminos&#8221;, concluy\u00f3.<\/p>\n","protected":false},"excerpt":{"rendered":"<p>Toto Wolff admiti\u00f3 que la gran inc\u00f3gnita en estos momentos es que Mercedes sepa exactamente c\u00f3mo aplicar los datos recolectados a lo largo de 2022 para mejorar el rendimiento del W14 . <\/p>\n","protected":false},"author":0,"featured_media":1010131100,"comment_status":"closed","ping_status":"closed","sticky":false,"template":"","format":"standard","meta":{"42wp_featured_image_caption":"","42wp_featured_image_credits":"","42wp_featured_video":"","42wp_featured_image_hidden":false,"42wp_authors_list":[],"footnotes":""},"categories":[5],"tags":[5798,181,179,1487,253,1488,3438,2237,199,197,4561,569],"42wp_author":[14235],"class_list":["post-19927","post","type-post","status-publish","format-standard","has-post-thumbnail","hentry","category-f1","tag-bahrein-f1-2023","tag-f1","tag-formula-1","tag-george-rusell","tag-george-russell","tag-grande-premio","tag-grande-premio-en-espanol","tag-grandepremio","tag-lewis-hamilton","tag-mercedes","tag-mercedes-w14","tag-toto-wolff","42wp_author-barbara-mincioni"],"_links":{"self":[{"href":"https:\/\/grandepremio.com\/es\/wp-json\/wp\/v2\/posts\/19927","targetHints":{"allow":["GET"]}}],"collection":[{"href":"https:\/\/grandepremio.com\/es\/wp-json\/wp\/v2\/posts"}],"about":[{"href":"https:\/\/grandepremio.com\/es\/wp-json\/wp\/v2\/types\/post"}],"replies":[{"embeddable":true,"href":"https:\/\/grandepremio.com\/es\/wp-json\/wp\/v2\/comments?post=19927"}],"version-history":[{"count":0,"href":"https:\/\/grandepremio.com\/es\/wp-json\/wp\/v2\/posts\/19927\/revisions"}],"wp:featuredmedia":[{"embeddable":true,"href":"https:\/\/grandepremio.com\/es\/wp-json\/wp\/v2\/media\/1010131100"}],"wp:attachment":[{"href":"https:\/\/grandepremio.com\/es\/wp-json\/wp\/v2\/media?parent=19927"}],"wp:term":[{"taxonomy":"category","embeddable":true,"href":"https:\/\/grandepremio.com\/es\/wp-json\/wp\/v2\/categories?post=19927"},{"taxonomy":"post_tag","embeddable":true,"href":"https:\/\/grandepremio.com\/es\/wp-json\/wp\/v2\/tags?post=19927"},{"taxonomy":"42wp_author","embeddable":true,"href":"https:\/\/grandepremio.com\/es\/wp-json\/wp\/v2\/42wp_author?post=19927"}],"curies":[{"name":"wp","href":"https:\/\/api.w.org\/{rel}","templated":true}]}}