{"id":19934,"date":"2023-03-11T15:32:23","date_gmt":"2023-03-11T18:32:23","guid":{"rendered":"https:\/\/grandepremio.com\/es\/2023\/03\/11\/francesco-bagnaia-tests-motogp-portugal\/"},"modified":"2023-03-11T15:33:39","modified_gmt":"2023-03-11T18:33:39","slug":"francesco-bagnaia-tests-motogp-portugal","status":"publish","type":"post","link":"https:\/\/grandepremio.com\/es\/motogp\/francesco-bagnaia-tests-motogp-portugal\/","title":{"rendered":"Bagnaia supera a Marini sobre el final y lidera primer d\u00eda de tests de MotoGP en Portugal"},"content":{"rendered":"\n<p class=\"wp-block-paragraph\"><strong>Francesco Bagnaia<\/strong> hizo valer el n\u00famero 1 de su<strong> Ducati <\/strong>en la primera jornada de entrenamientos de<strong> MotoGP <\/strong>en <strong>Portugal.<\/strong> El <a href=\"https:\/\/grandepremio.com\/es\/\/motogp\/retrospectiva-motogp-2022-bagnaia-ducati-temporada-contrastes-1\/\" target=\"_blank\" rel=\"noreferrer noopener\">vigente campe\u00f3n<\/a> aprovech\u00f3 los minutos finales del s\u00e1bado en Portimao para destronar a <strong>Luca Marini <\/strong>y conseguir el mejor tiempo del d\u00eda en el circuito del Algarve.<\/p>\n\n\n\n<p class=\"wp-block-paragraph\">Marini hab\u00eda encarado como l\u00edder la parte final de la sesi\u00f3n, 0s020 por delante de <strong>Maverick Vi\u00f1ales<\/strong>, pero finalmente Bagnaia lo destron\u00f3 con un tiempo de 1m38s771 y 0s234 por delante de su rival. El piloto de Ducati fue el \u00fanico que baj\u00f3 el 1m39s este s\u00e1bado.<\/p>\n\n\n\n<p class=\"wp-block-paragraph\">Con la mejora de Pecco, Vi\u00f1ales cay\u00f3 al tercer puesto, 0s254 m\u00e1s lento que el tiempo de punta. Sin embargo, el resultado de <strong>Aprilia<\/strong> fue positivo, ya que <strong>Ra\u00fal Fern\u00e1ndez<\/strong> qued\u00f3 quinto y <strong>Miguel Oliveira<\/strong> sexto. <strong>Aleix Espargar\u00f3<\/strong> fue el \u00fanico piloto de la casa italiana fuera de los diez primeros, al haber sido 11\u00ba con un tiempo de 1m39s648.<\/p>\n\n\n\n<p class=\"wp-block-paragraph\"><strong><strong>\u00a1Conoce el canal de Grande Pr\u00eamio en Espa\u00f1ol en&nbsp;<a href=\"https:\/\/www.youtube.com\/channel\/UCDxWojGVUi9gWYhrY0pGbIQ\" target=\"_blank\" rel=\"noreferrer noopener\">YouTube<\/a>!<br>\u00a1Sigue a&nbsp;Grande Pr\u00eamio en Espa\u00f1ol&nbsp;en&nbsp;<a href=\"https:\/\/twitter.com\/grandepremioES\" target=\"_blank\" rel=\"noreferrer noopener\">Twitter&nbsp;<\/a>y en&nbsp;<a href=\"https:\/\/www.instagram.com\/grandepremioes\/\" target=\"_blank\" rel=\"noreferrer noopener\">Instagram<\/a>!<\/strong><\/strong><\/p>\n\n\n\n<figure class=\"wp-block-image size-large\"><img decoding=\"async\" src=\"https:\/\/www.grandepremio.com\/br\/wp-content\/uploads\/2023\/03\/MotoGP-2023-Portugal-Portimao-Sabado-Ducati-Francesco-Bagnaia-1024x774.jpeg\" alt=\"\" class=\"wp-image-660452\"\/><figcaption class=\"wp-element-caption\">Francesco Bagnaia fue el m\u00e1s r\u00e1pido en el primer d\u00eda de tests de MotoGP en Portugal. (Foto: Ducati)<\/figcaption><\/figure>\n\n\n\n<p class=\"wp-block-paragraph\">El s\u00e1bado tambi\u00e9n marc\u00f3 el debut del kit aerodin\u00e1mico completo de Aprilia. La f\u00e1brica de Noale ya ten\u00eda listo el conjunto para Sepang, pero opt\u00f3 por posponer su uso para evitar copias. El trabajo firmado por el ex-F1 Marco de Luca aporta una especie de aler\u00f3n en la aleta delantera.<\/p>\n\n\n\n<p class=\"wp-block-paragraph\">Adem\u00e1s, el equipo de Noale trajo un aler\u00f3n en el basculante de la RS-GP e incorpor\u00f3 una especie de aerofoil en la parte trasera de la moto.<\/p>\n\n\n\n<p class=\"wp-block-paragraph\">\u00c1lex M\u00e1rquez tambi\u00e9n se destac\u00f3 el s\u00e1bado. Con 1m39s336, el espa\u00f1ol logr\u00f3 el cuarto mejor tiempo, a 0s565 del l\u00edder. Marco Bezzecchi se ubic\u00f3 s\u00e9ptimo.<\/p>\n\n\n\n<p class=\"wp-block-paragraph\">Fabio Quartararo aprovech\u00f3 los minutos finales para escalar posiciones. A poco m\u00e1s de 15 minutos para el final de la tanda, el franc\u00e9s de Niza salt\u00f3 del 15\u00ba al octavo puesto, a 0s843 de Pecco.<\/p>\n\n\n\n<p class=\"wp-block-paragraph\">De esta forma, Fabio Di GIannantonio cay\u00f3 hasta la novena posici\u00f3n, seguido de Jorge Mart\u00edn. Como resultado, hubo seis pilotos de Ducati entre los seis primeros.<\/p>\n\n\n\n<p class=\"wp-block-paragraph\"><\/p>\n\n\n\n<figure class=\"wp-block-image size-large\"><img decoding=\"async\" src=\"https:\/\/grandepremio.com\/es\/\/wp-content\/uploads\/2023\/03\/Marc-Marquez-Portugal-1024x683.jpeg\" alt=\"\" class=\"wp-image-130976\"\/><figcaption class=\"wp-element-caption\">Marc M\u00e1rquez prob\u00f3 un nuevo chasis en Honda. (Foto: Honda Repsol)<\/figcaption><\/figure>\n\n\n\n<p class=\"wp-block-paragraph\">Con 1min39s646, \u00c1lex Rins tuvo la mejor Honda del d\u00eda y termin\u00f3 11\u00ba, a 0s875 de Bagnaia. Johann Zarco, que sufri\u00f3 dos ca\u00eddas en el d\u00eda, termin\u00f3 13\u00ba, pero sin lesiones importantes. Joan Mir consigui\u00f3 mejorar en los minutos finales para situarse 14\u00ba, pero se fue al suelo cuando intentaba realizar otra vuelta r\u00e1pida.<\/p>\n\n\n\n<p class=\"wp-block-paragraph\">Brad Binder tambi\u00e9n fue m\u00e1s r\u00e1pido hacia el final y se hizo con el 15\u00ba puesto, seguido de Jack Miller. Enea Bastianini se ha quedado descolgado del resto de pilotos Ducati y s\u00f3lo ha podido ser 17\u00ba. En una jornada en la que la f\u00e1brica de Borgo Panigale ha trabajado con el paquete aerodin\u00e1mico de la Desmosedici, el italiano qued\u00f3  a 1s238 de su compa\u00f1ero de equipo.<\/p>\n\n\n\n<p class=\"wp-block-paragraph\">El piloto probador de Honda, <strong>Stefan Bradl, <\/strong>apareci\u00f3 despu\u00e9s, por delante de Marc M\u00e1rquez. El seis veces campe\u00f3n de MotoGP trabaj\u00f3 con un nuevo chasis pero fue 1s399 m\u00e1s lento que el l\u00edder.<\/p>\n\n\n\n<p class=\"wp-block-paragraph\">Finalmente, Michele Pirro fue 20\u00ba y Franco Morbidelli 21\u00ba. Pol Espargar\u00f3, Takaaki Nakagami y Augusto Fern\u00e1ndez completaron la lista de participantes.<\/p>\n\n\n\n<p class=\"wp-block-paragraph\">MotoGP 2023 &#8211; Tests comunitarios &#8211; Portugal &#8211; D\u00eda 1:<\/p>\n\n\n\n<figure class=\"wp-block-table\"><table><tbody><tr><td>POS<\/td><td>PILOTO<\/td><td>EQUIPO<\/td><td>TIEMPO<\/td><td>DIFERENCIA<\/td><td>VUELTAS<\/td><\/tr><tr><td><strong>1<\/strong><\/td><td>F BAGNAIA<\/td><td>Ducati<\/td><td>1:38.771<\/td><td>&nbsp;<\/td><td>77<\/td><\/tr><tr><td><strong>2<\/strong><\/td><td>L MARINI<\/td><td>VR46<\/td><td>1:39.005<\/td><td>+0.234<\/td><td>58<\/td><\/tr><tr><td><strong>3<\/strong><\/td><td>M VI\u00d1ALES<\/td><td>Aprilia<\/td><td>1:39.025<\/td><td>+0.254<\/td><td>71<\/td><\/tr><tr><td><strong>4<\/strong><\/td><td>\u00c1 M\u00c1RQUEZ<\/td><td>Gresini Ducati<\/td><td>1:39.336<\/td><td>+0.565<\/td><td>56<\/td><\/tr><tr><td><strong>5<\/strong><\/td><td>R FERN\u00c1NDEZ<\/td><td>RNF APRILIA<\/td><td>1:39.460<\/td><td>+0.689<\/td><td>62<\/td><\/tr><tr><td><strong>6<\/strong><\/td><td>M OLIVEIRA<\/td><td>RNF APRILIA<\/td><td>1:39.466<\/td><td>+0.695<\/td><td>59<\/td><\/tr><tr><td><strong>7<\/strong><\/td><td>M BEZZECCHI<\/td><td>VR46<\/td><td>1:39.608<\/td><td>+0.837<\/td><td>62<\/td><\/tr><tr><td><strong>8<\/strong><\/td><td>F QUARTARARO<\/td><td>Yamaha<\/td><td>1:39.614<\/td><td>+0.843<\/td><td>88<\/td><\/tr><tr><td><strong>9<\/strong><\/td><td>F DI GIANNANTONIO<\/td><td>Gresini Ducati<\/td><td>1:39.641<\/td><td>+0.870<\/td><td>32<\/td><\/tr><tr><td><strong>10<\/strong><\/td><td>J MART\u00cdN<\/td><td>Pramac Ducati<\/td><td>1:39.643<\/td><td>+0.872<\/td><td>38<\/td><\/tr><tr><td><strong>11<\/strong><\/td><td>\u00c1 RINS<\/td><td>LCR Honda<\/td><td>1:39.646<\/td><td>+0.875<\/td><td>66<\/td><\/tr><tr><td><strong>12<\/strong><\/td><td>A ESPARGAR\u00d3<\/td><td>Aprilia<\/td><td>1:39.648<\/td><td>+0.877<\/td><td>59<\/td><\/tr><tr><td><strong>13<\/strong><\/td><td>J ZARCO<\/td><td>Pramac Ducati<\/td><td>1:39.716<\/td><td>+0.945<\/td><td>44<\/td><\/tr><tr><td><strong>14<\/strong><\/td><td>J MIR<\/td><td>Honda<\/td><td>1:39.776<\/td><td>+1.005<\/td><td>74<\/td><\/tr><tr><td><strong>15<\/strong><\/td><td>B BINDER<\/td><td>KTM<\/td><td>1:39.923<\/td><td>+1.152<\/td><td>58<\/td><\/tr><tr><td><strong>16<\/strong><\/td><td>J MILLER<\/td><td>KTM<\/td><td>1:39.987<\/td><td>+1.216<\/td><td>57<\/td><\/tr><tr><td><strong>17<\/strong><\/td><td>E BASTIANINI<\/td><td>Ducati<\/td><td>1:40.009<\/td><td>+1.238<\/td><td>27<\/td><\/tr><tr><td><strong>18<\/strong><\/td><td>S BRADL<\/td><td>Honda<\/td><td>1:40.162<\/td><td>+1.391<\/td><td>58<\/td><\/tr><tr><td><strong>19<\/strong><\/td><td>M M\u00c1RQUEZ<\/td><td>Honda<\/td><td>1:40.170<\/td><td>+1.399<\/td><td>35<\/td><\/tr><tr><td><strong>20<\/strong><\/td><td>M PIRRO<\/td><td>Ducati<\/td><td>1:40.336<\/td><td>+1.565<\/td><td>45<\/td><\/tr><tr><td><strong>21<\/strong><\/td><td>F MORBIDELLI<\/td><td>Yamaha<\/td><td>1:40.414<\/td><td>+1.643<\/td><td>75<\/td><\/tr><tr><td><strong>22<\/strong><\/td><td>P ESPARGAR\u00d3<\/td><td>GasGas<\/td><td>1:40.507<\/td><td>+1.736<\/td><td>58<\/td><\/tr><tr><td><strong>23<\/strong><\/td><td>T NAKAGAMI<\/td><td>LCR Honda<\/td><td>1:40.642<\/td><td>+1.871<\/td><td>68<\/td><\/tr><tr><td><strong>24<\/strong><\/td><td>A FERN\u00c1NDEZ<\/td><td>GasGas<\/td><td>1:40.771<\/td><td>+2.000<\/td><td>63<\/td><\/tr><\/tbody><\/table><\/figure>\n","protected":false},"excerpt":{"rendered":"<p>Francesco Bagnaia, campe\u00f3n 2022 de MotoGP, lider\u00f3 la primera jornada de los tests de pretemporada en Portugal. Luca Marini y Maverick Vi\u00f1ales completaron el Top-3. <\/p>\n","protected":false},"author":0,"featured_media":1010130948,"comment_status":"closed","ping_status":"closed","sticky":false,"template":"","format":"standard","meta":{"42wp_featured_image_caption":"","42wp_featured_image_credits":"","42wp_featured_video":"","42wp_featured_image_hidden":false,"42wp_authors_list":[],"footnotes":""},"categories":[8],"tags":[957,1376,1614,1391,1293,2657,956],"42wp_author":[14225],"class_list":["post-19934","post","type-post","status-publish","format-standard","has-post-thumbnail","hentry","category-motogp","tag-algarve","tag-francesco-bagnaia","tag-luca-marini","tag-maverick-vinales","tag-motogp","tag-motogp-2023","tag-portugal","42wp_author-juliana-tesser"],"_links":{"self":[{"href":"https:\/\/grandepremio.com\/es\/wp-json\/wp\/v2\/posts\/19934","targetHints":{"allow":["GET"]}}],"collection":[{"href":"https:\/\/grandepremio.com\/es\/wp-json\/wp\/v2\/posts"}],"about":[{"href":"https:\/\/grandepremio.com\/es\/wp-json\/wp\/v2\/types\/post"}],"replies":[{"embeddable":true,"href":"https:\/\/grandepremio.com\/es\/wp-json\/wp\/v2\/comments?post=19934"}],"version-history":[{"count":0,"href":"https:\/\/grandepremio.com\/es\/wp-json\/wp\/v2\/posts\/19934\/revisions"}],"wp:featuredmedia":[{"embeddable":true,"href":"https:\/\/grandepremio.com\/es\/wp-json\/wp\/v2\/media\/1010130948"}],"wp:attachment":[{"href":"https:\/\/grandepremio.com\/es\/wp-json\/wp\/v2\/media?parent=19934"}],"wp:term":[{"taxonomy":"category","embeddable":true,"href":"https:\/\/grandepremio.com\/es\/wp-json\/wp\/v2\/categories?post=19934"},{"taxonomy":"post_tag","embeddable":true,"href":"https:\/\/grandepremio.com\/es\/wp-json\/wp\/v2\/tags?post=19934"},{"taxonomy":"42wp_author","embeddable":true,"href":"https:\/\/grandepremio.com\/es\/wp-json\/wp\/v2\/42wp_author?post=19934"}],"curies":[{"name":"wp","href":"https:\/\/api.w.org\/{rel}","templated":true}]}}