{"id":19935,"date":"2023-03-11T14:49:07","date_gmt":"2023-03-11T17:49:07","guid":{"rendered":"https:\/\/grandepremio.com\/es\/2023\/03\/11\/alfa-romeo-objetivos-mclaren-alpine-formula-1-2023\/"},"modified":"2023-03-11T14:49:09","modified_gmt":"2023-03-11T17:49:09","slug":"alfa-romeo-objetivos-mclaren-alpine-formula-1-2023","status":"publish","type":"post","link":"https:\/\/grandepremio.com\/es\/f1\/alfa-romeo-objetivos-mclaren-alpine-formula-1-2023\/","title":{"rendered":"Alfa Romeo niega inter\u00e9s en alcanzar a Aston Martin: &#8220;Las metas son Alpine y McLaren&#8221;"},"content":{"rendered":"\n<p class=\"wp-block-paragraph\"><a href=\"https:\/\/grandepremio.com\/es\/\/f1\/max-verstappen-red-bull-fernando-alonso-gp-bahrein-formula-1\/\" target=\"_blank\" rel=\"noreferrer noopener\"><strong>Alfa Romeo<\/strong> sali\u00f3 bastante satisfecho con su debut en la <strong>temporada 2023 <\/strong>de <strong>F\u00f3rmula 1<\/strong>, con un octavo puesto de <strong>Valtteri Bottas<\/strong> en el <strong>GP de Bahr\u00e9in<\/strong> y la vuelta r\u00e1pida de <strong>Guanyu Zhou,<\/strong> a pesar de que el piloto chino qued\u00f3 fuera del top-10.<\/a> Como balance, el ingeniero de pista de la escuder\u00eda, <strong>Xevi Pujolar,<\/strong> abord\u00f3 los objetivos del equipo en el arranque del campeonato e hizo referencia al \u00fanico aspecto que no lo dej\u00f3 conforme.<\/p>\n\n\n\n<p class=\"wp-block-paragraph\">&#8220;Lo \u00fanico que dir\u00edamos [que no hemos conseguido] es que quer\u00edamos estar en la Q3&#8221;, manifest\u00f3 Pujolar. &#8220;Estuvimos cerca y no lo conseguimos, pero pusimos los coches 12\u00ba y 13\u00ba en la parrilla y luchamos por los puntos&#8221;, destac\u00f3.<\/p>\n\n\n\n<p class=\"wp-block-paragraph\">&#8220;Nuestro objetivo era luchar contra <strong>Alpine <\/strong>y <strong>McLaren<\/strong>, tener un buen ritmo de carrera, una buena fiabilidad, y creo que hemos conseguido todos esos objetivos&#8221;, subray\u00f3.<\/p>\n\n\n\n<p class=\"wp-block-paragraph\"><strong><strong>\u00a1Conoce el canal de Grande Pr\u00eamio en Espa\u00f1ol en\u00a0<a href=\"https:\/\/www.youtube.com\/channel\/UCDxWojGVUi9gWYhrY0pGbIQ\" target=\"_blank\" rel=\"noreferrer noopener\">YouTube<\/a>!<br>\u00a1Sigue a\u00a0Grande Pr\u00eamio en Espa\u00f1ol\u00a0en\u00a0<a href=\"https:\/\/twitter.com\/grandepremioES\" target=\"_blank\" rel=\"noreferrer noopener\">Twitter\u00a0<\/a>y en\u00a0<a href=\"https:\/\/www.instagram.com\/grandepremioes\/\" target=\"_blank\" rel=\"noreferrer noopener\">Instagram<\/a>!<\/strong><\/strong><\/p>\n\n\n\n<figure class=\"wp-block-image size-large\"><img decoding=\"async\" src=\"https:\/\/www.grandepremio.com\/br\/wp-content\/uploads\/2023\/03\/alfaromeo-valtteribottas-02-4-1024x684.jpg\" alt=\"\" class=\"wp-image-658750\"\/><figcaption class=\"wp-element-caption\">Valtteri Bottas conquistou um bom oitavo lugar no Bahrein (Foto: Alfa Romeo)<\/figcaption><\/figure>\n\n\n\n<p class=\"wp-block-paragraph\">El espa\u00f1ol enumer\u00f3 los prop\u00f3sitos de Alfa Romeo en Sakhir y admiti\u00f3 que sali\u00f3 bastante contento de la carrera, a pesar de no haber puntuado con ambos autos.<\/p>\n\n\n\n<p class=\"wp-block-paragraph\">&#8220;Nos mantuvimos por delante de Alpine y McLaren, terminamos la carrera con dos coches fiables y Zhou contribuy\u00f3 al equipo logrando la vuelta r\u00e1pida, as\u00ed que le quitamos ese punto a Alpine&#8221;, subray\u00f3. &#8220;Si podemos hacer eso en cada carrera, estar\u00e9 muy satisfecho&#8221;, admiti\u00f3 Pujolar.<\/p>\n\n\n\n<p class=\"wp-block-paragraph\">En cuanto a si ser\u00e1 posible alcanzar a<strong> Aston Martin<\/strong>, que abri\u00f3 el campeonato con un podio de <strong>Fernando Alonso<\/strong>, Pujolar prefiri\u00f3 ser m\u00e1s cauto. El ingeniero espa\u00f1ol repiti\u00f3 que la lucha del momento es contra Alpine y McLaren,  y asegur\u00f3 que a\u00fan no sabe c\u00f3mo ser\u00e1 la evoluci\u00f3n del nuevo equipo de su compatriota tras su paso adelante en la parrilla.<\/p>\n\n\n\n<figure class=\"wp-block-image size-large\"><img decoding=\"async\" src=\"https:\/\/www.grandepremio.com\/br\/wp-content\/uploads\/2023\/03\/alfaromeo-guanyuzhou-02-2-1024x684.jpg\" alt=\"\" class=\"wp-image-658749\"\/><figcaption class=\"wp-element-caption\">Guanyu Zhou termin\u00f3 16\u00b0, pero logr\u00f3 quitarle el punto de vuelta r\u00e1pida a Alpine. (Foto: Alfa Romeo)<\/figcaption><\/figure>\n\n\n\n<p class=\"wp-block-paragraph\">&#8220;De momento, dir\u00eda que [los objetivos] son Alpine y McLaren&#8221;, reconoci\u00f3. &#8220;Pero seguro que intentaremos desarrollarnos al m\u00e1ximo. Tenemos que ver, no s\u00e9 cu\u00e1l ser\u00e1 su ritmo de desarrollo al frente [del pelot\u00f3n], o si tendr\u00e1n otros problemas&#8221;, valor\u00f3.<\/p>\n\n\n\n<p class=\"wp-block-paragraph\">&#8220;Por el momento, nos centraremos en nosotros mismos&#8221;, afirm\u00f3. &#8220;Intentaremos evolucionar lo m\u00e1ximo posible en relaci\u00f3n con los problemas que tenemos y las cosas que queremos mejorar. Veremos lo que podemos conseguir. Pero siendo realistas, en este momento dir\u00eda que estamos m\u00e1s centrados en Alpine y McLaren&#8221;, finaliz\u00f3.<\/p>\n\n\n\n<p class=\"wp-block-paragraph\">La pr\u00f3xima fecha de la <strong>F\u00f3rmula 1<\/strong> tendr\u00e1 lugar dentro de una semana, con el <strong>GP de Arabia Saudita<\/strong>. Esta competencia se correr\u00e1 el 19 de marzo en el circuito de Jeddah.<\/p>\n","protected":false},"excerpt":{"rendered":"<p>Xevi Pujolar, ingeniero de pista de Alfa Romeo, explic\u00f3 que la escuder\u00eda cumpli\u00f3 con los objetivos en Bahr\u00e9in, y que los rivales en este comienzo del campeonato son Alpine y McLaren. <\/p>\n","protected":false},"author":0,"featured_media":1010130855,"comment_status":"closed","ping_status":"closed","sticky":false,"template":"","format":"standard","meta":{"42wp_featured_image_caption":"","42wp_featured_image_credits":"","42wp_featured_video":"","42wp_featured_image_hidden":false,"42wp_authors_list":[],"footnotes":""},"categories":[5],"tags":[295,678,209,181,1676,179,2534,1096,254,269,252],"42wp_author":[14223],"class_list":["post-19935","post","type-post","status-publish","format-standard","has-post-thumbnail","hentry","category-f1","tag-alfa-romeo","tag-alpine","tag-aston-martin","tag-f1","tag-f1-2023","tag-formula-1","tag-formula-1-2023","tag-gp-de-bahrein","tag-guanyu-zhou","tag-mclaren","tag-valtteri-bottas","42wp_author-esteban-nieto"],"_links":{"self":[{"href":"https:\/\/grandepremio.com\/es\/wp-json\/wp\/v2\/posts\/19935","targetHints":{"allow":["GET"]}}],"collection":[{"href":"https:\/\/grandepremio.com\/es\/wp-json\/wp\/v2\/posts"}],"about":[{"href":"https:\/\/grandepremio.com\/es\/wp-json\/wp\/v2\/types\/post"}],"replies":[{"embeddable":true,"href":"https:\/\/grandepremio.com\/es\/wp-json\/wp\/v2\/comments?post=19935"}],"version-history":[{"count":0,"href":"https:\/\/grandepremio.com\/es\/wp-json\/wp\/v2\/posts\/19935\/revisions"}],"wp:featuredmedia":[{"embeddable":true,"href":"https:\/\/grandepremio.com\/es\/wp-json\/wp\/v2\/media\/1010130855"}],"wp:attachment":[{"href":"https:\/\/grandepremio.com\/es\/wp-json\/wp\/v2\/media?parent=19935"}],"wp:term":[{"taxonomy":"category","embeddable":true,"href":"https:\/\/grandepremio.com\/es\/wp-json\/wp\/v2\/categories?post=19935"},{"taxonomy":"post_tag","embeddable":true,"href":"https:\/\/grandepremio.com\/es\/wp-json\/wp\/v2\/tags?post=19935"},{"taxonomy":"42wp_author","embeddable":true,"href":"https:\/\/grandepremio.com\/es\/wp-json\/wp\/v2\/42wp_author?post=19935"}],"curies":[{"name":"wp","href":"https:\/\/api.w.org\/{rel}","templated":true}]}}