{"id":19952,"date":"2023-03-09T10:41:10","date_gmt":"2023-03-09T13:41:10","guid":{"rendered":"https:\/\/grandepremio.com\/es\/2023\/03\/09\/ducati-ambiente-suave-francesco-bagnaia-enea-bastianini\/"},"modified":"2023-03-09T10:41:12","modified_gmt":"2023-03-09T13:41:12","slug":"ducati-ambiente-suave-francesco-bagnaia-enea-bastianini","status":"publish","type":"post","link":"https:\/\/grandepremio.com\/es\/motogp\/ducati-ambiente-suave-francesco-bagnaia-enea-bastianini\/","title":{"rendered":"Ducati espera ambiente suave y ve a Bagnaia y Bastianini con &#8220;las mismas posibilidades&#8221;"},"content":{"rendered":"\n<p class=\"wp-block-paragraph\">El director deportivo de <strong>Ducati<\/strong>, <strong>Paolo Ciabatti<\/strong>, conf\u00eda en que el equipo oficial tenga un clima templado para la temporada 2023 de <strong>MotoGP<\/strong>, ya que ambos pilotos tendr\u00e1n las mismas oportunidades. El manager valor\u00f3 que <strong>Enea Bastianini<\/strong> ha cambiado su mentalidad tras demostrar que merec\u00eda el puesto en el equipo oficial, y ahora sabe que necesita trabajar en colaboraci\u00f3n con <strong>Francesco Bagnaia<\/strong>.<\/p>\n\n\n\n<p class=\"wp-block-paragraph\">Actual campe\u00f3n, Bagnaia ha estado acompa\u00f1ado por <strong>Jack Miller<\/strong> en los \u00faltimos a\u00f1os. No obstante, vio c\u00f3mo el australiano se marchaba a <strong>KTM<\/strong> y ahora formar\u00e1 pareja con Bastianini, con quien mantuvo algunas intensas disputas el a\u00f1o pasado, incluso en la pen\u00faltima prueba del campeonato, en <strong>Malasia<\/strong>, cuando el t\u00edtulo a\u00fan no estaba definido.<\/p>\n\n\n\n<p class=\"wp-block-paragraph\"><strong><strong>\u00a1Conoce el canal de Grande Pr\u00eamio en Espa\u00f1ol en\u00a0<a href=\"https:\/\/www.youtube.com\/channel\/UCDxWojGVUi9gWYhrY0pGbIQ\" target=\"_blank\" rel=\"noreferrer noopener\">YouTube<\/a>!<br>\u00a1Sigue a\u00a0Grande Pr\u00eamio en Espa\u00f1ol\u00a0en\u00a0<a href=\"https:\/\/twitter.com\/grandepremioES\" target=\"_blank\" rel=\"noreferrer noopener\">Twitter\u00a0<\/a>y en\u00a0<a href=\"https:\/\/www.instagram.com\/grandepremioes\/\" target=\"_blank\" rel=\"noreferrer noopener\">Instagram<\/a>!<\/strong><\/strong><\/p>\n\n\n\n<figure class=\"wp-block-image size-full\"><img decoding=\"async\" src=\"https:\/\/www.grandepremio.com\/br\/wp-content\/uploads\/2019\/07\/2019710124234_D87V8aRWkAAR0ES_DMa.jpg\" alt=\"\" class=\"wp-image-224851\"\/><figcaption class=\"wp-element-caption\">Paolo Ciabatti espera un clima de paz en Ducati (Foto: Divulgaci\u00f3n)<\/figcaption><\/figure>\n\n\n\n<p class=\"wp-block-paragraph\">Aun as\u00ed, Ciabatti espera un ambiente tranquilo dentro del equipo. Seg\u00fan el director, los dos pilotos saben que tienen que trabajar juntos por el bien de la casa de <strong>Bolonia<\/strong>.<\/p>\n\n\n\n<p class=\"wp-block-paragraph\">&#8220;Lo que hab\u00eda que aclarar ya estaba el a\u00f1o pasado&#8221;, subray\u00f3 Ciabatti en una entrevista a la web espa\u00f1ola Motorsport. &#8220;Enea quer\u00eda demostrar que se merec\u00eda la moto oficial. Ahora que lo ha hecho, su mentalidad ha cambiado y ha entendido que tiene que trabajar junto a <strong>Pecco<\/strong>&#8220;, sigui\u00f3 el manager de Ducati.<\/p>\n\n\n\n<p class=\"wp-block-paragraph\"><strong>VER TAMBI\u00c9N<br><a href=\"https:\/\/grandepremio.com\/es\/\/motogp\/lcr-honda-rins-nakagami-motogp-2023\/\">LCR presenta proyecto con Rins y Nakagami para la temporada 2023 de MotoGP<\/a><br><a href=\"https:\/\/grandepremio.com\/es\/\/motogp\/valentino-rossi-vr46-temporada-2023\/\">Rossi apunta alto con VR46 en la MotoGP 2023 y apuesta por Marini: \u00abEspero mucho de \u00e9l\u00bb<\/a><\/strong><\/p>\n\n\n\n<p class=\"wp-block-paragraph\">&#8220;Vemos a los dos con las mismas posibilidades de luchar por todo&#8221;, asegur\u00f3. &#8220;El a\u00f1o pasado, Enea ten\u00eda una motivaci\u00f3n diferente a la de ahora. Espero no equivocarme, pero creo que estar\u00e1 bastante tranquilo, porque Enea sabe que ahora tiene m\u00e1s responsabilidad&#8221;, a\u00f1adi\u00f3.<\/p>\n","protected":false},"excerpt":{"rendered":"<p>El director deportivo de Ducati, Paolo Ciabatti, ha valorado que Enea Bastianini ha cambiado de mentalidad y ahora sabe que tiene que trabajar junto a Francesco Bagnaia por el bien del equipo.<\/p>\n","protected":false},"author":0,"featured_media":1010130361,"comment_status":"closed","ping_status":"closed","sticky":false,"template":"","format":"standard","meta":{"42wp_featured_image_caption":"","42wp_featured_image_credits":"","42wp_featured_video":"","42wp_featured_image_hidden":false,"42wp_authors_list":[],"footnotes":""},"categories":[8],"tags":[1340,2058,1488,2237,1293,2657,2950,2617],"42wp_author":[14234],"class_list":["post-19952","post","type-post","status-publish","format-standard","has-post-thumbnail","hentry","category-motogp","tag-ducati","tag-enea-bastianini","tag-grande-premio","tag-grandepremio","tag-motogp","tag-motogp-2023","tag-paolo-ciabatti","tag-pecco-bagnaia","42wp_author-douglas-rocha"],"_links":{"self":[{"href":"https:\/\/grandepremio.com\/es\/wp-json\/wp\/v2\/posts\/19952","targetHints":{"allow":["GET"]}}],"collection":[{"href":"https:\/\/grandepremio.com\/es\/wp-json\/wp\/v2\/posts"}],"about":[{"href":"https:\/\/grandepremio.com\/es\/wp-json\/wp\/v2\/types\/post"}],"replies":[{"embeddable":true,"href":"https:\/\/grandepremio.com\/es\/wp-json\/wp\/v2\/comments?post=19952"}],"version-history":[{"count":0,"href":"https:\/\/grandepremio.com\/es\/wp-json\/wp\/v2\/posts\/19952\/revisions"}],"wp:featuredmedia":[{"embeddable":true,"href":"https:\/\/grandepremio.com\/es\/wp-json\/wp\/v2\/media\/1010130361"}],"wp:attachment":[{"href":"https:\/\/grandepremio.com\/es\/wp-json\/wp\/v2\/media?parent=19952"}],"wp:term":[{"taxonomy":"category","embeddable":true,"href":"https:\/\/grandepremio.com\/es\/wp-json\/wp\/v2\/categories?post=19952"},{"taxonomy":"post_tag","embeddable":true,"href":"https:\/\/grandepremio.com\/es\/wp-json\/wp\/v2\/tags?post=19952"},{"taxonomy":"42wp_author","embeddable":true,"href":"https:\/\/grandepremio.com\/es\/wp-json\/wp\/v2\/42wp_author?post=19952"}],"curies":[{"name":"wp","href":"https:\/\/api.w.org\/{rel}","templated":true}]}}