{"id":19956,"date":"2023-03-08T17:45:29","date_gmt":"2023-03-08T20:45:29","guid":{"rendered":"https:\/\/grandepremio.com\/es\/2023\/03\/08\/lewis-hamilton-mercedes-camino-equivocado-formula-1\/"},"modified":"2023-03-08T18:38:34","modified_gmt":"2023-03-08T21:38:34","slug":"lewis-hamilton-mercedes-camino-equivocado-formula-1","status":"publish","type":"post","link":"https:\/\/grandepremio.com\/es\/f1\/lewis-hamilton-mercedes-camino-equivocado-formula-1\/","title":{"rendered":"Hamilton cree que Mercedes est\u00e1 &#8220;en el camino equivocado&#8221; y &#8220;muy lejos de Red Bull&#8221;"},"content":{"rendered":"\n<figure class=\"wp-block-embed is-type-video is-provider-youtube wp-block-embed-youtube wp-embed-aspect-16-9 wp-has-aspect-ratio\"><div class=\"wp-block-embed__wrapper\">\n<iframe loading=\"lazy\" title=\"LAS 5 CLAVES DEL GP DE BAR\u00c9IN DE F1\" width=\"500\" height=\"281\" src=\"https:\/\/www.youtube.com\/embed\/IabDIH7PYOA?start=1&amp;feature=oembed\" frameborder=\"0\" allow=\"accelerometer; autoplay; clipboard-write; encrypted-media; gyroscope; picture-in-picture; web-share\" referrerpolicy=\"strict-origin-when-cross-origin\" allowfullscreen><\/iframe>\n<\/div><\/figure>\n\n\n\n<p class=\"wp-block-paragraph\"><a href=\"https:\/\/grandepremio.com\/es\/\/f1\/max-verstappen-red-bull-fernando-alonso-gp-bahrein-formula-1\/\" target=\"_blank\" rel=\"noreferrer noopener\">La primera carrera de <strong>F\u00f3rmula 1<\/strong> de 2023 en <strong>Bahr\u00e9in<\/strong> termin\u00f3 en quinto lugar para <strong>Lewis Hamilton<\/strong><\/a>. El siete veces campe\u00f3n tuvo que lidiar con un potencial inferior al que mostraron los autos de<strong> Red Bull,<\/strong> que llev\u00f3 a cabo un doblete dominante, as\u00ed como tambi\u00e9n termin\u00f3 detr\u00e1s del <strong>Aston Martin<\/strong> de <strong>Fernando Alonso<\/strong> y el <strong>Ferrari<\/strong> de <strong>Carlos Sainz<\/strong>. Luego de la primera competencia al volante del W14, Hamilton consider\u00f3 que Mercedes debe cambiar el concepto de su auto, y que en la situaci\u00f3n actual reducir la distancia es &#8220;muy dif\u00edcil&#8221;.<\/p>\n\n\n\n<p class=\"wp-block-paragraph\">S\u00f3lo una carrera le bast\u00f3 al mayor ganador de la historia de la categor\u00eda para concluir que Mercedes necesita tomar nuevos caminos.<\/p>\n\n\n\n<p class=\"wp-block-paragraph\">&#8220;Estamos en el camino equivocado, as\u00ed que tenemos que seguir a la deriva y encontrar la manera de encontrar el camino correcto. De momento estamos muy lejos de los de delante. \u00bfCreo que podemos recortar distancias? S\u00ed, pero creo que es muy dif\u00edcil con el concepto que tenemos&#8221;, se\u00f1al\u00f3.<\/p>\n\n\n\n<p class=\"wp-block-paragraph\"><strong><strong>\u00a1Conoce el canal de Grande Pr\u00eamio en Espa\u00f1ol en&nbsp;<a href=\"https:\/\/www.youtube.com\/channel\/UCDxWojGVUi9gWYhrY0pGbIQ\" target=\"_blank\" rel=\"noreferrer noopener\">YouTube<\/a>!<br>\u00a1Sigue a&nbsp;Grande Pr\u00eamio en Espa\u00f1ol&nbsp;en&nbsp;<a href=\"https:\/\/twitter.com\/grandepremioES\" target=\"_blank\" rel=\"noreferrer noopener\">Twitter&nbsp;<\/a>y en&nbsp;<a href=\"https:\/\/www.instagram.com\/grandepremioes\/\" target=\"_blank\" rel=\"noreferrer noopener\">Instagram<\/a>!<\/strong><\/strong><\/p>\n\n\n\n<figure class=\"wp-block-image size-large\"><img decoding=\"async\" src=\"https:\/\/www.grandepremio.com\/br\/wp-content\/uploads\/2023\/03\/mercedes-lewishamilton-03-1024x683.jpg\" alt=\"\" class=\"wp-image-657983\"\/><figcaption class=\"wp-element-caption\">Lewis Hamilton est\u00e1 descontento con el potencial de nuevo W14. (Foto: Mercedes)<\/figcaption><\/figure>\n\n\n\n<p class=\"wp-block-paragraph\">Las dificultades a las que se enfrenta el <strong>W14 <\/strong>han existido desde el principio, y tras la pretemporada, el equipo tuvo una mayor dimensi\u00f3n de los problemas, seg\u00fan Hamilton. El piloto de 38 a\u00f1os tambi\u00e9n insisti\u00f3 en que queda mucho trabajo por hacer para poder acercarse a Red Bull.<\/p>\n\n\n\n<p class=\"wp-block-paragraph\">&#8220;Estoy intentando todo lo que puedo, pero tenemos que seguir trabajando en ello. Lo sab\u00edamos un poco por las pruebas, pero es una gran diferencia. No somos fuertes en ritmo de vuelta r\u00e1pida ni en ritmo de carrera. Yo dir\u00eda que [la clasificaci\u00f3n y el ritmo de carrera] son muy similares. Estamos a 1s de Red Bull, as\u00ed que tenemos mucho trabajo por hacer&#8221;, finaliz\u00f3 el brit\u00e1nico.<\/p>\n\n\n\n<p class=\"wp-block-paragraph\">La F\u00f3rmula 1 regresar\u00e1 la semana que viene en el circuito de <strong>Jeddah,<\/strong> con el <strong>GP de Arabia Saudita<\/strong> que se disputar\u00e1 el 19 de marzo.<\/p>\n\n\n\n<figure class=\"wp-block-embed is-type-video is-provider-youtube wp-block-embed-youtube wp-embed-aspect-16-9 wp-has-aspect-ratio\"><div class=\"wp-block-embed__wrapper\">\n<iframe loading=\"lazy\" title=\"MUJERES EN EL AUTOMOVILISMO: una retrospectiva de las que hicieron historia\" width=\"500\" height=\"281\" src=\"https:\/\/www.youtube.com\/embed\/ACt3CN5QwGg?start=9&amp;feature=oembed\" frameborder=\"0\" allow=\"accelerometer; autoplay; clipboard-write; encrypted-media; gyroscope; picture-in-picture; web-share\" referrerpolicy=\"strict-origin-when-cross-origin\" allowfullscreen><\/iframe>\n<\/div><\/figure>\n","protected":false},"excerpt":{"rendered":"<p>Con una carrera apenas disputada en la F1 2023, Lewis Hamilton ya se convenci\u00f3 que el concepto aplicado en el W14 est\u00e1 equivocado y no es adecuado para luchar contra Red Bull. <\/p>\n","protected":false},"author":0,"featured_media":1010130312,"comment_status":"closed","ping_status":"closed","sticky":false,"template":"","format":"standard","meta":{"42wp_featured_image_caption":"","42wp_featured_image_credits":"","42wp_featured_video":"","42wp_featured_image_hidden":false,"42wp_authors_list":[],"footnotes":""},"categories":[5],"tags":[181,1676,185,179,2534,2236,3438,2237,199,249,197,206,3270],"42wp_author":[14223],"class_list":["post-19956","post","type-post","status-publish","format-standard","has-post-thumbnail","hentry","category-f1","tag-f1","tag-f1-2023","tag-ferrari","tag-formula-1","tag-formula-1-2023","tag-grande-premio-2","tag-grande-premio-en-espanol","tag-grandepremio","tag-lewis-hamilton","tag-max-verstappen","tag-mercedes","tag-red-bull","tag-w14","42wp_author-esteban-nieto"],"_links":{"self":[{"href":"https:\/\/grandepremio.com\/es\/wp-json\/wp\/v2\/posts\/19956","targetHints":{"allow":["GET"]}}],"collection":[{"href":"https:\/\/grandepremio.com\/es\/wp-json\/wp\/v2\/posts"}],"about":[{"href":"https:\/\/grandepremio.com\/es\/wp-json\/wp\/v2\/types\/post"}],"replies":[{"embeddable":true,"href":"https:\/\/grandepremio.com\/es\/wp-json\/wp\/v2\/comments?post=19956"}],"version-history":[{"count":0,"href":"https:\/\/grandepremio.com\/es\/wp-json\/wp\/v2\/posts\/19956\/revisions"}],"wp:featuredmedia":[{"embeddable":true,"href":"https:\/\/grandepremio.com\/es\/wp-json\/wp\/v2\/media\/1010130312"}],"wp:attachment":[{"href":"https:\/\/grandepremio.com\/es\/wp-json\/wp\/v2\/media?parent=19956"}],"wp:term":[{"taxonomy":"category","embeddable":true,"href":"https:\/\/grandepremio.com\/es\/wp-json\/wp\/v2\/categories?post=19956"},{"taxonomy":"post_tag","embeddable":true,"href":"https:\/\/grandepremio.com\/es\/wp-json\/wp\/v2\/tags?post=19956"},{"taxonomy":"42wp_author","embeddable":true,"href":"https:\/\/grandepremio.com\/es\/wp-json\/wp\/v2\/42wp_author?post=19956"}],"curies":[{"name":"wp","href":"https:\/\/api.w.org\/{rel}","templated":true}]}}