{"id":19963,"date":"2023-03-08T12:08:47","date_gmt":"2023-03-08T15:08:47","guid":{"rendered":"https:\/\/grandepremio.com\/es\/2023\/03\/08\/formula-1-alpine-defiende-a-ocon-sanciones-bahrein-f1\/"},"modified":"2023-03-08T12:08:49","modified_gmt":"2023-03-08T15:08:49","slug":"formula-1-alpine-defiende-a-ocon-sanciones-bahrein-f1","status":"publish","type":"post","link":"https:\/\/grandepremio.com\/es\/f1\/formula-1-alpine-defiende-a-ocon-sanciones-bahrein-f1\/","title":{"rendered":"Alpine defiende a Ocon por sanci\u00f3n en Bahrein y confirma &#8220;falla del sistema&#8221; en boxes"},"content":{"rendered":"\n<p class=\"wp-block-paragraph\"><strong>Esteban Ocon<\/strong> cometi\u00f3 una serie de errores durante el <strong><a href=\"https:\/\/grandepremio.com\/es\/\/f1\/max-verstappen-videogp-bahrein-formula-1\/\">GP de Bahrein<\/a><\/strong> por los que fue <strong>sancionado tres veces<\/strong>. A ra\u00edz de estos inconvenientes, <strong>Otmar Szafnauer<\/strong> sali\u00f3 en defensa de su piloto en la conferencia post carrera. <strong><a href=\"https:\/\/grandepremio.com\/es\/\/f1\/esteban-ocon-reclama-penalizaciones-bahrein\/\">Las penalizaciones<\/a> sumaron 15s<\/strong> de recargo e hicieron que el franc\u00e9s igualara el no tan c\u00e9lebre r\u00e9cord de Pastor Maldonado en Hungr\u00eda 2015 de sanciones en una misma carrera.<\/p>\n\n\n\n<p class=\"wp-block-paragraph\">El primer error ocurri\u00f3 en la largada, ya que la Direcci\u00f3n de carrera consider\u00f3 que <strong><a href=\"https:\/\/grandepremio.com\/es\/\/?s=esteban+ocon\">Ocon<\/a> se aline\u00f3 con su neum\u00e1tico delantero derecha fuera del caj\u00f3n de salida<\/strong>, por lo que fue recargado con 5s. El segundo error ocurri\u00f3 cuando el piloto de Alpine entr\u00f3 a los boxes para cumplir con la sanci\u00f3n y <strong>los mec\u00e1nicos del equipo retocaron la boquilla del coche antes<\/strong> que se cumpliera el tiempo. <\/p>\n\n\n\n<p class=\"wp-block-paragraph\">La tercera penalizaci\u00f3n fue a partir del error de los mec\u00e1nicos. Ocon pas\u00f3 nuevamente por boxes <strong>para recargar 10s<\/strong> en total <strong>pero super\u00f3 el l\u00edmite de velocidad permitido de 80km\/h<\/strong>, lo que le vali\u00f3 otros 5s de penalizaci\u00f3n.<\/p>\n\n\n\n<p class=\"wp-block-paragraph\"><strong><strong>\u00a1Conoce el canal de Grande Pr\u00eamio en Espa\u00f1ol en\u00a0<a href=\"https:\/\/www.youtube.com\/channel\/UCDxWojGVUi9gWYhrY0pGbIQ\" target=\"_blank\" rel=\"noreferrer noopener\">YouTube<\/a>!<br>\u00a1Sigue a\u00a0Grande Pr\u00eamio en Espa\u00f1ol\u00a0en\u00a0<a href=\"https:\/\/twitter.com\/grandepremioES\" target=\"_blank\" rel=\"noreferrer noopener\">Twitter\u00a0<\/a>y en\u00a0<a href=\"https:\/\/www.instagram.com\/grandepremioes\/\" target=\"_blank\" rel=\"noreferrer noopener\">Instagram<\/a>!<\/strong><\/strong><\/p>\n\n\n\n<figure class=\"wp-block-image size-full\"><img decoding=\"async\" src=\"https:\/\/www.grandepremio.com\/br\/wp-content\/uploads\/2022\/05\/Otmar.jpg\" alt=\"\" class=\"wp-image-568721\"\/><figcaption class=\"wp-element-caption\">Otmar Szafnauer lament\u00f3 los inconvenientes que pas\u00f3 Alpine en la primera fecha del campeonato (Foto: F1)<\/figcaption><\/figure>\n\n\n\n<p class=\"wp-block-paragraph\">En declaraciones a la prensa, <strong>Szafnauer<\/strong> sali\u00f3 en defensa de <strong><a href=\"https:\/\/grandepremio.com\/es\/\/?s=Alpine\">Alpine<\/a><\/strong> respecto al error en el recuento del tiempo en boxes y lo atribuy\u00f3 a una <strong>falla en la configuraci\u00f3n del sistema<\/strong> utilizado por el equipo. &#8220;Tenemos un sistema que hace la cuenta atr\u00e1s en la radio de los mec\u00e1nicos. <strong>El sistema inici\u00f3 la cuenta regresiva 0s4 segundos antes<\/strong>, as\u00ed que tenemos que revisar por qu\u00e9 ocurri\u00f3 eso&#8221;, justific\u00f3 el rumano.<\/p>\n\n\n\n<p class=\"wp-block-paragraph\">En cuanto a la sanci\u00f3n en la salida, <strong>Szafnauer<\/strong> defendi\u00f3 a su piloto: &#8220;aprender\u00e1 de ello&#8221;. Sobre el error en el pit lane, el jefe de Alpine <strong>admiti\u00f3 que fue culpa de Ocon<\/strong>. &#8220;El coche tiene un limitador de velocidad en boxes, y cuando el piloto cree que est\u00e1 fuera del pit-lane pulsa un bot\u00f3n que hace que el limitador despegue y salgas. Si sales un poco antes de tiempo tendr\u00e1s problemas&#8221;, explic\u00f3.<\/p>\n\n\n\n<figure class=\"wp-block-image size-large\"><img decoding=\"async\" src=\"https:\/\/www.grandepremio.com\/br\/wp-content\/uploads\/2023\/03\/alpine-estebanocon-01-3-1024x683.jpg\" alt=\"\" class=\"wp-image-658707\"\/><figcaption class=\"wp-element-caption\">Ocon abandonou a corrida lamentando bastante as puni\u00e7\u00f5es em sequ\u00eancia (Foto: Alpine)<\/figcaption><\/figure>\n\n\n\n<p class=\"wp-block-paragraph\">Fue un fin de semana lleno de problemas para <strong>Alpine<\/strong>, con <strong>Pierre Gasly<\/strong> saliendo \u00faltimo y <strong>Esteban Ocon<\/strong> <a href=\"https:\/\/grandepremio.com\/es\/\/f1\/esteban-ocon-tres-sanciones-record-pastor-maldonado\/\">sufriendo sanciones<\/a>. Por eso, el equipo no pudo hacer una evaluaci\u00f3n concluyente del nivel del coche en comparaci\u00f3n con los dem\u00e1s. El an\u00e1lisis podr\u00e1 ser posible en las pr\u00f3ximas carreras, ya que <strong>el equipo espera no repetir los errores cometidos en Bahrein<\/strong>.<\/p>\n\n\n\n<p class=\"wp-block-paragraph\">&#8220;Esteban tuvo todos los problemas de los que hablamos. Pierre se qued\u00f3 atascado en la 19\u00aa posici\u00f3n durante un rato en la largada. As\u00ed que <strong>miro los tiempos por vuelta y no son concluyentes<\/strong>. Si ves una carrera, en el mismo coche, y comparas los pilotos que est\u00e1n delante y los que est\u00e1n detr\u00e1s puedes tener 2s de diferencia por vuelta s\u00f3lo por el lugar en el que corres&#8221;, finaliz\u00f3 <strong>Szafnauer<\/strong>.<\/p>\n\n\n\n<p class=\"wp-block-paragraph\">La pr\u00f3xima cita de la <strong>F\u00f3rmula 1<\/strong> tendr\u00e1 lugar en menos de dos semanas. M\u00e1s precisamente en el <strong>GP de Arabia Saudita<\/strong> que se celebrar\u00e1 entre el <strong>17 y el 19 de marzo<\/strong> en <strong>Yeddah<\/strong>.<\/p>\n","protected":false},"excerpt":{"rendered":"<p>El jefe de los Alpine, Otmar Szafnauer, defendi\u00f3 a su piiloto Esteban Ocon. Adem\u00e1s sostuvo que el franc\u00e9s aprender\u00e1 de los errores y se\u00f1al\u00f3 un fallo en el sistema de cuenta regresiva. <\/p>\n","protected":false},"author":0,"featured_media":1010130267,"comment_status":"closed","ping_status":"closed","sticky":false,"template":"","format":"standard","meta":{"42wp_featured_image_caption":"","42wp_featured_image_credits":"","42wp_featured_video":"","42wp_featured_image_hidden":false,"42wp_authors_list":[],"footnotes":""},"categories":[5],"tags":[678,5798,362,181,1676,179,1488,3438,2237],"42wp_author":[14235],"class_list":["post-19963","post","type-post","status-publish","format-standard","has-post-thumbnail","hentry","category-f1","tag-alpine","tag-bahrein-f1-2023","tag-esteban-ocon","tag-f1","tag-f1-2023","tag-formula-1","tag-grande-premio","tag-grande-premio-en-espanol","tag-grandepremio","42wp_author-barbara-mincioni"],"_links":{"self":[{"href":"https:\/\/grandepremio.com\/es\/wp-json\/wp\/v2\/posts\/19963","targetHints":{"allow":["GET"]}}],"collection":[{"href":"https:\/\/grandepremio.com\/es\/wp-json\/wp\/v2\/posts"}],"about":[{"href":"https:\/\/grandepremio.com\/es\/wp-json\/wp\/v2\/types\/post"}],"replies":[{"embeddable":true,"href":"https:\/\/grandepremio.com\/es\/wp-json\/wp\/v2\/comments?post=19963"}],"version-history":[{"count":0,"href":"https:\/\/grandepremio.com\/es\/wp-json\/wp\/v2\/posts\/19963\/revisions"}],"wp:featuredmedia":[{"embeddable":true,"href":"https:\/\/grandepremio.com\/es\/wp-json\/wp\/v2\/media\/1010130267"}],"wp:attachment":[{"href":"https:\/\/grandepremio.com\/es\/wp-json\/wp\/v2\/media?parent=19963"}],"wp:term":[{"taxonomy":"category","embeddable":true,"href":"https:\/\/grandepremio.com\/es\/wp-json\/wp\/v2\/categories?post=19963"},{"taxonomy":"post_tag","embeddable":true,"href":"https:\/\/grandepremio.com\/es\/wp-json\/wp\/v2\/tags?post=19963"},{"taxonomy":"42wp_author","embeddable":true,"href":"https:\/\/grandepremio.com\/es\/wp-json\/wp\/v2\/42wp_author?post=19963"}],"curies":[{"name":"wp","href":"https:\/\/api.w.org\/{rel}","templated":true}]}}