{"id":19981,"date":"2023-03-06T12:00:36","date_gmt":"2023-03-06T15:00:36","guid":{"rendered":"https:\/\/grandepremio.com\/es\/2023\/03\/06\/pato-o-ward-averia-victoria-st-pete\/"},"modified":"2023-03-06T12:00:39","modified_gmt":"2023-03-06T15:00:39","slug":"pato-o-ward-averia-victoria-st-pete","status":"publish","type":"post","link":"https:\/\/grandepremio.com\/es\/indy\/pato-o-ward-averia-victoria-st-pete\/","title":{"rendered":"O&#8217;Ward revela que una aver\u00eda le arrebat\u00f3 la victoria en St. Pete: &#8220;Siempre hay algo&#8221;"},"content":{"rendered":"\n<p class=\"wp-block-paragraph\">Una vez m\u00e1s, el mexicano Pato O&#8217;Ward termin\u00f3 una carrera con la sensaci\u00f3n de que podr\u00eda haber logrado algo mejor. En <a href=\"https:\/\/grandepremio.com\/es\/\/indy\/indy-car-triunfo-de-ericsson-st-pete-canapino-12\/\">el GP de St. Pete<\/a>, el domingo, el piloto de McLaren se puso en cabeza a falta de 21 vueltas, pero a tres giros del final tuvo problemas mec\u00e1nicos y fue superado por Marcus Ericsson, de Ganassi, que se llev\u00f3 la victoria.<\/p>\n\n\n\n<p class=\"wp-block-paragraph\">En su entrevista posterior a la carrera con la cadena estadounidense NBCSN, Pato ten\u00eda el ce\u00f1o fruncido, visiblemente decepcionado porque el primer puesto se le hab\u00eda escapado de las manos. No s\u00f3lo estaba triste por lo ocurrido, sino que tambi\u00e9n se quejaba de su propia suerte: &#8220;Hoy lo hemos hecho todo bien. Siempre hay algo\u2026&#8221;.<\/p>\n\n\n\n<p class=\"wp-block-paragraph\">&#8220;Los chicos se merec\u00edan [que gan\u00e1ramos]. Creo que estamos un paso por delante del a\u00f1o pasado, hemos mejorado. Pero despu\u00e9s de lo de hoy s\u00f3lo tenemos un camino: no podemos seguir permitiendo que esto ocurra&#8221;, lament\u00f3 O&#8217;Ward.<\/p>\n\n\n\n<p class=\"wp-block-paragraph\"><strong><strong><strong>\u00a1Conoce el canal de Grande Pr\u00eamio en Espa\u00f1ol en\u00a0<a href=\"https:\/\/www.youtube.com\/channel\/UCDxWojGVUi9gWYhrY0pGbIQ\" target=\"_blank\" rel=\"noreferrer noopener\">YouTube<\/a>!<br>\u00a1Sigue a\u00a0Grande Pr\u00eamio en Espa\u00f1ol\u00a0en\u00a0<a href=\"https:\/\/twitter.com\/grandepremioES\" target=\"_blank\" rel=\"noreferrer noopener\">Twitter\u00a0<\/a>y en\u00a0<a href=\"https:\/\/www.instagram.com\/grandepremioes\/\" target=\"_blank\" rel=\"noreferrer noopener\">Instagram<\/a>!<\/strong><\/strong><\/strong><\/p>\n\n\n\n<figure class=\"wp-block-image size-large\"><img decoding=\"async\" src=\"https:\/\/www.grandepremio.com\/br\/wp-content\/uploads\/2023\/03\/INDY-2023-ST.-PETE-SEXTA-FEIRA-MCLAREN-PATO-OWARD-1024x683.jpg\" alt=\"INDY 2023, ST. PETE, SEXTA-FEIRA, MCLAREN, PATO O'WARD\" class=\"wp-image-658133\"\/><figcaption class=\"wp-element-caption\">Pato O&#8217;Ward perdi\u00f3 la victoria al final (Foto: James Black\/IndyCar Series)<\/figcaption><\/figure>\n\n\n\n<p class=\"wp-block-paragraph\"><strong>VER TAMBI\u00c9N<br><a href=\"https:\/\/grandepremio.com\/es\/\/indy\/agustin-canapino-debut-12-juncos-indy\/\">Canapino celebra 12\u00b0 puesto en debut en Indy con Juncos: \u00abEs una emoci\u00f3n gigante\u00bb<\/a><br><a href=\"https:\/\/grandepremio.com\/es\/\/f1\/pato-oward-seria-primero-agarrar-chance-formula-1\/\">O\u2019Ward dice adorar Indy, pero admite que \u00abser\u00eda el primero a agarrar\u00bb posible chance en F1<\/a><\/strong><\/p>\n\n\n\n<p class=\"wp-block-paragraph\">Poco despu\u00e9s de las declaraciones, el mexicano explic\u00f3 que se produjo una parada de uno de los m\u00f3dulos del motor, en el momento en que fue adelantado por Ericsson. A la pregunta de si esto ocurri\u00f3 &#8220;de la nada&#8221;, lo confirm\u00f3.<\/p>\n\n\n\n<p class=\"wp-block-paragraph\">O&#8217;Ward es segundo en la clasificaci\u00f3n de la Indy con 41 puntos, s\u00f3lo por detr\u00e1s de Ericsson, con 51, y por delante de Scott Dixon, de Ganassi, con 36. La pr\u00f3xima prueba de la Indy tendr\u00e1 lugar el 2 de abril, en el circuito oval de Texas, en la ciudad de Fort Worth.<\/p>\n\n\n\n<figure class=\"wp-block-embed is-type-video is-provider-youtube wp-block-embed-youtube wp-embed-aspect-16-9 wp-has-aspect-ratio\"><div class=\"wp-block-embed__wrapper\">\n<iframe loading=\"lazy\" title=\"La IndyCar es cada vez m\u00e1s internacional: \u00bfpor qu\u00e9 la eligen los pilotos?\" width=\"500\" height=\"281\" src=\"https:\/\/www.youtube.com\/embed\/df3SICAY36k?feature=oembed\" frameborder=\"0\" allow=\"accelerometer; autoplay; clipboard-write; encrypted-media; gyroscope; picture-in-picture; web-share\" referrerpolicy=\"strict-origin-when-cross-origin\" allowfullscreen><\/iframe>\n<\/div><figcaption class=\"wp-element-caption\">La IndyCar es cada vez m\u00e1s internacional: \u00bfpor qu\u00e9 la eligen los pilotos?<\/figcaption><\/figure>\n","protected":false},"excerpt":{"rendered":"<p>En una entrevista, Pato O&#8217;Ward mostr\u00f3 su frustraci\u00f3n por haber perdido el liderato en la antepen\u00faltima vuelta y dijo que tuvo un problema mec\u00e1nico con el motor.<\/p>\n","protected":false},"author":0,"featured_media":1010129459,"comment_status":"closed","ping_status":"closed","sticky":false,"template":"","format":"standard","meta":{"42wp_featured_image_caption":"","42wp_featured_image_credits":"","42wp_featured_video":"","42wp_featured_image_hidden":false,"42wp_authors_list":[],"footnotes":""},"categories":[7],"tags":[2247,987,5346,1488,2237,925,310,2549,1532,269,1419,973],"42wp_author":[14234],"class_list":["post-19981","post","type-post","status-publish","format-standard","has-post-thumbnail","hentry","category-indy","tag-formula-indy","tag-ganassi","tag-gp-de-st-pete","tag-grande-premio","tag-grandepremio","tag-indy","tag-indycar","tag-indycar-2023","tag-marcus-ericsson","tag-mclaren","tag-pato-oward","tag-scott-dixon","42wp_author-douglas-rocha"],"_links":{"self":[{"href":"https:\/\/grandepremio.com\/es\/wp-json\/wp\/v2\/posts\/19981","targetHints":{"allow":["GET"]}}],"collection":[{"href":"https:\/\/grandepremio.com\/es\/wp-json\/wp\/v2\/posts"}],"about":[{"href":"https:\/\/grandepremio.com\/es\/wp-json\/wp\/v2\/types\/post"}],"replies":[{"embeddable":true,"href":"https:\/\/grandepremio.com\/es\/wp-json\/wp\/v2\/comments?post=19981"}],"version-history":[{"count":0,"href":"https:\/\/grandepremio.com\/es\/wp-json\/wp\/v2\/posts\/19981\/revisions"}],"wp:featuredmedia":[{"embeddable":true,"href":"https:\/\/grandepremio.com\/es\/wp-json\/wp\/v2\/media\/1010129459"}],"wp:attachment":[{"href":"https:\/\/grandepremio.com\/es\/wp-json\/wp\/v2\/media?parent=19981"}],"wp:term":[{"taxonomy":"category","embeddable":true,"href":"https:\/\/grandepremio.com\/es\/wp-json\/wp\/v2\/categories?post=19981"},{"taxonomy":"post_tag","embeddable":true,"href":"https:\/\/grandepremio.com\/es\/wp-json\/wp\/v2\/tags?post=19981"},{"taxonomy":"42wp_author","embeddable":true,"href":"https:\/\/grandepremio.com\/es\/wp-json\/wp\/v2\/42wp_author?post=19981"}],"curies":[{"name":"wp","href":"https:\/\/api.w.org\/{rel}","templated":true}]}}