{"id":19986,"date":"2023-03-06T08:57:01","date_gmt":"2023-03-06T11:57:01","guid":{"rendered":"https:\/\/grandepremio.com\/es\/2023\/03\/06\/vr46-decoracion-motos-luca-marini-marco-bezzecchi-2023\/"},"modified":"2023-03-06T09:20:25","modified_gmt":"2023-03-06T12:20:25","slug":"vr46-decoracion-motos-luca-marini-marco-bezzecchi-2023","status":"publish","type":"post","link":"https:\/\/grandepremio.com\/es\/motogp\/vr46-decoracion-motos-luca-marini-marco-bezzecchi-2023\/","title":{"rendered":"VR46 revela la decoraci\u00f3n de las motos de Marini y Bezzecchi para MotoGP 2023"},"content":{"rendered":"\n<p class=\"wp-block-paragraph\">La temporada de presentaciones de las motos de 2023 contin\u00faa en <a href=\"https:\/\/grandepremio.com\/es\/\/motogp\/\" target=\"_blank\" rel=\"noreferrer noopener\">MotoGP<\/a>. Despu\u00e9s de<strong> Yamaha, Gresini, Ducati, Pramac, KTM, Honda y GasGas Tech3<\/strong>, <strong>VR46 <\/strong>aprovech\u00f3 el lunes para mostrar las motos con las que <strong>Luca Marini<\/strong> y <strong>Marco Bezzecchi<\/strong> competir\u00e1n en el campeonato de este a\u00f1o.<\/p>\n\n\n\n<p class=\"wp-block-paragraph\">El dise\u00f1o sigue la l\u00ednea del a\u00f1o pasado, mezclando los colores negro y amarillo, pero esta vez el amarillo est\u00e1 m\u00e1s presente, ya que las rayas de los laterales de la <strong>Ducati Desmosedici GP22 <\/strong>son m\u00e1s gruesas. Adem\u00e1s, la nueva versi\u00f3n no lleva los n\u00fameros de los pilotos impresos en la parte trasera de la moto.<\/p>\n\n\n\n<p class=\"wp-block-paragraph\">La presentaci\u00f3n se realiz\u00f3 a trav\u00e9s de un v\u00eddeo grabado y difundido en las redes sociales, en el que se destacaban todos los patrocinadores del equipo, y se transmit\u00eda la idea de que la pintura de la moto se hab\u00eda realizado mediante el dibujo de un ni\u00f1o. Dirigiendo el v\u00eddeo estaba el propio <strong>Valentino Rossi<\/strong>, que aparec\u00eda coordinando las tomas con los pilotos.<\/p>\n\n\n\n<p class=\"wp-block-paragraph\"><strong>\u00a1Conoce el canal de Grande Pr\u00eamio en Espa\u00f1ol en\u00a0<a href=\"https:\/\/www.youtube.com\/channel\/UCDxWojGVUi9gWYhrY0pGbIQ\" target=\"_blank\" rel=\"noreferrer noopener\">YouTube<\/a>!<br>\u00a1Sigue a\u00a0Grande Pr\u00eamio en Espa\u00f1ol\u00a0en\u00a0<a href=\"https:\/\/twitter.com\/grandepremioES\" target=\"_blank\" rel=\"noreferrer noopener\">Twitter\u00a0<\/a>y en\u00a0<a href=\"https:\/\/www.instagram.com\/grandepremioes\/\" target=\"_blank\" rel=\"noreferrer noopener\">Instagram<\/a>!<\/strong><\/p>\n\n\n\n<figure class=\"wp-block-image size-large\"><img decoding=\"async\" src=\"https:\/\/www.grandepremio.com\/br\/wp-content\/uploads\/2023\/03\/MotoGP-2023-VR46-Marco-Bezzecchi-Luca-Marini-1024x668.jpg\" alt=\"\" class=\"wp-image-659158\"\/><figcaption class=\"wp-element-caption\">Marco Bezzecchi y Luca Marini siguen con el VR46 en 2023 (Foto; VR46)<\/figcaption><\/figure>\n\n\n\n<p class=\"wp-block-paragraph\">&#8220;Creo que la moto negra es muy bonita, m\u00e1s agresiva&#8221;, coment\u00f3 <strong>Bezzecchi<\/strong>.<\/p>\n\n\n\n<p class=\"wp-block-paragraph\">&#8220;Estoy de acuerdo&#8221;, dijo <strong>Marini<\/strong>. &#8220;Me gusta el negro por la placa del n\u00famero delantero y los detalles con las rayas en la toma de aire&#8221;, sigui\u00f3.<\/p>\n\n\n\n<p class=\"wp-block-paragraph\">A diferencia del a\u00f1o pasado, cuando <strong>Marini <\/strong>ten\u00eda una moto de ese a\u00f1o y <strong>Bezzecchi <\/strong>una versi\u00f3n difunta del prototipo italiano, esta vez los dos pilotos est\u00e1n en igualdad de condiciones, pero con la moto campeona del mundo. Es decir, no es la misma versi\u00f3n que utiliz\u00f3 <strong>Luca<\/strong>, sino la moto que utilizaron <strong>Francesco Bagnaia<\/strong> y <strong>Jack Miller<\/strong>, con un motor diferente al que <strong>Ducati <\/strong>hab\u00eda previsto inicialmente para la <strong>GP22<\/strong>.<\/p>\n\n\n\n<p class=\"wp-block-paragraph\">El cambio no refleja un descontento del conjunto bolo\u00f1\u00e9s con el equipo de <strong>Tavullia<\/strong>, sino un cambio de filosof\u00eda, ya que s\u00f3lo el equipo oficial y <strong>Pramac <\/strong>tendr\u00e1n las m\u00e1quinas de 2023. Los dem\u00e1s equipos sat\u00e9lite se quedan con la versi\u00f3n del a\u00f1o pasado.<\/p>\n\n\n\n<p class=\"wp-block-paragraph\"><strong>VR46 <\/strong>cerr\u00f3 su temporada de debut en <strong>MotoGP <\/strong>lleno de motivos para celebrar. La escuadra italiana logr\u00f3 el sexto puesto en el Campeonato del Mundo por Equipos, por delante del gigante <strong>Honda <\/strong>y tambi\u00e9n de veteranos como <strong>LCR <\/strong>y <strong>Tech3<\/strong>.<\/p>\n\n\n\n<p class=\"wp-block-paragraph\">Adem\u00e1s, <strong>Marini <\/strong>cerr\u00f3 el campeonato con el 12\u00ba puesto en el Mundial de Pilotos, con <strong>Bezzecchi<\/strong> asegur\u00e1ndose la etiqueta de mejor debutante y el 14\u00ba puesto en la tabla.<\/p>\n\n\n\n<p class=\"wp-block-paragraph\">De cara a 2023, <strong>Luca <\/strong>est\u00e1 m\u00e1s que satisfecho, ya que lider\u00f3 los test de <strong>Valencia <\/strong>y <strong>Malasia<\/strong>. El hermano de <strong>Rossi <\/strong>estaba tan satisfecho con la moto que aprovech\u00f3 el paso por <strong>Sepang <\/strong>para probar incluso adelantamientos imaginarios.<\/p>\n\n\n\n<p class=\"wp-block-paragraph\">Yendo al segundo a\u00f1o en la categor\u00eda, <strong>VR46 <\/strong>est\u00e1 ahora probando altos vuelos, aprovechando la fuerza de la buena moto que tiene entre manos. Pero todo ello mientras es objetivo del inter\u00e9s de <strong>Yamaha<\/strong>, que busca un equipo sat\u00e9lite para 2024. El contrato del equipo de <strong>Rossi <\/strong>con <strong>Ducati<\/strong>, sin embargo, tambi\u00e9n es v\u00e1lido para el pr\u00f3ximo a\u00f1o.<\/p>\n","protected":false},"excerpt":{"rendered":"<p>El equipo de Valentino Rossi ha abierto la semana desvelando la decoraci\u00f3n de las Ducati de Luca Marini y Marco Bezzecchi para el campeonato de 2023. A diferencia del a\u00f1o pasado, los dos pilotos tendr\u00e1n el mismo prototipo, la Desmosedici GP22.<\/p>\n","protected":false},"author":0,"featured_media":1010129558,"comment_status":"closed","ping_status":"closed","sticky":false,"template":"","format":"standard","meta":{"42wp_featured_image_caption":"","42wp_featured_image_credits":"","42wp_featured_video":"","42wp_featured_image_hidden":false,"42wp_authors_list":[],"footnotes":""},"categories":[8],"tags":[2188,1340,2236,3438,2237,6011,1293,2657,1764,1295,1296],"42wp_author":[14233],"class_list":["post-19986","post","type-post","status-publish","format-standard","has-post-thumbnail","hentry","category-motogp","tag-desmosedici-gp22","tag-ducati","tag-grande-premio-2","tag-grande-premio-en-espanol","tag-grandepremio","tag-marco-bezzecchi-luca-marini","tag-motogp","tag-motogp-2023","tag-mundial-de-motociclismo","tag-valentino-rossi","tag-vr46","42wp_author-eric-calduch"],"_links":{"self":[{"href":"https:\/\/grandepremio.com\/es\/wp-json\/wp\/v2\/posts\/19986","targetHints":{"allow":["GET"]}}],"collection":[{"href":"https:\/\/grandepremio.com\/es\/wp-json\/wp\/v2\/posts"}],"about":[{"href":"https:\/\/grandepremio.com\/es\/wp-json\/wp\/v2\/types\/post"}],"replies":[{"embeddable":true,"href":"https:\/\/grandepremio.com\/es\/wp-json\/wp\/v2\/comments?post=19986"}],"version-history":[{"count":0,"href":"https:\/\/grandepremio.com\/es\/wp-json\/wp\/v2\/posts\/19986\/revisions"}],"wp:featuredmedia":[{"embeddable":true,"href":"https:\/\/grandepremio.com\/es\/wp-json\/wp\/v2\/media\/1010129558"}],"wp:attachment":[{"href":"https:\/\/grandepremio.com\/es\/wp-json\/wp\/v2\/media?parent=19986"}],"wp:term":[{"taxonomy":"category","embeddable":true,"href":"https:\/\/grandepremio.com\/es\/wp-json\/wp\/v2\/categories?post=19986"},{"taxonomy":"post_tag","embeddable":true,"href":"https:\/\/grandepremio.com\/es\/wp-json\/wp\/v2\/tags?post=19986"},{"taxonomy":"42wp_author","embeddable":true,"href":"https:\/\/grandepremio.com\/es\/wp-json\/wp\/v2\/42wp_author?post=19986"}],"curies":[{"name":"wp","href":"https:\/\/api.w.org\/{rel}","templated":true}]}}