{"id":19987,"date":"2023-03-05T19:29:34","date_gmt":"2023-03-05T22:29:34","guid":{"rendered":"https:\/\/grandepremio.com\/es\/2023\/03\/05\/george-russell-impotencia-falta-de-competitividade-mercedes-bahrein\/"},"modified":"2023-03-05T19:34:16","modified_gmt":"2023-03-05T22:34:16","slug":"george-russell-impotencia-falta-de-competitividade-mercedes-bahrein","status":"publish","type":"post","link":"https:\/\/grandepremio.com\/es\/f1\/george-russell-impotencia-falta-de-competitividade-mercedes-bahrein\/","title":{"rendered":"Russell expresa &#8220;impotencia&#8221; por la falta de competitividad de Mercedes en Bahrein"},"content":{"rendered":"\n<p class=\"wp-block-paragraph\">La <strong><a href=\"https:\/\/grandepremio.com\/es\/\/?s=f1+2023\">temporada 2023<\/a><\/strong> de <strong>F\u00f3rmula 1<\/strong> no empez\u00f3 como <strong>George Russell<\/strong> hubiera querido. A diferencia del a\u00f1o pasado en la que el ingl\u00e9s termin\u00f3 4\u00b0, este a\u00f1o no pas\u00f3 del <strong>s\u00e9ptimo puesto<\/strong> en la carrera. &#8220;Fue una competencia realmente dif\u00edcil&#8221;, declar\u00f3 a Sky Sports. &#8220;Queremos luchar por las victorias, no por estar entre los cinco primeros&#8221;. <\/p>\n\n\n\n<p class=\"wp-block-paragraph\">&#8220;Creo que obviamente <strong>tuvimos una buena batalla<\/strong> en los puntos, <strong>pero est\u00e1bamos abajo<\/strong> y <a href=\"https:\/\/grandepremio.com\/es\/\/f1\/mercedes-lamenta-nada-bueno-bahrein-red-bull-otro-planeta\/\">te sientes un poco impotente<\/a> cuando est\u00e1s rodando unas d\u00e9cimas m\u00e1s lento que los coches que te rodean&#8221;, agreg\u00f3 <strong><a href=\"https:\/\/grandepremio.com\/es\/\/?s=george+russel\">Russel<\/a><\/strong>.<\/p>\n\n\n\n<p class=\"wp-block-paragraph\">Adem\u00e1s de calificar a <strong>Aston Martin<\/strong> como &#8220;la sorpresa del a\u00f1o&#8221; y de ver a <strong>Red Bull<\/strong> <a href=\"https:\/\/grandepremio.com\/es\/\/f1\/max-verstappen-red-bull-bahrein-analisisgp-formula-1\/\">con una gran ventaja<\/a> por sobre <strong>Mercedes<\/strong>, el ingl\u00e9s revel\u00f3 su frustraci\u00f3n por no poder seguir el ritmo de sus principales rivales. &#8220;Haces todo lo posible por luchar contra ellos, pero <strong>no puedes seguirles el ritmo<\/strong>&#8220;, se lament\u00f3. &#8220;Creo que <strong><a href=\"https:\/\/grandepremio.com\/es\/\/f1\/fernando-alonso-segundo-mejor-coche-podio-irreal-bahrein\/\">Alonso<\/a> y <a href=\"https:\/\/grandepremio.com\/es\/\/f1\/lance-stroll-celebra-retorno-lagrimas-munecas-bahrein\/\">Stroll<\/a> eran realmente fuertes<\/strong> mientras que con <strong><a href=\"https:\/\/grandepremio.com\/es\/\/f1\/carlos-sainz-intento-todo-gp-bahrein\/\">Carlos Sainz <\/a><\/strong>est\u00e1bamos m\u00e1s cerca en t\u00e9rminos de rendimiento&#8221;, sentenci\u00f3.<\/p>\n\n\n\n<p class=\"wp-block-paragraph\"><strong>\u00a1Conoce el canal de Grande Pr\u00eamio en Espa\u00f1ol en\u00a0<a href=\"https:\/\/www.youtube.com\/channel\/UCDxWojGVUi9gWYhrY0pGbIQ\" target=\"_blank\" rel=\"noreferrer noopener\">YouTube<\/a>!<br>\u00a1Sigue a\u00a0Grande Pr\u00eamio en Espa\u00f1ol\u00a0en\u00a0<a href=\"https:\/\/twitter.com\/grandepremioES\" target=\"_blank\" rel=\"noreferrer noopener\">Twitter\u00a0<\/a>y en\u00a0<a href=\"https:\/\/www.instagram.com\/grandepremioes\/\" target=\"_blank\" rel=\"noreferrer noopener\">Instagram<\/a>!<\/strong><\/p>\n\n\n\n<figure class=\"wp-block-image size-large\"><img decoding=\"async\" src=\"https:\/\/www.grandepremio.com\/br\/wp-content\/uploads\/2023\/03\/mercedes-georgerussell-03-1024x683.jpg\" alt=\"\" class=\"wp-image-657980\"\/><figcaption class=\"wp-element-caption\">Russell lament\u00f3 su desempe\u00f1o en el GP de Bahrein (Foto: Mercedes)<\/figcaption><\/figure>\n\n\n\n<p class=\"wp-block-paragraph\"><strong>Russell <\/strong>tambi\u00e9n lament\u00f3 la largada, especialmente el hecho de que perdiera terreno en el duelo con <strong>Hamilton<\/strong>. &#8220;Creo que probablemente con una mejor salida y delante de Lewis, ya que ten\u00edamos una estrategia similar, <strong>habr\u00eda terminado quinto s\u00f3lo por la forma en que se desarroll\u00f3 la carrera<\/strong>&#8220;, sostuvo.<\/p>\n\n\n\n<p class=\"wp-block-paragraph\">Para empeorar las cosas, <strong>Russell<\/strong> cay\u00f3 hasta la s\u00e9ptima posici\u00f3n tras ser adelantado en la vuelta 13, un lugar en el que permaneci\u00f3 durante gran parte de la carrera, con ligeras variaciones en las sesiones de paradas en boxes.<\/p>\n\n\n\n<p class=\"wp-block-paragraph\">Para hacerse una idea de su desempe\u00f1o, en su mejor vuelta del domingo marc\u00f3 <strong>1&#8217;37.221<\/strong>, 3s225 m\u00e1s r\u00e1pido que la vuelta m\u00e1s r\u00e1pida de la carrera registrada por <strong>Guanyu Zhou<\/strong> de <strong><a href=\"https:\/\/grandepremio.com\/es\/\/?s=alfa+romeo\">Alfa Romeo<\/a><\/strong>. Russel s\u00f3lo tuvo una vuelta mejor que la de <strong>Valtteri Bottas<\/strong>, <strong>Nyck de Vries<\/strong> y <strong>Oscar Piastri<\/strong>.<\/p>\n\n\n\n<p class=\"wp-block-paragraph\">La <strong>temporada 2023<\/strong> de <strong>F\u00f3rmula 1<\/strong> se tomar\u00e1 un descanso el pr\u00f3ximo fin de semana, regresando el siguiente para el <strong>GP de Arabia Saudita<\/strong> el 19 de marzo.<\/p>\n","protected":false},"excerpt":{"rendered":"<p>George Russell no ocult\u00f3 su decepci\u00f3n al hablar de la falta de competitividad de Mercedes, especialmente en comparaci\u00f3n con Aston Martin y Red Bull.<\/p>\n","protected":false},"author":0,"featured_media":1010129389,"comment_status":"closed","ping_status":"closed","sticky":false,"template":"","format":"standard","meta":{"42wp_featured_image_caption":"","42wp_featured_image_credits":"","42wp_featured_video":"","42wp_featured_image_hidden":false,"42wp_authors_list":[],"footnotes":""},"categories":[5],"tags":[5798,5850,181,3318,179,253,1488,2237,197],"42wp_author":[14235],"class_list":["post-19987","post","type-post","status-publish","format-standard","has-post-thumbnail","hentry","category-f1","tag-bahrein-f1-2023","tag-bahrein-gp","tag-f1","tag-f2-2023","tag-formula-1","tag-george-russell","tag-grande-premio","tag-grandepremio","tag-mercedes","42wp_author-barbara-mincioni"],"_links":{"self":[{"href":"https:\/\/grandepremio.com\/es\/wp-json\/wp\/v2\/posts\/19987","targetHints":{"allow":["GET"]}}],"collection":[{"href":"https:\/\/grandepremio.com\/es\/wp-json\/wp\/v2\/posts"}],"about":[{"href":"https:\/\/grandepremio.com\/es\/wp-json\/wp\/v2\/types\/post"}],"replies":[{"embeddable":true,"href":"https:\/\/grandepremio.com\/es\/wp-json\/wp\/v2\/comments?post=19987"}],"version-history":[{"count":0,"href":"https:\/\/grandepremio.com\/es\/wp-json\/wp\/v2\/posts\/19987\/revisions"}],"wp:featuredmedia":[{"embeddable":true,"href":"https:\/\/grandepremio.com\/es\/wp-json\/wp\/v2\/media\/1010129389"}],"wp:attachment":[{"href":"https:\/\/grandepremio.com\/es\/wp-json\/wp\/v2\/media?parent=19987"}],"wp:term":[{"taxonomy":"category","embeddable":true,"href":"https:\/\/grandepremio.com\/es\/wp-json\/wp\/v2\/categories?post=19987"},{"taxonomy":"post_tag","embeddable":true,"href":"https:\/\/grandepremio.com\/es\/wp-json\/wp\/v2\/tags?post=19987"},{"taxonomy":"42wp_author","embeddable":true,"href":"https:\/\/grandepremio.com\/es\/wp-json\/wp\/v2\/42wp_author?post=19987"}],"curies":[{"name":"wp","href":"https:\/\/api.w.org\/{rel}","templated":true}]}}