{"id":20009,"date":"2023-03-04T18:38:14","date_gmt":"2023-03-04T21:38:14","guid":{"rendered":"https:\/\/grandepremio.com\/es\/2023\/03\/04\/formula-1-horner-celebra-primera-fila-de-red-bull-bahrein\/"},"modified":"2023-03-04T18:38:15","modified_gmt":"2023-03-04T21:38:15","slug":"formula-1-horner-celebra-primera-fila-de-red-bull-bahrein","status":"publish","type":"post","link":"https:\/\/grandepremio.com\/es\/f1\/formula-1-horner-celebra-primera-fila-de-red-bull-bahrein\/","title":{"rendered":"Red Bull celebra 1-2 de Verstappen y P\u00e9rez en Bahrein: &#8220;El mejor inicio posible&#8221;"},"content":{"rendered":"\n<p class=\"wp-block-paragraph\">Para los que optaron por centrarse en la puesta a punto para la carrera, hacer un doblete en clasificaci\u00f3n en <strong><a href=\"https:\/\/grandepremio.com\/es\/\/?s=bahrein+2023\">Bahrein<\/a><\/strong> es superar las expectativas. \u00c9ste fue la primera sensaci\u00f3n del jefe de <strong>Red Bull<\/strong> <strong><a href=\"https:\/\/grandepremio.com\/es\/\/?s=christian+horner\">Christian Horner <\/a><\/strong>despu\u00e9s de ver a <strong>Max Verstappen<\/strong> cosechar <a href=\"https:\/\/grandepremio.com\/es\/\/f1\/max-verstappen-clasificacion-gp-bahrein\/\">otra pole en su carrera<\/a> (la 21\u00aa) con <strong>Sergio P\u00e9rez<\/strong> en segundo lugar.<\/p>\n\n\n\n<p class=\"wp-block-paragraph\"><strong>Horner<\/strong> valor\u00f3 el resultado como &#8220;<strong>un gran comienzo de temporada<\/strong>&#8221; destacando la alta competitividad que se vio entre los pilotos en el trazado de Sakhir. &#8220;Termin\u00f3 siendo <strong>una clasificaci\u00f3n muy disputada<\/strong>&#8220;, valor\u00f3 el ingl\u00e9s. &#8220;Ambos consiguieron llegar a la <strong>Q3<\/strong> con dos juegos de neum\u00e1ticos blandos disponibles&#8221;, a\u00f1adi\u00f3.<\/p>\n\n\n\n<p class=\"wp-block-paragraph\"><strong><strong><strong>\u00a1Conoce el canal de Grande Pr\u00eamio en Espa\u00f1ol en\u00a0<a href=\"https:\/\/www.youtube.com\/channel\/UCDxWojGVUi9gWYhrY0pGbIQ\" target=\"_blank\" rel=\"noreferrer noopener\">YouTube<\/a>!<br>\u00a1Sigue a\u00a0Grande Pr\u00eamio en Espa\u00f1ol\u00a0en\u00a0<a href=\"https:\/\/twitter.com\/grandepremioES\" target=\"_blank\" rel=\"noreferrer noopener\">Twitter\u00a0<\/a>y en\u00a0<a href=\"https:\/\/www.instagram.com\/grandepremioes\/\" target=\"_blank\" rel=\"noreferrer noopener\">Instagram<\/a>!<\/strong><\/strong><\/strong><\/p>\n\n\n\n<figure class=\"wp-block-image size-large\"><img decoding=\"async\" src=\"https:\/\/www.grandepremio.com\/br\/wp-content\/uploads\/2023\/03\/redbull-sergioperez-05-2-1024x625.jpg\" alt=\"\" class=\"wp-image-658226\"\/><figcaption class=\"wp-element-caption\">Sergio P\u00e9rez divide primeira fila com Verstappen no Bahrein (Foto: Red Bull Content Pool)<\/figcaption><\/figure>\n\n\n\n<p class=\"wp-block-paragraph\">&#8220;<a href=\"https:\/\/grandepremio.com\/es\/\/f1\/max-verstappen-dificultades-entrenamientos-sorprendido-pole\/\">Conseguir la primera fila de largada<\/a> es <strong>la mejor salida posible<\/strong> para la carrera de ma\u00f1ana. Los puntos est\u00e1n el domingo y como sabemos del a\u00f1o pasado, es importante terminar&#8221;, sostuvo.<\/p>\n\n\n\n<p class=\"wp-block-paragraph\">El jefe de <strong><a href=\"https:\/\/grandepremio.com\/es\/\/?s=red+bull\">Red Bull<\/a><\/strong> sabe muy bien de lo que habla ya que en 2022 empezaron con el pie izquierdo, con un <a href=\"https:\/\/grandepremio.com\/es\/\/f1\/christian-horner-pesadilla-abandonos-red-bull-bahrein\/\">doble abandono en la edici\u00f3n pasada<\/a> del <strong>GP de Bahrein<\/strong>. Por eso Horner celebra el logro de sus pilotos. &#8220;Como he dicho, <strong>es un gran comienzo para los pilotos<\/strong> y el equipo pero a\u00fan queda mucho trabajo por hacer para convertir estas excelentes posiciones en puntos ma\u00f1ana&#8221;, finaliz\u00f3. <\/p>\n","protected":false},"excerpt":{"rendered":"<p>Christian Horner reconoce que hay trabajo por hacer para que Max Verstappen y Sergio P\u00e9rez conviertan el 1-2 de largada en puntos en el GP de Bahrein.<\/p>\n","protected":false},"author":0,"featured_media":1010128793,"comment_status":"closed","ping_status":"closed","sticky":false,"template":"","format":"standard","meta":{"42wp_featured_image_caption":"","42wp_featured_image_credits":"","42wp_featured_video":"","42wp_featured_image_hidden":false,"42wp_authors_list":[],"footnotes":""},"categories":[5],"tags":[5798,1336,181,1676,179,1488,3438,2237,249,206,294],"42wp_author":[14235],"class_list":["post-20009","post","type-post","status-publish","format-standard","has-post-thumbnail","hentry","category-f1","tag-bahrein-f1-2023","tag-christian-horner","tag-f1","tag-f1-2023","tag-formula-1","tag-grande-premio","tag-grande-premio-en-espanol","tag-grandepremio","tag-max-verstappen","tag-red-bull","tag-sergio-perez","42wp_author-barbara-mincioni"],"_links":{"self":[{"href":"https:\/\/grandepremio.com\/es\/wp-json\/wp\/v2\/posts\/20009","targetHints":{"allow":["GET"]}}],"collection":[{"href":"https:\/\/grandepremio.com\/es\/wp-json\/wp\/v2\/posts"}],"about":[{"href":"https:\/\/grandepremio.com\/es\/wp-json\/wp\/v2\/types\/post"}],"replies":[{"embeddable":true,"href":"https:\/\/grandepremio.com\/es\/wp-json\/wp\/v2\/comments?post=20009"}],"version-history":[{"count":0,"href":"https:\/\/grandepremio.com\/es\/wp-json\/wp\/v2\/posts\/20009\/revisions"}],"wp:featuredmedia":[{"embeddable":true,"href":"https:\/\/grandepremio.com\/es\/wp-json\/wp\/v2\/media\/1010128793"}],"wp:attachment":[{"href":"https:\/\/grandepremio.com\/es\/wp-json\/wp\/v2\/media?parent=20009"}],"wp:term":[{"taxonomy":"category","embeddable":true,"href":"https:\/\/grandepremio.com\/es\/wp-json\/wp\/v2\/categories?post=20009"},{"taxonomy":"post_tag","embeddable":true,"href":"https:\/\/grandepremio.com\/es\/wp-json\/wp\/v2\/tags?post=20009"},{"taxonomy":"42wp_author","embeddable":true,"href":"https:\/\/grandepremio.com\/es\/wp-json\/wp\/v2\/42wp_author?post=20009"}],"curies":[{"name":"wp","href":"https:\/\/api.w.org\/{rel}","templated":true}]}}