{"id":20014,"date":"2023-03-04T17:05:47","date_gmt":"2023-03-04T20:05:47","guid":{"rendered":"https:\/\/grandepremio.com\/es\/2023\/03\/04\/mercedes-toto-wolff-lewis-hamilton-octocampeon\/"},"modified":"2023-03-04T17:05:49","modified_gmt":"2023-03-04T20:05:49","slug":"mercedes-toto-wolff-lewis-hamilton-octocampeon","status":"publish","type":"post","link":"https:\/\/grandepremio.com\/es\/f1\/mercedes-toto-wolff-lewis-hamilton-octocampeon\/","title":{"rendered":"Jefe de Mercedes promete &#8220;hacer todo lo posible&#8221; para que Hamilton sea octacampe\u00f3n"},"content":{"rendered":"\n<p class=\"wp-block-paragraph\"><strong>Mercedes<\/strong> s\u00f3lo tuvo que mostrar un atisbo de mejora en la clasificaci\u00f3n para el <strong>GP de Bahr\u00e9in<\/strong> para que  <strong>Toto Wolff<\/strong> muestre la firme intenci\u00f3n de que <strong>Lewis Hamilton<\/strong> gane su octavo t\u00edtulo mundial de <strong>F\u00f3rmula 1.<\/strong> El jefe de la escuder\u00eda alemana incluso asegur\u00f3 que es capaz de &#8220;empujar el coche en la pista&#8221; si es necesario.<\/p>\n\n\n\n<p class=\"wp-block-paragraph\">Despu\u00e9s de toda la pol\u00e9mica del desenlace de la temporada 2021, <a href=\"https:\/\/grandepremio.com\/es\/\/f1\/verstappen-logra-titulo-de-f1-en-definicion-dramatica-de-abu-dhabi\/\" target=\"_blank\" rel=\"noreferrer noopener\">que culmin\u00f3 con el primer t\u00edtulo de Max Verstappen<\/a>, Mercedes afront\u00f3 el a\u00f1o siguiente con la intenci\u00f3n de tomarse la revancha. Pero resulta que 2022 marc\u00f3 el inicio de un nuevo reglamento t\u00e9cnico en la F1, y los cambios hicieron retroceder al equipo alem\u00e1n a la posici\u00f3n de tercera fuerza de la parrilla.<\/p>\n\n\n\n<p class=\"wp-block-paragraph\"><strong><strong>\u00a1Conoce el canal de Grande Pr\u00eamio en Espa\u00f1ol en\u00a0<a href=\"https:\/\/www.youtube.com\/channel\/UCDxWojGVUi9gWYhrY0pGbIQ\" target=\"_blank\" rel=\"noreferrer noopener\">YouTube<\/a>!<br>\u00a1Sigue a\u00a0Grande Pr\u00eamio en Espa\u00f1ol\u00a0en\u00a0<a href=\"https:\/\/twitter.com\/grandepremioES\" target=\"_blank\" rel=\"noreferrer noopener\">Twitter\u00a0<\/a>y en\u00a0<a href=\"https:\/\/www.instagram.com\/grandepremioes\/\" target=\"_blank\" rel=\"noreferrer noopener\">Instagram<\/a>!<\/strong><\/strong><\/p>\n\n\n\n<figure class=\"wp-block-image size-large\"><img decoding=\"async\" src=\"https:\/\/www.grandepremio.com\/br\/wp-content\/uploads\/2023\/03\/mercedes-lewishamilton-afp-01-6-1024x683.jpg\" alt=\"\" class=\"wp-image-658237\"\/><figcaption class=\"wp-element-caption\">Lewis Hamilton largar\u00e1 s\u00e9ptimo en el GP de Bahrein (Foto: AFP) <\/figcaption><\/figure>\n\n\n\n<p class=\"wp-block-paragraph\">La pretemporada celebrada la semana pasada, sin embargo, mostr\u00f3 una mejora significativa del nuevo W14. Al menos el efecto rebote ya no genera un dolor de cabeza, y la clasificaci\u00f3n mostr\u00f3 a un Mercedes m\u00e1s cerca de <strong>Red Bull <\/strong>y <strong>Ferrari<\/strong> que el a\u00f1o pasado.<\/p>\n\n\n\n<p class=\"wp-block-paragraph\">&#8220;La diferencia no es tan rid\u00edcula, pero no estamos donde queremos estar&#8221;, comenz\u00f3 Wolff a Sky Sports. &#8220;Seguimos desarrollando el concepto y pensamos que ser\u00eda posible luchar por la pole, pero no ha sido el caso hoy&#8221;, lament\u00f3.<\/p>\n\n\n\n<figure class=\"wp-block-image size-large\"><img decoding=\"async\" src=\"https:\/\/grandepremio.com\/es\/\/wp-content\/uploads\/2023\/02\/M277122-1024x683.jpg\" alt=\"\" class=\"wp-image-123011\"\/><figcaption class=\"wp-element-caption\">Toto Wolff quiere que Mercedes le de el octavo t\u00edtulo de F\u00f3rmula 1 a Lewis Hamilton. (Foto: Steve Etherington\/Mercedes)<\/figcaption><\/figure>\n\n\n\n<p class=\"wp-block-paragraph\">&#8220;Esa es la diferencia (0s6), y eso es lo que necesitamos encontrar, o m\u00e1s, para ganar. Ambos [Hamilton y <strong>George Russell<\/strong>] no tuvieron vueltas limpias, pero no habr\u00eda cambios [en las posiciones]. Tendr\u00edamos potencial para adelantar a <strong>[Fernando] Alonso<\/strong> con ambos coches, pero ah\u00ed es donde estamos&#8221;, continu\u00f3 el directivo austr\u00edaco.<\/p>\n\n\n\n<p class=\"wp-block-paragraph\">Wolff destac\u00f3 entonces lo decididos que est\u00e1n en Mercedes a mejorar el rendimiento del W14. &#8220;Somos supercr\u00edticos con nosotros mismos y con lo que tenemos que conseguir. Estamos mir\u00e1ndolo todo para acertar con el concepto, deber\u00edamos haber reaccionado antes, y todas estas cosas. Todos en el equipo de ingenieros pensamos igual, s\u00f3lo tenemos que actuar juntos&#8221;.<\/p>\n\n\n\n<p class=\"wp-block-paragraph\">Toda esta concentraci\u00f3n, de hecho, s\u00f3lo tiene un motivo: revertir el resultado de 2021. &#8220;Conseguiremos el octavo t\u00edtulo para \u00e9l&#8221;, prometi\u00f3, refiri\u00e9ndose a Hamilton. &#8220;Tiene, en comparaci\u00f3n con Alonso, cuatro a\u00f1os menos, as\u00ed que s\u00f3lo tenemos que hacerlo. Incluso si tengo que empujarlo en la pista para que gane el octavo, har\u00e9 lo que haga falta&#8221;, remat\u00f3 Wolff.<\/p>\n","protected":false},"excerpt":{"rendered":"<p>Toto Wolff, jefe de Mercedes, afirm\u00f3 tras la clasificaci\u00f3n del GP de Bahr\u00e9in que intentar\u00e1 que Lewis Hamilton logre su octavo t\u00edtulo de F\u00f3rmula 1 aunque &#8220;deba empujarlo en la pista&#8221;. <\/p>\n","protected":false},"author":0,"featured_media":1010128733,"comment_status":"closed","ping_status":"closed","sticky":false,"template":"","format":"standard","meta":{"42wp_featured_image_caption":"","42wp_featured_image_credits":"","42wp_featured_video":"","42wp_featured_image_hidden":false,"42wp_authors_list":[],"footnotes":""},"categories":[5],"tags":[181,1676,185,179,2534,253,1096,1488,3438,2237,199,197,206,569],"42wp_author":[14223],"class_list":["post-20014","post","type-post","status-publish","format-standard","has-post-thumbnail","hentry","category-f1","tag-f1","tag-f1-2023","tag-ferrari","tag-formula-1","tag-formula-1-2023","tag-george-russell","tag-gp-de-bahrein","tag-grande-premio","tag-grande-premio-en-espanol","tag-grandepremio","tag-lewis-hamilton","tag-mercedes","tag-red-bull","tag-toto-wolff","42wp_author-esteban-nieto"],"_links":{"self":[{"href":"https:\/\/grandepremio.com\/es\/wp-json\/wp\/v2\/posts\/20014","targetHints":{"allow":["GET"]}}],"collection":[{"href":"https:\/\/grandepremio.com\/es\/wp-json\/wp\/v2\/posts"}],"about":[{"href":"https:\/\/grandepremio.com\/es\/wp-json\/wp\/v2\/types\/post"}],"replies":[{"embeddable":true,"href":"https:\/\/grandepremio.com\/es\/wp-json\/wp\/v2\/comments?post=20014"}],"version-history":[{"count":0,"href":"https:\/\/grandepremio.com\/es\/wp-json\/wp\/v2\/posts\/20014\/revisions"}],"wp:featuredmedia":[{"embeddable":true,"href":"https:\/\/grandepremio.com\/es\/wp-json\/wp\/v2\/media\/1010128733"}],"wp:attachment":[{"href":"https:\/\/grandepremio.com\/es\/wp-json\/wp\/v2\/media?parent=20014"}],"wp:term":[{"taxonomy":"category","embeddable":true,"href":"https:\/\/grandepremio.com\/es\/wp-json\/wp\/v2\/categories?post=20014"},{"taxonomy":"post_tag","embeddable":true,"href":"https:\/\/grandepremio.com\/es\/wp-json\/wp\/v2\/tags?post=20014"},{"taxonomy":"42wp_author","embeddable":true,"href":"https:\/\/grandepremio.com\/es\/wp-json\/wp\/v2\/42wp_author?post=20014"}],"curies":[{"name":"wp","href":"https:\/\/api.w.org\/{rel}","templated":true}]}}