{"id":20019,"date":"2023-03-04T14:30:15","date_gmt":"2023-03-04T17:30:15","guid":{"rendered":"https:\/\/grandepremio.com\/es\/2023\/03\/04\/max-verstappen-dificultades-entrenamientos-sorprendido-pole\/"},"modified":"2023-03-04T14:30:17","modified_gmt":"2023-03-04T17:30:17","slug":"max-verstappen-dificultades-entrenamientos-sorprendido-pole","status":"publish","type":"post","link":"https:\/\/grandepremio.com\/es\/f1\/max-verstappen-dificultades-entrenamientos-sorprendido-pole\/","title":{"rendered":"Verstappen cita dificultades de los libres y dice estar &#8220;sorprendido de estar en la pole&#8221;"},"content":{"rendered":"\n<p class=\"wp-block-paragraph\"><strong>Max Verstappen<\/strong> no se anda con rodeos. A la hora de clasificar para el <strong>GP de Bahr\u00e9in<\/strong>, este s\u00e1bado, el holand\u00e9s mostr\u00f3 toda la fuerza de <strong>Red Bull<\/strong> y, con 1min29s708, se asegur\u00f3 la pole en <strong>Sakhir<\/strong> con 0s138 de margen sobre Sergio P\u00e9rez, que logr\u00f3 un doblete para la escuder\u00eda de los energ\u00e9ticos. Los pilotos del equipo austr\u00edaco fueron los \u00fanicos pilotos por debajo de 1min30s en el circuito.<\/p>\n\n\n\n<p class=\"wp-block-paragraph\">Despu\u00e9s de la calificaci\u00f3n, Max se\u00f1al\u00f3 que tuvo dificultades a lo largo de los entrenamientos, pero evalu\u00f3 que el equipo consigui\u00f3 reunir todo lo mejor en el momento de la calificaci\u00f3n.<\/p>\n\n\n\n<figure class=\"wp-block-image size-large\"><img decoding=\"async\" src=\"https:\/\/www.grandepremio.com\/br\/wp-content\/uploads\/2023\/03\/redbull-maxverstappen-01-3-1024x683.jpg\" alt=\"\" class=\"wp-image-657984\"\/><figcaption class=\"wp-element-caption\">Max Verstappen revel\u00f3 que estaba sorprendido con su pole position (Foto: Red Bull Content Pool)<\/figcaption><\/figure>\n\n\n\n<p class=\"wp-block-paragraph\"><strong><strong><strong>\u00a1Conoce el canal de Grande Pr\u00eamio en Espa\u00f1ol en\u00a0<a href=\"https:\/\/www.youtube.com\/channel\/UCDxWojGVUi9gWYhrY0pGbIQ\" target=\"_blank\" rel=\"noreferrer noopener\">YouTube<\/a>!<br>\u00a1Sigue a\u00a0Grande Pr\u00eamio en Espa\u00f1ol\u00a0en\u00a0<a href=\"https:\/\/twitter.com\/grandepremioES\" target=\"_blank\" rel=\"noreferrer noopener\">Twitter\u00a0<\/a>y en\u00a0<a href=\"https:\/\/www.instagram.com\/grandepremioes\/\" target=\"_blank\" rel=\"noreferrer noopener\">Instagram<\/a>!<\/strong><\/strong><\/strong><\/p>\n\n\n\n<p class=\"wp-block-paragraph\">&#8220;Ayer fue un inicio de fin de semana un poco dif\u00edcil y hoy no he encontrado mucho mi ritmo, pero por suerte en la clasificaci\u00f3n hemos conseguido juntar las mejores cosas&#8221;, coment\u00f3 Verstappen. &#8220;Estoy muy contento de estar en la pole. Por todo el equipo, que viene del a\u00f1o pasado y una vez m\u00e1s tiene un coche tan fuerte, con <strong>Checo<\/strong> all\u00ed tambi\u00e9n&#8221;, sigui\u00f3.<\/p>\n\n\n\n<p class=\"wp-block-paragraph\">&#8220;Es incre\u00edble y estoy deseando que llegue ma\u00f1ana&#8221;, subray\u00f3.<\/p>\n\n\n\n<p class=\"wp-block-paragraph\">Aunque el resultado de este s\u00e1bado confirma sus impresiones de pretemporada, Verstappen espera ver c\u00f3mo avanza la competici\u00f3n a lo largo del campeonato. &#8220;A lo largo del a\u00f1o, veremos a todo el mundo mejorar su rendimiento y eso es lo bonito de la <strong>F\u00f3rmula 1<\/strong>&#8220;, afirm\u00f3.<\/p>\n\n\n\n<p class=\"wp-block-paragraph\">A\u00fan as\u00ed, el #1 asumi\u00f3 que cierra el s\u00e1bado sorprendido con el resultado, ya que no esperaba la pole ante las dificultades que tuvo durante el resto del fin de semana. &#8220;De hecho, me sorprendi\u00f3 positivamente estar en la pole despu\u00e9s de las dificultades que tuve en los entrenamientos&#8221;, se desahog\u00f3. &#8220;Normalmente, nuestro coche es mejor en carrera, as\u00ed que ya veremos&#8221;, cerr\u00f3.<\/p>\n\n\n\n<p class=\"wp-block-paragraph\">El GP de Bahr\u00e9in se disputa este domingo a las 18.00 horas [hora local, GMT+3].&nbsp;<strong>GRANDE PR\u00caMIO<\/strong>&nbsp;sigue todas las actividades en el circuito de&nbsp;<strong>Sakhir<\/strong>.<\/p>\n\n\n\n<p class=\"wp-block-paragraph\"><a href=\"https:\/\/grandepremio.com\/es\/\/f1\/guia-formula-1-equipos-pilotos-temporada-2023\/\"><strong>GU\u00cdA F1: Los equipos, los pilotos y los monoplazas de la temporada 2023<\/strong><\/a><\/p>\n","protected":false},"excerpt":{"rendered":"<p>Con 1min29s708, Max Verstappen se impuso en la clasificaci\u00f3n de este s\u00e1bado y se asegur\u00f3 la pole-position para la apertura de la temporada 2023 de F\u00f3rmula 1. El holand\u00e9s se mostr\u00f3 sorprendido con el resultado, ya que hab\u00eda sufrido a lo largo de los entrenamientos.<\/p>\n","protected":false},"author":0,"featured_media":1010128614,"comment_status":"closed","ping_status":"closed","sticky":false,"template":"","format":"standard","meta":{"42wp_featured_image_caption":"","42wp_featured_image_credits":"","42wp_featured_video":"","42wp_featured_image_hidden":false,"42wp_authors_list":[],"footnotes":""},"categories":[5],"tags":[2084,1519,181,1676,179,2369,2315,1488,2237,249,206,294],"42wp_author":[14234],"class_list":["post-20019","post","type-post","status-publish","format-standard","has-post-thumbnail","hentry","category-f1","tag-circuito-de-sakhir","tag-clasificacion-f1","tag-f1","tag-f1-2023","tag-formula-1","tag-formula-1-hoy","tag-gp-de-bahrein-2","tag-grande-premio","tag-grandepremio","tag-max-verstappen","tag-red-bull","tag-sergio-perez","42wp_author-douglas-rocha"],"_links":{"self":[{"href":"https:\/\/grandepremio.com\/es\/wp-json\/wp\/v2\/posts\/20019","targetHints":{"allow":["GET"]}}],"collection":[{"href":"https:\/\/grandepremio.com\/es\/wp-json\/wp\/v2\/posts"}],"about":[{"href":"https:\/\/grandepremio.com\/es\/wp-json\/wp\/v2\/types\/post"}],"replies":[{"embeddable":true,"href":"https:\/\/grandepremio.com\/es\/wp-json\/wp\/v2\/comments?post=20019"}],"version-history":[{"count":0,"href":"https:\/\/grandepremio.com\/es\/wp-json\/wp\/v2\/posts\/20019\/revisions"}],"wp:featuredmedia":[{"embeddable":true,"href":"https:\/\/grandepremio.com\/es\/wp-json\/wp\/v2\/media\/1010128614"}],"wp:attachment":[{"href":"https:\/\/grandepremio.com\/es\/wp-json\/wp\/v2\/media?parent=20019"}],"wp:term":[{"taxonomy":"category","embeddable":true,"href":"https:\/\/grandepremio.com\/es\/wp-json\/wp\/v2\/categories?post=20019"},{"taxonomy":"post_tag","embeddable":true,"href":"https:\/\/grandepremio.com\/es\/wp-json\/wp\/v2\/tags?post=20019"},{"taxonomy":"42wp_author","embeddable":true,"href":"https:\/\/grandepremio.com\/es\/wp-json\/wp\/v2\/42wp_author?post=20019"}],"curies":[{"name":"wp","href":"https:\/\/api.w.org\/{rel}","templated":true}]}}