{"id":20021,"date":"2023-03-04T12:40:11","date_gmt":"2023-03-04T15:40:11","guid":{"rendered":"https:\/\/grandepremio.com\/es\/2023\/03\/04\/aston-martin-elogia-impresionante-fernando-alonso\/"},"modified":"2023-03-04T12:40:14","modified_gmt":"2023-03-04T15:40:14","slug":"aston-martin-elogia-impresionante-fernando-alonso","status":"publish","type":"post","link":"https:\/\/grandepremio.com\/es\/f1\/aston-martin-elogia-impresionante-fernando-alonso\/","title":{"rendered":"Aston Martin elogia al &#8220;impresionante&#8221; Alonso y subraya: &#8220;Aport\u00f3 una energ\u00eda enorme&#8221;"},"content":{"rendered":"\n<p class=\"wp-block-paragraph\"><strong>Dan Fallows<\/strong> afirm\u00f3 que <strong>Fernando Alonso<\/strong> ha aportado una &#8220;enorme cantidad de energ\u00eda&#8221; a <strong>Aston Martin<\/strong>. El director t\u00e9cnico describi\u00f3 al bicampe\u00f3n de <strong>F\u00f3rmula 1<\/strong> como un &#8220;tipo impresionante&#8221; y subray\u00f3 que los ingenieros del equipo est\u00e1n encantados con los comentarios que les ha dado el espa\u00f1ol.<\/p>\n\n\n\n<p class=\"wp-block-paragraph\">Tras dos a\u00f1os en <strong>Alpine<\/strong>, Alonso lleg\u00f3 esta temporada a Aston Martin, su 19\u00aa en la <strong>F1<\/strong>. Pero, a sus 41 a\u00f1os, sigue impresionando por su motivaci\u00f3n.<\/p>\n\n\n\n<p class=\"wp-block-paragraph\"><strong><strong><strong>\u00a1Conoce el canal de Grande Pr\u00eamio en Espa\u00f1ol en\u00a0<a href=\"https:\/\/www.youtube.com\/channel\/UCDxWojGVUi9gWYhrY0pGbIQ\" target=\"_blank\" rel=\"noreferrer noopener\">YouTube<\/a>!<br>\u00a1Sigue a\u00a0Grande Pr\u00eamio en Espa\u00f1ol\u00a0en\u00a0<a href=\"https:\/\/twitter.com\/grandepremioES\" target=\"_blank\" rel=\"noreferrer noopener\">Twitter\u00a0<\/a>y en\u00a0<a href=\"https:\/\/www.instagram.com\/grandepremioes\/\" target=\"_blank\" rel=\"noreferrer noopener\">Instagram<\/a>!<\/strong><\/strong><\/strong><\/p>\n\n\n\n<p class=\"wp-block-paragraph\">&#8220;Est\u00e1 claro que es un tipo impresionante. Est\u00e1 incre\u00edblemente motivado, es incre\u00edblemente competitivo y ha aportado una enorme cantidad de energ\u00eda al equipo&#8221;, coment\u00f3 Fallows. &#8220;Estuvo impresionante desde el momento en que se subi\u00f3 al coche el a\u00f1o pasado y sus comentarios son los que cabr\u00eda esperar de alguien con su nivel de experiencia&#8221;, a\u00f1adi\u00f3.<\/p>\n\n\n\n<figure class=\"wp-block-image size-large\"><img decoding=\"async\" src=\"https:\/\/www.grandepremio.com\/br\/wp-content\/uploads\/2023\/03\/astonmartin-fernandoalonso-06-1024x683.jpg\" alt=\"\" class=\"wp-image-658033\"\/><figcaption class=\"wp-element-caption\">Fernando Alonso ya se ha ganado a todo el mundo en Aston Martin (Foto: Aston Martin)<\/figcaption><\/figure>\n\n\n\n<p class=\"wp-block-paragraph\">&#8220;Tiene la capacidad de diagnosticar los problemas del coche de una forma que a nosotros, como equipo de ingenieros, nos satisface much\u00edsimo&#8221;, subray\u00f3.<\/p>\n\n\n\n<p class=\"wp-block-paragraph\">Fallows tambi\u00e9n se\u00f1al\u00f3 las diferencias entre Alonso y <strong>Sebastian Vettel<\/strong> y destac\u00f3 que el espa\u00f1ol tiene un entusiasmo contagioso. &#8220;Son personas diferentes, sin duda. Pero creo que sabes que Fernando todav\u00eda tiene una gran cantidad de energ\u00eda&#8221;, compar\u00f3. &#8220;Todav\u00eda est\u00e1 muy, muy entusiasmado por competir y sigue diciendo que va a seguir todo el tiempo que pueda, as\u00ed que eso es muy contagioso&#8221;, subray\u00f3.<\/p>\n\n\n\n<p class=\"wp-block-paragraph\">&#8220;Fue estupendo para el equipo venir a saludar a la gente. Tambi\u00e9n tenemos varios espa\u00f1oles en el equipo, que estaban incre\u00edblemente emocionados con su llegada. As\u00ed que, s\u00ed, ha sido estupendo tenerle a bordo hasta ahora&#8221;, agreg\u00f3 el director t\u00e9cnico de Aston Martin.<\/p>\n\n\n\n<p class=\"wp-block-paragraph\">El GP de Bahr\u00e9in se disputa este domingo a las 18.00 horas [hora local, GMT+3]. <strong>GRANDE PR\u00caMIO<\/strong>\u00a0sigue todas las actividades en el circuito de <strong>Sakhir<\/strong>.<\/p>\n\n\n\n<p class=\"wp-block-paragraph\"><a href=\"https:\/\/grandepremio.com\/es\/\/f1\/guia-formula-1-equipos-pilotos-temporada-2023\/\"><strong>GU\u00cdA F1: Los equipos, los pilotos y los monoplazas de la temporada 2023<\/strong><\/a><\/p>\n","protected":false},"excerpt":{"rendered":"<p>Dan Fallows alab\u00f3 el entusiasmo del espa\u00f1ol y revel\u00f3 que el equipo de ingenieros de Aston Martin est\u00e1 encantado con los comentarios del bicampe\u00f3n de F\u00f3rmula 1.<\/p>\n","protected":false},"author":0,"featured_media":1010128596,"comment_status":"closed","ping_status":"closed","sticky":false,"template":"","format":"standard","meta":{"42wp_featured_image_caption":"","42wp_featured_image_credits":"","42wp_featured_video":"","42wp_featured_image_hidden":false,"42wp_authors_list":[],"footnotes":""},"categories":[5],"tags":[678,209,1519,1454,181,1676,184,179,2369,1488,2237],"42wp_author":[14234],"class_list":["post-20021","post","type-post","status-publish","format-standard","has-post-thumbnail","hentry","category-f1","tag-alpine","tag-aston-martin","tag-clasificacion-f1","tag-dan-fallows","tag-f1","tag-f1-2023","tag-fernando-alonso","tag-formula-1","tag-formula-1-hoy","tag-grande-premio","tag-grandepremio","42wp_author-douglas-rocha"],"_links":{"self":[{"href":"https:\/\/grandepremio.com\/es\/wp-json\/wp\/v2\/posts\/20021","targetHints":{"allow":["GET"]}}],"collection":[{"href":"https:\/\/grandepremio.com\/es\/wp-json\/wp\/v2\/posts"}],"about":[{"href":"https:\/\/grandepremio.com\/es\/wp-json\/wp\/v2\/types\/post"}],"replies":[{"embeddable":true,"href":"https:\/\/grandepremio.com\/es\/wp-json\/wp\/v2\/comments?post=20021"}],"version-history":[{"count":0,"href":"https:\/\/grandepremio.com\/es\/wp-json\/wp\/v2\/posts\/20021\/revisions"}],"wp:featuredmedia":[{"embeddable":true,"href":"https:\/\/grandepremio.com\/es\/wp-json\/wp\/v2\/media\/1010128596"}],"wp:attachment":[{"href":"https:\/\/grandepremio.com\/es\/wp-json\/wp\/v2\/media?parent=20021"}],"wp:term":[{"taxonomy":"category","embeddable":true,"href":"https:\/\/grandepremio.com\/es\/wp-json\/wp\/v2\/categories?post=20021"},{"taxonomy":"post_tag","embeddable":true,"href":"https:\/\/grandepremio.com\/es\/wp-json\/wp\/v2\/tags?post=20021"},{"taxonomy":"42wp_author","embeddable":true,"href":"https:\/\/grandepremio.com\/es\/wp-json\/wp\/v2\/42wp_author?post=20021"}],"curies":[{"name":"wp","href":"https:\/\/api.w.org\/{rel}","templated":true}]}}