{"id":20035,"date":"2023-03-03T16:40:40","date_gmt":"2023-03-03T19:40:40","guid":{"rendered":"https:\/\/grandepremio.com\/es\/2023\/03\/03\/formula-1-stroll-asegura-que-puede-conducir-en-bahrein-f1\/"},"modified":"2023-03-03T16:58:36","modified_gmt":"2023-03-03T19:58:36","slug":"formula-1-stroll-asegura-que-puede-conducir-en-bahrein-f1","status":"publish","type":"post","link":"https:\/\/grandepremio.com\/es\/f1\/formula-1-stroll-asegura-que-puede-conducir-en-bahrein-f1\/","title":{"rendered":"Stroll asegura que se encuentra bien y descarta ausencia en Bahrein: &#8220;Puedo conducir&#8221;"},"content":{"rendered":"\n<p class=\"wp-block-paragraph\">El sexto lugar de <strong>Lance Stroll<\/strong> en las segundas pr\u00e1cticas libres del <strong>GP de Bahrein<\/strong> tendr\u00edan otro significado en otro momento. Especialmente teniendo en cuenta la mejora de <strong>Aston Martin<\/strong> en el arranque de temporada de la <strong>F\u00f3rmula 1<\/strong>. Se pudo ver durante la transmisi\u00f3n al canadiense luchar por sujetar el volante de su <strong>AMR23<\/strong> en la recta, e incluso cambiando la posici\u00f3n de sus manos al momento de agarrar curvas. <\/p>\n\n\n\n<p class=\"wp-block-paragraph\">A ra\u00edz de este suceso muchas dudas surgieron sobre si realmente el canadiense <a href=\"https:\/\/grandepremio.com\/es\/\/f1\/aston-martin-confirma-presencia-lance-stroll-gp-bahrein\/\"><strong>est\u00e1 en estado<\/strong> para afrontar todo el fin de semana de carrera<\/a>.<\/p>\n\n\n\n<p class=\"wp-block-paragraph\">El piloto no escap\u00f3 a las preguntas tras las actividades en pista. <strong>Stroll<\/strong> a\u00fan se est\u00e1 recuperando de un accidente de moto <a href=\"https:\/\/grandepremio.com\/es\/\/f1\/formula-1-lance-stroll-es-operado-drugovich-espera\/\">sufrido poco antes de la pretemporada<\/a> que le provoc\u00f3 la <strong>fractura de ambas mu\u00f1ecas<\/strong>. El piloto se someti\u00f3 a una cirug\u00eda menor en su mu\u00f1eca derecha, pero <a href=\"https:\/\/grandepremio.com\/es\/\/f1\/aston-martin-confirma-presencia-lance-stroll-gp-bahrein\/\">fue autorizado para disputar la carrera el fin de semana<\/a> en Sakhir.<\/p>\n\n\n\n<p class=\"wp-block-paragraph\"><strong><strong>\u00a1Conoce el canal de Grande Pr\u00eamio en Espa\u00f1ol en&nbsp;<a href=\"https:\/\/www.youtube.com\/channel\/UCDxWojGVUi9gWYhrY0pGbIQ\" target=\"_blank\" rel=\"noreferrer noopener\">YouTube<\/a>!<br>\u00a1Sigue a&nbsp;Grande Pr\u00eamio en Espa\u00f1ol&nbsp;en&nbsp;<a href=\"https:\/\/twitter.com\/grandepremioES\" target=\"_blank\" rel=\"noreferrer noopener\">Twitter&nbsp;<\/a>y en&nbsp;<a href=\"https:\/\/www.instagram.com\/grandepremioes\/\" target=\"_blank\" rel=\"noreferrer noopener\">Instagram<\/a>!<\/strong><\/strong><\/p>\n\n\n\n<figure class=\"wp-block-image size-large\"><img decoding=\"async\" src=\"https:\/\/www.grandepremio.com\/br\/wp-content\/uploads\/2023\/03\/imagem_2023-03-03_132720372-1024x576.png\" alt=\"\" class=\"wp-image-657691\"\/><figcaption class=\"wp-element-caption\">Stroll saliendo del auto con ayuda de los mec\u00e1nicos: el canadiense descart\u00f3 no correr el GP de Bahrein (Foto: Reprodu\u00e7\u00e3o)<\/figcaption><\/figure>\n\n\n\n<p class=\"wp-block-paragraph\">&#8220;Me siento bien. Un poco estresado pero en general he estado bien en el auto&#8221;, asegur\u00f3 el hijo del propietario de <strong>Aston Martin<\/strong>, <a href=\"https:\/\/grandepremio.com\/es\/\/?s=lawrence+stroll\">Lawrence Stroll<\/a>. Consultado por si ten\u00eda dudas de poder terminar la carrera respondi\u00f3: &#8220;No, no. He protegido mis mu\u00f1ecas, as\u00ed que me siento un poco m\u00e1s c\u00f3modo. Siento que puedo conducir sin problemas&#8221;, asegur\u00f3.<\/p>\n\n\n\n<p class=\"wp-block-paragraph\">En la pista, <strong><a href=\"https:\/\/grandepremio.com\/es\/\/?s=aston+martin\">Aston Martin<\/a><\/strong> est\u00e1 pasando por una racha favorable. <strong>Fernando Alonso<\/strong> <a href=\"https:\/\/grandepremio.com\/es\/\/f1\/sergio-perez-primer-entrenamiento-gp-bahrein\/\">qued\u00f3 segundo<\/a> en la primera sesi\u00f3n y <a href=\"https:\/\/grandepremio.com\/es\/\/f1\/fernando-alonso-segundo-entrenamiento-bahrein-formula-1\/\">lider\u00f3 la segunda<\/a> dejando atr\u00e1s al d\u00fao de <strong>Red Bull<\/strong>. Stroll celebr\u00f3 el trabajo del equipo brit\u00e1nico. &#8220;Es incre\u00edble y la sensaci\u00f3n de estar en el coche tambi\u00e9n es genial. <strong>realmente ha sido un trabajo de primera<\/strong> por parte de todos&#8221;, a\u00f1adi\u00f3 sin descartar la posibilidad incluso de luchar por la primera fila en la calificaci\u00f3n.<\/p>\n\n\n\n<p class=\"wp-block-paragraph\">&#8220;<strong>Ser\u00eda incre\u00edble. Vamos a intentarlo<\/strong>&#8220;, concluy\u00f3 Stroll.<\/p>\n","protected":false},"excerpt":{"rendered":"<p>Lance Stroll tuvo dificultades al girar el volante de su auto durante la segunda tanda de pr\u00e1cticas en Bahrein. Sin embargo el piloto de Aston Martin asegura que puede correr este domingo.<\/p>\n","protected":false},"author":0,"featured_media":1010127958,"comment_status":"closed","ping_status":"closed","sticky":false,"template":"","format":"standard","meta":{"42wp_featured_image_caption":"","42wp_featured_image_credits":"","42wp_featured_video":"","42wp_featured_image_hidden":false,"42wp_authors_list":[],"footnotes":""},"categories":[5],"tags":[4309,209,1092,5798,181,1676,184,179,1488,2237,359],"42wp_author":[14235],"class_list":["post-20035","post","type-post","status-publish","format-standard","has-post-thumbnail","hentry","category-f1","tag-amr23","tag-aston-martin","tag-bahrein","tag-bahrein-f1-2023","tag-f1","tag-f1-2023","tag-fernando-alonso","tag-formula-1","tag-grande-premio","tag-grandepremio","tag-lance-stroll","42wp_author-barbara-mincioni"],"_links":{"self":[{"href":"https:\/\/grandepremio.com\/es\/wp-json\/wp\/v2\/posts\/20035","targetHints":{"allow":["GET"]}}],"collection":[{"href":"https:\/\/grandepremio.com\/es\/wp-json\/wp\/v2\/posts"}],"about":[{"href":"https:\/\/grandepremio.com\/es\/wp-json\/wp\/v2\/types\/post"}],"replies":[{"embeddable":true,"href":"https:\/\/grandepremio.com\/es\/wp-json\/wp\/v2\/comments?post=20035"}],"version-history":[{"count":0,"href":"https:\/\/grandepremio.com\/es\/wp-json\/wp\/v2\/posts\/20035\/revisions"}],"wp:featuredmedia":[{"embeddable":true,"href":"https:\/\/grandepremio.com\/es\/wp-json\/wp\/v2\/media\/1010127958"}],"wp:attachment":[{"href":"https:\/\/grandepremio.com\/es\/wp-json\/wp\/v2\/media?parent=20035"}],"wp:term":[{"taxonomy":"category","embeddable":true,"href":"https:\/\/grandepremio.com\/es\/wp-json\/wp\/v2\/categories?post=20035"},{"taxonomy":"post_tag","embeddable":true,"href":"https:\/\/grandepremio.com\/es\/wp-json\/wp\/v2\/tags?post=20035"},{"taxonomy":"42wp_author","embeddable":true,"href":"https:\/\/grandepremio.com\/es\/wp-json\/wp\/v2\/42wp_author?post=20035"}],"curies":[{"name":"wp","href":"https:\/\/api.w.org\/{rel}","templated":true}]}}