{"id":20052,"date":"2023-03-02T14:39:15","date_gmt":"2023-03-02T17:39:15","guid":{"rendered":"https:\/\/grandepremio.com\/es\/2023\/03\/02\/formula-1-stroll-se-siente-confiado-para-bahrein-f1\/"},"modified":"2023-03-02T14:39:51","modified_gmt":"2023-03-02T17:39:51","slug":"formula-1-stroll-se-siente-confiado-para-bahrein-f1","status":"publish","type":"post","link":"https:\/\/grandepremio.com\/es\/f1\/formula-1-stroll-se-siente-confiado-para-bahrein-f1\/","title":{"rendered":"Stroll reconoce estar sano y explica el misterio tras su lesi\u00f3n: &#8216;Fue un asunto privado&#8217;"},"content":{"rendered":"\n<p class=\"wp-block-paragraph\"><strong>Lance Stroll<\/strong> <a href=\"https:\/\/grandepremio.com\/es\/\/f1\/aston-martin-confirma-presencia-lance-stroll-gp-bahrein\/\">competir\u00e1 en el <strong>GP de Bahrein<\/strong> <\/a>este fin de semana. Tras dos semanas de mucho misterio debido a <a href=\"https:\/\/grandepremio.com\/es\/\/f1\/formula-1-lance-stroll-es-operado-drugovich-espera\/\">un accidente<\/a> que le provoc\u00f3 una fractura en la mu\u00f1eca derecha, el canadiense ha sido confirmado para participar en la carrera de <strong>Sakhir<\/strong>. Por eso, se ven frustrados los planes del brasile\u00f1o <strong>Felipe Drugovich<\/strong>, que <a href=\"https:\/\/grandepremio.com\/es\/\/f1\/felipe-drugovich-sustituye-lance-stroll-tests-formula-1\/\">hizo la pretemporada<\/a> y se encontraba a la expectativa de debutar en la <strong>F\u00f3rmula 1<\/strong>.<\/p>\n\n\n\n<p class=\"wp-block-paragraph\"><strong><a href=\"https:\/\/grandepremio.com\/es\/\/?s=lance+stroll\">Stroll<\/a><\/strong> ten\u00eda confirmada su participaci\u00f3n a poco m\u00e1s de 24 horas de la primera sesi\u00f3n de entrenamientos libres. Debido a la confirmaci\u00f3n, explic\u00f3 su decisi\u00f3n de correr en<strong> Sakhir<\/strong>. Desde que debut\u00f3 en la F1 en 2017, la \u00fanica ausencia de Lance en la parrilla fue en el <strong>GP de Eifel de 2020<\/strong>, cuando se le diagnostic\u00f3 Covid-19 y fue sustitu\u00eddo por <strong>Nico H\u00fclkenberg<\/strong> en <strong><a href=\"https:\/\/grandepremio.com\/es\/\/?s=racing+point\">Racing Point<\/a><\/strong>.<\/p>\n\n\n\n<p class=\"wp-block-paragraph\">&#8220;<strong>Quiero tener todas las oportunidades de correr<\/strong>. Si siento que estoy lo suficientemente sano para correr con molestias, lo har\u00e9. Somos atletas profesionales. En todos los deportes a veces sufrimos molestias. Si sintiera que no es una decisi\u00f3n inteligente, que tiene riesgos o que mis huesos no est\u00e1n preparados, no lo har\u00eda. <a href=\"https:\/\/grandepremio.com\/es\/\/?s=f1+2023\">La temporada de F1<\/a> es larga, hay 23 carreras, no se trata s\u00f3lo de Bahrein. Pero <strong>me siento confiado<\/strong>, los m\u00e9dicos se sienten confiados, y aqu\u00ed estoy&#8221;, declar\u00f3 Stroll a los periodistas en la jornada de actividades para los medios de comunicaci\u00f3n en <strong>Bahrein<\/strong>.<\/p>\n\n\n\n<p class=\"wp-block-paragraph\"><strong><strong>\u00a1Conoce el canal de Grande Pr\u00eamio en Espa\u00f1ol en\u00a0<a href=\"https:\/\/www.youtube.com\/channel\/UCDxWojGVUi9gWYhrY0pGbIQ\" target=\"_blank\" rel=\"noreferrer noopener\">YouTube<\/a>!<br>\u00a1Sigue a\u00a0Grande Pr\u00eamio en Espa\u00f1ol\u00a0en\u00a0<a href=\"https:\/\/twitter.com\/grandepremioES\" target=\"_blank\" rel=\"noreferrer noopener\">Twitter\u00a0<\/a>y en\u00a0<a href=\"https:\/\/www.instagram.com\/grandepremioes\/\" target=\"_blank\" rel=\"noreferrer noopener\">Instagram<\/a>!<\/strong><\/strong><\/p>\n\n\n\n<figure class=\"wp-block-image size-full\"><img decoding=\"async\" src=\"https:\/\/www.grandepremio.com\/br\/wp-content\/uploads\/2023\/02\/Stroll-em-Barcelona-e1677498756106.jpg\" alt=\"\" class=\"wp-image-656125\"\/><figcaption class=\"wp-element-caption\">Stroll en el aeropuerto de Barcelona. (Foto: Reprodu\u00e7\u00e3o\/@crosaleny)<\/figcaption><\/figure>\n\n\n\n<p class=\"wp-block-paragraph\">El canadiense tambi\u00e9n explic\u00f3 el proceso de evoluci\u00f3n de su lesi\u00f3n, que fue <strong>mejorando d\u00eda a d\u00eda<\/strong>. Tambi\u00e9n la preparaci\u00f3n en el simulador de <strong><a href=\"https:\/\/grandepremio.com\/es\/\/?s=aston+martin\">Aston Martin<\/a><\/strong> fue esencial para que el canadiense tuviera la seguridad de que podr\u00eda correr en <strong>Sakhir<\/strong>.<\/p>\n\n\n\n<p class=\"wp-block-paragraph\">&#8220;Fue una mejora d\u00eda a d\u00eda. Con las lesiones siempre es dif\u00edcil decirlo. No tienes una respuesta clara de cu\u00e1nto tiempo tarda. Los primeros d\u00edas fueron dif\u00edciles, <strong>parec\u00eda que iba a ser dif\u00edcil pero los \u00faltimos cuatro o cinco d\u00edas, ha ido mejorando d\u00eda a d\u00eda<\/strong>. Todav\u00eda me quedan 20 horas o as\u00ed, as\u00ed que cualquier minuto, cualquier hora cuenta y <strong>ayer me sent\u00ed bien en el simulador<\/strong>. Cada movimiento me sienta bien&#8221;, continu\u00f3.<\/p>\n\n\n\n<p class=\"wp-block-paragraph\">Por \u00faltimo, <strong>Stroll<\/strong> tambi\u00e9n aclar\u00f3 la falta de transparencia en las noticias sobre la lesi\u00f3n. <strong>Aston Martin<\/strong> no hizo comentarios sobre su salud limit\u00e1ndose a realizar intervenciones para avisar de la disponibilidad de <strong><a href=\"https:\/\/grandepremio.com\/es\/\/?s=felipe+drugovich\">Drugovich<\/a><\/strong> en<strong> Sakhir<\/strong>.<\/p>\n\n\n\n<p class=\"wp-block-paragraph\">&#8220;Era un asunto privado, ya estaba lidiando con muchas cosas. Estaban pasando muchas cosas, iba a pasar por el quir\u00f3fano, <strong>estaba lidiando con la recuperaci\u00f3n<\/strong>. No ten\u00eda una respuesta clara de cu\u00e1nto tardar\u00eda en recuperarme. Estaba centrado y motivado en llegar a Bahrein, que era donde ten\u00eda la cabeza&#8221;, finaliz\u00f3.<\/p>\n\n\n\n<p class=\"wp-block-paragraph\">El <strong><a href=\"https:\/\/grandepremio.com\/es\/\/?s=bahrein+2023\">GP de Bahrein<\/a><\/strong> se celebra en el <strong>Circuito Internacional de Sakhir<\/strong> entre el <strong>3 y el 5 de marzo<\/strong>.<\/p>\n","protected":false},"excerpt":{"rendered":"<p>Lance Stroll correr\u00e1 en Bahrein y explic\u00f3 la mejor\u00eda d\u00eda a d\u00eda de su mu\u00f1eca derecha tras la ca\u00edda. El canadiense realiz\u00f3 pruebas en el simulador a pesar de los d\u00edas complicados.<\/p>\n","protected":false},"author":0,"featured_media":1010127558,"comment_status":"closed","ping_status":"closed","sticky":false,"template":"","format":"standard","meta":{"42wp_featured_image_caption":"","42wp_featured_image_credits":"","42wp_featured_video":"","42wp_featured_image_hidden":false,"42wp_authors_list":[],"footnotes":""},"categories":[5],"tags":[209,5624,181,1676,179,1488,3438,2237,359],"42wp_author":[14235],"class_list":["post-20052","post","type-post","status-publish","format-standard","has-post-thumbnail","hentry","category-f1","tag-aston-martin","tag-aston-martin-amr23","tag-f1","tag-f1-2023","tag-formula-1","tag-grande-premio","tag-grande-premio-en-espanol","tag-grandepremio","tag-lance-stroll","42wp_author-barbara-mincioni"],"_links":{"self":[{"href":"https:\/\/grandepremio.com\/es\/wp-json\/wp\/v2\/posts\/20052","targetHints":{"allow":["GET"]}}],"collection":[{"href":"https:\/\/grandepremio.com\/es\/wp-json\/wp\/v2\/posts"}],"about":[{"href":"https:\/\/grandepremio.com\/es\/wp-json\/wp\/v2\/types\/post"}],"replies":[{"embeddable":true,"href":"https:\/\/grandepremio.com\/es\/wp-json\/wp\/v2\/comments?post=20052"}],"version-history":[{"count":0,"href":"https:\/\/grandepremio.com\/es\/wp-json\/wp\/v2\/posts\/20052\/revisions"}],"wp:featuredmedia":[{"embeddable":true,"href":"https:\/\/grandepremio.com\/es\/wp-json\/wp\/v2\/media\/1010127558"}],"wp:attachment":[{"href":"https:\/\/grandepremio.com\/es\/wp-json\/wp\/v2\/media?parent=20052"}],"wp:term":[{"taxonomy":"category","embeddable":true,"href":"https:\/\/grandepremio.com\/es\/wp-json\/wp\/v2\/categories?post=20052"},{"taxonomy":"post_tag","embeddable":true,"href":"https:\/\/grandepremio.com\/es\/wp-json\/wp\/v2\/tags?post=20052"},{"taxonomy":"42wp_author","embeddable":true,"href":"https:\/\/grandepremio.com\/es\/wp-json\/wp\/v2\/42wp_author?post=20052"}],"curies":[{"name":"wp","href":"https:\/\/api.w.org\/{rel}","templated":true}]}}