{"id":20057,"date":"2023-03-02T12:23:55","date_gmt":"2023-03-02T15:23:55","guid":{"rendered":"https:\/\/grandepremio.com\/es\/2023\/03\/02\/formula-1-bottas-alfa-romeo-mas-estable-f1-2023\/"},"modified":"2023-03-02T12:23:58","modified_gmt":"2023-03-02T15:23:58","slug":"formula-1-bottas-alfa-romeo-mas-estable-f1-2023","status":"publish","type":"post","link":"https:\/\/grandepremio.com\/es\/f1\/formula-1-bottas-alfa-romeo-mas-estable-f1-2023\/","title":{"rendered":"Bottas reconoce que el desequilibrio de Alfa Romeo se ha &#8220;resuelto al 50%&#8221;"},"content":{"rendered":"\n<p class=\"wp-block-paragraph\">El a\u00f1o pasado <strong>Alfa Romeo<\/strong> tuvo <strong>problemas con la estabilidad en la parte trasera del coche al ir a alta velocidad<\/strong>. Sin embargo el problema parece estar cerca de resolverse seg\u00fan <strong>Valtteri Bottas<\/strong>. Tras las pruebas de pretemporada el finland\u00e9s explic\u00f3 su percepci\u00f3n de los progresos realizados con el nuevo auto en este aspecto.<\/p>\n\n\n\n<p class=\"wp-block-paragraph\">Ya el primer d\u00eda el <a href=\"https:\/\/grandepremio.com\/es\/\/f1\/formula-1-bottas-alfa-romeo-un-paso-adelante\/\">finland\u00e9s<\/a> expres\u00f3 que &#8220;claramente <strong>la parte trasera del coche se ha vuelto m\u00e1s estable<\/strong>, especialmente en curvas de alta velocidad, eso es bueno&#8221;. Al t\u00e9rmino de la pretemporada reafirm\u00f3 esta comparaci\u00f3n con el auto anterior.<\/p>\n\n\n\n<p class=\"wp-block-paragraph\">&#8220;Es mucho mejor que el del a\u00f1o pasado. Sigue habiendo una tendencia a que el coche sea un poco neutro en las curvas de alta velocidad, pero en las de baja velocidad es estable. Todav\u00eda hay un poco de diferencia pero yo dir\u00eda que <strong>es al menos un 50% mejor que el a\u00f1o pasado<\/strong>. Lo que nos abre muchas opciones para configurar el coche&#8221;, asegur\u00f3.<\/p>\n\n\n\n<p class=\"wp-block-paragraph\"><strong><strong>\u00a1Conoce el canal de Grande Pr\u00eamio en Espa\u00f1ol en\u00a0<a href=\"https:\/\/www.youtube.com\/channel\/UCDxWojGVUi9gWYhrY0pGbIQ\" target=\"_blank\" rel=\"noreferrer noopener\">YouTube<\/a>!<br>\u00a1Sigue a\u00a0Grande Pr\u00eamio en Espa\u00f1ol\u00a0en\u00a0<a href=\"https:\/\/twitter.com\/grandepremioES\" target=\"_blank\" rel=\"noreferrer noopener\">Twitter\u00a0<\/a>y en\u00a0<a href=\"https:\/\/www.instagram.com\/grandepremioes\/\" target=\"_blank\" rel=\"noreferrer noopener\">Instagram<\/a>!<\/strong><\/strong><\/p>\n\n\n\n<figure class=\"wp-block-image size-large\"><img decoding=\"async\" src=\"https:\/\/www.grandepremio.com\/br\/wp-content\/uploads\/2023\/02\/alfaromeo-valtteribottas-01-1-1024x683.jpg\" alt=\"\" class=\"wp-image-655491\"\/><figcaption class=\"wp-element-caption\">Bottas elogi\u00f3 el C43 durante los tests de pretemporada en Bahrein (Foto: Alfa Romeo)<\/figcaption><\/figure>\n\n\n\n<p class=\"wp-block-paragraph\">En la presentaci\u00f3n del <strong>C43<\/strong>, el director t\u00e9cnico del equipo <strong>Jan Monchaux <\/strong>coment\u00f3 c\u00f3mo fue el trabajo realizado para solucionar el problema.<\/p>\n\n\n\n<p class=\"wp-block-paragraph\">&#8220;Nos centramos principalmente en la parte trasera del coche, donde quer\u00edamos ser lo suficientemente valientes como para dar el siguiente paso en t\u00e9rminos de desarrollo puro. Eso abri\u00f3 la puerta <strong>a muchas otras soluciones que no pudimos aplicar el a\u00f1o pasado<\/strong>&#8220;, admiti\u00f3.<\/p>\n\n\n\n<p class=\"wp-block-paragraph\">&#8220;El concepto que seguimos el a\u00f1o pasado ha alcanzado una meseta. Y para desbloquear el siguiente nivel de rendimiento tuvimos que hacer todos estos cambios&#8221;, continu\u00f3. &#8220;Ha sido todo un viaje para nosotros porque <strong>hemos tenido que rehacer piezas grandes y complejas<\/strong>. Nos esforzamos mucho en la segunda parte del coche mientras que la parte delantera se desarrolla durante la temporada&#8221;, aclar\u00f3.<\/p>\n\n\n\n<figure class=\"wp-block-image size-large\"><img decoding=\"async\" src=\"https:\/\/www.grandepremio.com\/br\/wp-content\/uploads\/2023\/02\/alfaromeo-valtteribottas-02-1-1024x683.jpg\" alt=\"\" class=\"wp-image-655492\"\/><figcaption class=\"wp-element-caption\">Alfa Romeo trabaj\u00f3 para mejorar la estabilidad del coche durante el desarrollo del C43 (Foto: Alfa Romeo)<\/figcaption><\/figure>\n\n\n\n<p class=\"wp-block-paragraph\"><strong>El resultado ha sido una mejora considerable sin grandes limitaciones<\/strong> y con un coche que proporciona una conducci\u00f3n agradable, seg\u00fan <strong><a href=\"https:\/\/grandepremio.com\/es\/\/f1\/valtteri-bottas-estetica-c43-formula-1\/\">Bottas<\/a><\/strong>. El piloto afronta su segunda temporada en <strong><a href=\"https:\/\/grandepremio.com\/es\/\/?s=alfa+romeo\">Alfa Romeo<\/a><\/strong>.<\/p>\n\n\n\n<p class=\"wp-block-paragraph\">&#8220;Lo principal son las sensaciones con el auto. He podido sentir <strong>que hemos conseguido las mejoras que quer\u00edamos<\/strong> para este a\u00f1o. <strong>La estabilidad del coche es mucho mejor <\/strong>y hemos ganado mucha m\u00e1s confianza en \u00e9l. No hemos encontrado grandes limitaciones. En este circuito siempre hay que encontrar un poco de equilibrio, pero no hab\u00eda nada fundamentalmente malo en el coche. Creo que <strong>hemos conseguido una buena puesta a punto en estos tres d\u00edas<\/strong>, as\u00ed que el coche es muy bueno de conducir&#8221;, sostuvo el piloto de 33 a\u00f1os.<\/p>\n\n\n\n<p class=\"wp-block-paragraph\"><strong>Bottas<\/strong> tambi\u00e9n se mostr\u00f3 confiado de cara a la temporada tras los alentadores resultados en los tests. &#8220;Estamos muy bien preparados y tengo m\u00e1s confianza que el a\u00f1o pasado, porque los test de 2022 no fueron muy satisfactorios. Siento que estamos en un buen lugar despu\u00e9s de las pruebas&#8221;, finaliz\u00f3.<\/p>\n\n\n\n<p class=\"wp-block-paragraph\">La<strong> F\u00f3rmula 1<\/strong> regresa este fin de semana con la primera carrera de la <a href=\"https:\/\/grandepremio.com\/es\/\/?s=f1+2023\">temporada 2023<\/a> en <strong>Bahrein<\/strong>. <\/p>\n","protected":false},"excerpt":{"rendered":"<p>Tras la pretemporada, Valtteri Bottas se mostr\u00f3 optimista sobre el auto. Esto se debe a una mayor estabilidad en la parte trasera en comparaci\u00f3n a la poca fiabilidad del a\u00f1o pasado.<\/p>\n","protected":false},"author":0,"featured_media":1010127334,"comment_status":"closed","ping_status":"closed","sticky":false,"template":"","format":"standard","meta":{"42wp_featured_image_caption":"","42wp_featured_image_credits":"","42wp_featured_video":"","42wp_featured_image_hidden":false,"42wp_authors_list":[],"footnotes":""},"categories":[5],"tags":[295,5181,5172,181,179,1488,3438,2237,252],"42wp_author":[14235],"class_list":["post-20057","post","type-post","status-publish","format-standard","has-post-thumbnail","hentry","category-f1","tag-alfa-romeo","tag-alfa-romeo-c43","tag-c43","tag-f1","tag-formula-1","tag-grande-premio","tag-grande-premio-en-espanol","tag-grandepremio","tag-valtteri-bottas","42wp_author-barbara-mincioni"],"_links":{"self":[{"href":"https:\/\/grandepremio.com\/es\/wp-json\/wp\/v2\/posts\/20057","targetHints":{"allow":["GET"]}}],"collection":[{"href":"https:\/\/grandepremio.com\/es\/wp-json\/wp\/v2\/posts"}],"about":[{"href":"https:\/\/grandepremio.com\/es\/wp-json\/wp\/v2\/types\/post"}],"replies":[{"embeddable":true,"href":"https:\/\/grandepremio.com\/es\/wp-json\/wp\/v2\/comments?post=20057"}],"version-history":[{"count":0,"href":"https:\/\/grandepremio.com\/es\/wp-json\/wp\/v2\/posts\/20057\/revisions"}],"wp:featuredmedia":[{"embeddable":true,"href":"https:\/\/grandepremio.com\/es\/wp-json\/wp\/v2\/media\/1010127334"}],"wp:attachment":[{"href":"https:\/\/grandepremio.com\/es\/wp-json\/wp\/v2\/media?parent=20057"}],"wp:term":[{"taxonomy":"category","embeddable":true,"href":"https:\/\/grandepremio.com\/es\/wp-json\/wp\/v2\/categories?post=20057"},{"taxonomy":"post_tag","embeddable":true,"href":"https:\/\/grandepremio.com\/es\/wp-json\/wp\/v2\/tags?post=20057"},{"taxonomy":"42wp_author","embeddable":true,"href":"https:\/\/grandepremio.com\/es\/wp-json\/wp\/v2\/42wp_author?post=20057"}],"curies":[{"name":"wp","href":"https:\/\/api.w.org\/{rel}","templated":true}]}}