{"id":20067,"date":"2023-03-01T10:58:40","date_gmt":"2023-03-01T13:58:40","guid":{"rendered":"https:\/\/grandepremio.com\/es\/2023\/03\/01\/susie-wolff-asume-cargo-directora-f1-academy-1\/"},"modified":"2023-03-01T13:39:34","modified_gmt":"2023-03-01T16:39:34","slug":"susie-wolff-asume-cargo-directora-f1-academy-1","status":"publish","type":"post","link":"https:\/\/grandepremio.com\/es\/f1-academy\/susie-wolff-asume-cargo-directora-f1-academy-1\/","title":{"rendered":"Susie Wolff da un nuevo paso y asume el cargo de directora de la F1 Academy"},"content":{"rendered":"\n<p class=\"wp-block-paragraph\">En noviembre, la<strong> F\u00f3rmula 1<\/strong> anunci\u00f3 el lanzamiento de la <a href=\"https:\/\/grandepremio.com\/es\/\/f1-academy\/\" target=\"_blank\" rel=\"noreferrer noopener\">F1 Academy:<\/a> una nueva categor\u00eda exclusivamente femenina que debutar\u00e1 en 2023 y que tiene como objetivo ayudar a desarrollar j\u00f3venes pilotos femeninas para otros niveles de competici\u00f3n como las <strong>W Series<\/strong>, la<strong> F\u00f3rmula 1<\/strong>, la<strong> F\u00f3rmula 2<\/strong> y la <strong>F\u00f3rmula 3<\/strong>. Y <strong>Susie Wolff<\/strong> ser\u00e1 la directora general de la categor\u00eda.<\/p>\n\n\n\n<p class=\"wp-block-paragraph\">Susie tiene una amplia experiencia en el automovilismo: fue piloto de pruebas y desarrollo de <strong>Williams<\/strong>, compiti\u00f3 en el <strong>DTM<\/strong> y, m\u00e1s recientemente, en 2018, asumi\u00f3 el cargo de responsable de <strong>Venturi <\/strong>en la <strong>F\u00f3rmula E<\/strong> hasta el a\u00f1o pasado. En esos a\u00f1os, la brit\u00e1nica siempre ha abogado por la inclusi\u00f3n y una mayor participaci\u00f3n de las mujeres en el automovilismo.<\/p>\n\n\n\n<p class=\"wp-block-paragraph\">Ahora, al frente de <strong>F1 Academy<\/strong>, <strong>Susie <\/strong>ser\u00e1 la responsable de liderar el desarrollo de talentos para crear una v\u00eda de acceso a las categor\u00edas del &#8216;universo <strong>F\u00f3rmula 1&#8242;<\/strong>. Reportar\u00e1 directamente al jefe, <strong>Stefano Domenicali.<\/strong><\/p>\n\n\n\n<p class=\"wp-block-paragraph\"><strong><strong>\u00a1Conoce el canal de Grande Pr\u00eamio en Espa\u00f1ol en&nbsp;<a href=\"https:\/\/www.youtube.com\/channel\/UCDxWojGVUi9gWYhrY0pGbIQ\" target=\"_blank\" rel=\"noreferrer noopener\">YouTube<\/a>!<br>\u00a1Sigue a&nbsp;Grande Pr\u00eamio en Espa\u00f1ol&nbsp;en&nbsp;<a href=\"https:\/\/twitter.com\/grandepremioES\" target=\"_blank\" rel=\"noreferrer noopener\">Twitter&nbsp;<\/a>y en&nbsp;<a href=\"https:\/\/www.instagram.com\/grandepremioes\/\" target=\"_blank\" rel=\"noreferrer noopener\">Instagram<\/a>!<\/strong><\/strong><\/p>\n\n\n\n<figure class=\"wp-block-image size-large\"><img decoding=\"async\" src=\"https:\/\/www.grandepremio.com\/br\/wp-content\/uploads\/2022\/05\/406619_1012280__j6i9482-1024x683.jpg\" alt=\"\" class=\"wp-image-566376\"\/><figcaption class=\"wp-element-caption\">Objetivo \u00e9 pavimentar caminho para mulheres chegarem \u00e0s categorias maiores (Foto: W Series)<\/figcaption><\/figure>\n\n\n\n<p class=\"wp-block-paragraph\">&#8220;La <strong>F1 Academy<\/strong> es una oportunidad para impulsar un verdadero cambio en nuestra industria, creando el mejor marco para encontrar y cultivar el talento femenino en su camino hacia los niveles de \u00e9lite del automovilismo, tanto dentro como fuera de la pista. Queda mucho trabajo por hacer, pero tambi\u00e9n hay una clara determinaci\u00f3n de conseguirlo. Al hacerlo, creo que la <strong>F1 Academy<\/strong> puede representar algo m\u00e1s all\u00e1 de las carreras. Puede inspirar a mujeres de todo el mundo a perseguir sus sue\u00f1os y darse cuenta de que con talento, pasi\u00f3n y determinaci\u00f3n, no hay l\u00edmite a lo que pueden conseguir&#8221;, dijo <strong>Wolff<\/strong>.<\/p>\n\n\n\n<p class=\"wp-block-paragraph\">&#8220;<strong>Susie <\/strong>tiene una gran experiencia y conocimientos de primera mano que nos ser\u00e1n de gran utilidad a todos. Estamos comprometidos a ofrecer oportunidades para que todo el mundo alcance su verdadero potencial y haga realidad sus sue\u00f1os. Creemos que<strong> F1 Academy<\/strong> es una parte importante de nuestros planes para ser un deporte m\u00e1s diverso e inclusivo&#8221;, a\u00f1adi\u00f3 <strong>Domenicali<\/strong>.<\/p>\n\n\n\n<p class=\"wp-block-paragraph\"><strong>ART<\/strong>, <strong>Campos<\/strong>, <strong>Carlin<\/strong>, <strong>MP <\/strong>y <strong>Prema <\/strong>&#8211; nombres alineados en <strong>F2 <\/strong>y <strong>F3 <\/strong>&#8211; son los equipos confirmados. En total, habr\u00e1 15 competidoras, lo que significa que cada equipo podr\u00e1 inscribir tres coches. La primera temporada tendr\u00e1 siete eventos en formato de triple manga, con un total de 21 carreras, adem\u00e1s de otros 15 d\u00edas de pruebas oficiales. La competici\u00f3n comienza el 28 de abril en <strong>Austria<\/strong>.<\/p>\n","protected":false},"excerpt":{"rendered":"<p>Susie Wolff ser\u00e1 la directora de la F1 Academy, una nueva categor\u00eda exclusivamente femenina cuyo objetivo es ayudar a desarrollar j\u00f3venes pilotos femeninas.<\/p>\n","protected":false},"author":0,"featured_media":1010127118,"comment_status":"closed","ping_status":"closed","sticky":false,"template":"","format":"standard","meta":{"42wp_featured_image_caption":"","42wp_featured_image_credits":"","42wp_featured_video":"","42wp_featured_image_hidden":false,"42wp_authors_list":[],"footnotes":""},"categories":[35],"tags":[205,5914,181,1676,3989,5588,179,2236,3438,2237,5913,766,1030,767],"42wp_author":[14233],"class_list":["post-20067","post","type-post","status-publish","format-standard","has-post-thumbnail","hentry","category-f1-academy","tag-austria","tag-directora-f1-academy","tag-f1","tag-f1-2023","tag-f1-academy","tag-f1-academy-2023","tag-formula-1","tag-grande-premio-2","tag-grande-premio-en-espanol","tag-grandepremio","tag-mujeres-piloto","tag-susie-wolff","tag-w-series","tag-wolff","42wp_author-eric-calduch"],"_links":{"self":[{"href":"https:\/\/grandepremio.com\/es\/wp-json\/wp\/v2\/posts\/20067","targetHints":{"allow":["GET"]}}],"collection":[{"href":"https:\/\/grandepremio.com\/es\/wp-json\/wp\/v2\/posts"}],"about":[{"href":"https:\/\/grandepremio.com\/es\/wp-json\/wp\/v2\/types\/post"}],"replies":[{"embeddable":true,"href":"https:\/\/grandepremio.com\/es\/wp-json\/wp\/v2\/comments?post=20067"}],"version-history":[{"count":0,"href":"https:\/\/grandepremio.com\/es\/wp-json\/wp\/v2\/posts\/20067\/revisions"}],"wp:featuredmedia":[{"embeddable":true,"href":"https:\/\/grandepremio.com\/es\/wp-json\/wp\/v2\/media\/1010127118"}],"wp:attachment":[{"href":"https:\/\/grandepremio.com\/es\/wp-json\/wp\/v2\/media?parent=20067"}],"wp:term":[{"taxonomy":"category","embeddable":true,"href":"https:\/\/grandepremio.com\/es\/wp-json\/wp\/v2\/categories?post=20067"},{"taxonomy":"post_tag","embeddable":true,"href":"https:\/\/grandepremio.com\/es\/wp-json\/wp\/v2\/tags?post=20067"},{"taxonomy":"42wp_author","embeddable":true,"href":"https:\/\/grandepremio.com\/es\/wp-json\/wp\/v2\/42wp_author?post=20067"}],"curies":[{"name":"wp","href":"https:\/\/api.w.org\/{rel}","templated":true}]}}